{"id":1008,"date":"2025-03-28T10:24:34","date_gmt":"2025-03-28T10:24:34","guid":{"rendered":"https:\/\/covenantarian.org\/u\/?p=1008"},"modified":"2025-03-28T10:24:34","modified_gmt":"2025-03-28T10:24:34","slug":"lecturas-del-convenio-unido-para-el-viernes-28-de-marzo-2025","status":"publish","type":"post","link":"https:\/\/covenantarian.org\/u\/lecturas-del-leccionario\/lecturas-del-convenio-unido-para-el-viernes-28-de-marzo-2025\/","title":{"rendered":"Lecturas del Convenio Unido para el Viernes, 28 de Marzo, 2025"},"content":{"rendered":"<div class=\"entry\">\n<p><span style=\"font-size: 21px; font-family: georgia, palatino; color: #000000;\"><strong>Giliana Kudsha<\/strong><\/span><\/p>\n<p><span style=\"font-family: georgia, palatino; font-size: 21px; color: #000000;\"><b>Los Mandamientos no son Demasiado Dif\u00edciles<\/b><\/span><\/p>\n<p><span style=\"font-family: georgia, palatino; font-size: 21px; color: #000000;\">Los mandamientos del Padre no son demasiado dif\u00edciles de observar, pero para algunos del Remanente, no son capaces de cumplirlos a la perfecci\u00f3n. El Padre es consciente de los que se esfuerzan por la perfecci\u00f3n y de los que practican la farsa religiosa. No os encontr\u00e9is entre estos \u00faltimos.<\/span><\/p>\n<p><span style=\"font-family: georgia, palatino; font-size: 21px; color: #000000;\">Las leyes universales se han dado como un est\u00e1ndar para la evaluaci\u00f3n de la humanidad, pero los mandamientos se han dado como un est\u00e1ndar para la evaluaci\u00f3n del Remanente.<\/span><\/p>\n<p><span style=\"font-family: georgia, palatino; font-size: 21px; color: #000000;\">Mis amados hermanos y hermanas, no llor\u00e9is porque no pod\u00e9is cumplir todos los mandamientos del Padre. Mi Padre que est\u00e1 en los cielos conoce vuestro coraz\u00f3n y sabe cu\u00e1les son vuestras capacidades. Haced todo lo posible por cumplir todo lo que pod\u00e1is, y \u00c9l os evaluar\u00e1 seg\u00fan Su conocimiento, y no seg\u00fan vuestra debilidad.<\/span><\/p>\n<p align=\"JUSTIFY\"><span style=\"font-family: georgia, palatino; font-size: 21px; color: #000000;\">Estad en paz y sabed que el Padre ama a cada uno de vosotros. \u00c9l os conoce individualmente y el juicio se hace conforme a Su propia sabidur\u00eda.<\/span><\/p>\n<p lang=\"es-ES\" align=\"LEFT\">\n<p lang=\"es-ES\" align=\"LEFT\"><span style=\"font-family: Georgia, serif;\"><span style=\"font-size: 21px;\"><b>Ense\u00f1anzas de la Luz Cap\u00edtulo 55:<\/b><\/span><\/span><\/p>\n<p lang=\"es-ES\" align=\"LEFT\"><span style=\"font-family: Georgia, serif;\"><span style=\"font-size: 21px;\"><i>Monjes y Monjas<\/i><\/span><\/span><\/p>\n<p lang=\"es-ES\" align=\"LEFT\"><span style=\"font-family: Georgia, serif;\"><span style=\"font-size: 21px;\"><sup>1<\/sup> Respecto a los monjes y monjas, una persona no est\u00e1 obligada a permanecer soltero o soltera para convertirse en un monje o monja. <\/span><\/span><\/p>\n<p lang=\"es-ES\" align=\"LEFT\"><span style=\"font-family: Georgia, serif;\"><span style=\"font-size: 21px;\"><sup>2 <\/sup>\u00c9l o ella puede querer tomar la vocaci\u00f3n durante un cierto periodo de tiempo. <\/span><\/span><\/p>\n<p lang=\"es-ES\" align=\"LEFT\"><span style=\"font-family: Georgia, serif;\"><span style=\"font-size: 21px;\"><sup>3 <\/sup>La virginidad no es un requisito para los que inician una vida en el monasterio o en el convento. <\/span><\/span><\/p>\n<p lang=\"es-ES\" align=\"LEFT\"><span style=\"font-family: Georgia, serif;\"><span style=\"font-size: 21px;\"><sup>4<\/sup> Los monjes y monjas que no est\u00e1n casados o casadas pueden buscar otros medios para aliviar la tensi\u00f3n sexual.<\/span><\/span><\/p>\n<p>&nbsp;<\/p>\n<p lang=\"es-ES\" align=\"LEFT\"><span style=\"font-family: Georgia, serif;\"><span style=\"font-size: 21px;\"><strong>El Libro de la Verdad, La Muerte de Zacar\u00edas, 135:2:<\/strong><\/span><\/span><\/p>\n<p lang=\"es-ES\" align=\"LEFT\"><strong><span style=\"font-family: Georgia, serif;\"><span style=\"font-size: 21px;\">2. La Muerte de Zacar\u00edas<\/span><\/span><\/strong><\/p>\n<p lang=\"es-ES\" align=\"LEFT\"><span style=\"font-family: Georgia, serif;\"><span style=\"font-size: 21px;\">135:2.1<\/span><\/span><\/p>\n<p lang=\"es-ES\" align=\"LEFT\"><span style=\"font-family: Georgia, serif;\"><span style=\"font-size: 21px;\">Despu\u00e9s de una enfermedad que dur\u00f3 varios meses, Zacar\u00edas muri\u00f3 en julio del a\u00f1o 12 d. de J. C., cuando Juan apenas contaba dieciocho a\u00f1os. Fue \u00e9ste un momento de gran desconcierto para Juan puesto que el voto nazareo le prohib\u00eda todo contacto con los muertos, incluso con los de la propia familia. Aunque Juan intent\u00f3 cumplir con las restricciones inherentes a su voto en cuanto a la contaminaci\u00f3n de los muertos, no estaba seguro de haber obedecido totalmente los requisitos de la orden nazarea; por lo tanto, despu\u00e9s del entierro de su padre, fue a Jerusal\u00e9n, donde, en el rinc\u00f3n de los nazareos del atrio de las mujeres, ofreci\u00f3 los sacrificios requeridos para su purificaci\u00f3n.<\/span><\/span><\/p>\n<p lang=\"es-ES\" align=\"LEFT\"><span style=\"font-family: Georgia, serif;\"><span style=\"font-size: 21px;\">135:2.2<\/span><\/span><\/p>\n<p lang=\"es-ES\" align=\"LEFT\"><span style=\"font-family: Georgia, serif;\"><span style=\"font-size: 21px;\">En septiembre de este a\u00f1o Elizabeth y Juan hicieron un viaje a Nazaret para visitar a Mar\u00eda y a Jes\u00fas. Juan estaba pr\u00e1cticamente decidido a dar comienzo a su obra, pero le convencieron no s\u00f3lo las exhortaciones de Jes\u00fas sino tambi\u00e9n su ejemplo de que era mejor regresar al hogar, dedicarse a cuidar a su madre, y aguardar \u00abla llegada de la hora del Padre\u00bb. Despu\u00e9s de despedirse de Jes\u00fas y de Mar\u00eda al final de esta agradable visita, Juan no volver\u00eda a ver a Jes\u00fas hasta el momento del bautismo de \u00e9ste en el Jord\u00e1n.<\/span><\/span><\/p>\n<p lang=\"es-ES\" align=\"LEFT\"><span style=\"font-family: Georgia, serif;\"><span style=\"font-size: 21px;\">135:2.3<\/span><\/span><\/p>\n<p lang=\"es-ES\" align=\"LEFT\"><span style=\"font-family: Georgia, serif;\"><span style=\"font-size: 21px;\">Juan y Elizabeth regresaron a su hogar y comenzaron a hacer planes para el futuro. Puesto que Juan rehus\u00f3 aceptar el estipendio de sacerdote que se le adeudaba de los fondos del templo, al cabo de dos a\u00f1os hab\u00edan perdido todo y estaban a punto de perder su casa; por eso decidieron trasladarse al sur con su reba\u00f1o de ovejas. Como consecuencia, el verano en que Juan cumpli\u00f3 veinte a\u00f1os presenci\u00f3 su traslado a Hebr\u00f3n. En el llamado \u00abdesierto de Judea\u00bb Juan cuidaba de sus ovejas junto a un arroyo que era tributario de una corriente de agua m\u00e1s grande que desembocaba en el Mar Muerto a la altura de En-Gedi. La colonia de En-Gedi inclu\u00eda no solamente a los nazareos de voto perpetuo y de consagraci\u00f3n temporal, sino tambi\u00e9n a otros numerosos pastores asc\u00e9ticos que se congregaban en esta regi\u00f3n con sus reba\u00f1os y fraternizaban con la hermandad de los nazareos. Se ganaban la vida con la cr\u00eda de las ovejas y con la ayuda de las d\u00e1divas que los ricos jud\u00edos le hac\u00edan a la orden.<\/span><\/span><\/p>\n<p lang=\"es-ES\" align=\"LEFT\"><span style=\"font-family: Georgia, serif;\"><span style=\"font-size: 21px;\">135:2.4<\/span><\/span><\/p>\n<p lang=\"es-ES\" align=\"LEFT\"><span style=\"font-family: Georgia, serif;\"><span style=\"font-size: 21px;\">Seg\u00fan pasaba el tiempo, Juan regresaba cada vez menos frecuentemente a Hebr\u00f3n, mientras que visitaba En-Gedi con frecuencia cada vez mayor. Era tan completamente diferente de la mayor\u00eda de los nazareos que le resultaba muy dif\u00edcil fraternizar en forma plena con la hermandad. Pero le ten\u00eda gran afecto a Abner, el reconocido l\u00edder y jefe de la colonia de En-Gedi.<\/span><\/span><\/p>\n<\/div>\n","protected":false},"excerpt":{"rendered":"<p>Giliana Kudsha Los Mandamientos no son Demasiado Dif\u00edciles Los mandamientos del Padre no son demasiado dif\u00edciles de observar, pero para algunos del Remanente, no son capaces de cumplirlos a la perfecci\u00f3n. El Padre es consciente de los que se esfuerzan por la perfecci\u00f3n y de los que practican la farsa religiosa. No os encontr\u00e9is entre &#8230;<\/p>\n","protected":false},"author":3,"featured_media":0,"comment_status":"closed","ping_status":"closed","sticky":false,"template":"","format":"standard","meta":{"footnotes":""},"categories":[9],"tags":[11,29,22,13,14,15,16,17,19,18,21,12,24,23,10,30,27,28,20,31,26,25],"class_list":{"0":"post-1008","1":"post","2":"type-post","3":"status-publish","4":"format-standard","6":"category-lecturas-del-leccionario","7":"tag-biblia-de-oahspe","8":"tag-calendario","9":"tag-eloi","10":"tag-era-kosmon","11":"tag-fideismo","12":"tag-fideistas","13":"tag-fielismo","14":"tag-fielistas","15":"tag-iglesia-fideista","16":"tag-iglesia-fielista","17":"tag-jehovi","18":"tag-la-biblia-oahspe","19":"tag-lecturas-del-leccionario","20":"tag-lecturas-diarias","21":"tag-oahspe","22":"tag-observancias","23":"tag-pacto-unido","24":"tag-pacto-unido-de-la-luz","25":"tag-religion-de-la-luz","26":"tag-shabbat","27":"tag-yeshua","28":"tag-yoshu","29":"anons"},"_links":{"self":[{"href":"https:\/\/covenantarian.org\/u\/wp-json\/wp\/v2\/posts\/1008","targetHints":{"allow":["GET"]}}],"collection":[{"href":"https:\/\/covenantarian.org\/u\/wp-json\/wp\/v2\/posts"}],"about":[{"href":"https:\/\/covenantarian.org\/u\/wp-json\/wp\/v2\/types\/post"}],"author":[{"embeddable":true,"href":"https:\/\/covenantarian.org\/u\/wp-json\/wp\/v2\/users\/3"}],"replies":[{"embeddable":true,"href":"https:\/\/covenantarian.org\/u\/wp-json\/wp\/v2\/comments?post=1008"}],"version-history":[{"count":1,"href":"https:\/\/covenantarian.org\/u\/wp-json\/wp\/v2\/posts\/1008\/revisions"}],"predecessor-version":[{"id":1009,"href":"https:\/\/covenantarian.org\/u\/wp-json\/wp\/v2\/posts\/1008\/revisions\/1009"}],"wp:attachment":[{"href":"https:\/\/covenantarian.org\/u\/wp-json\/wp\/v2\/media?parent=1008"}],"wp:term":[{"taxonomy":"category","embeddable":true,"href":"https:\/\/covenantarian.org\/u\/wp-json\/wp\/v2\/categories?post=1008"},{"taxonomy":"post_tag","embeddable":true,"href":"https:\/\/covenantarian.org\/u\/wp-json\/wp\/v2\/tags?post=1008"}],"curies":[{"name":"wp","href":"https:\/\/api.w.org\/{rel}","templated":true}]}}