{"id":1035,"date":"2025-04-03T21:18:42","date_gmt":"2025-04-03T21:18:42","guid":{"rendered":"https:\/\/covenantarian.org\/u\/?p=1035"},"modified":"2025-04-03T21:21:47","modified_gmt":"2025-04-03T21:21:47","slug":"lecturas-del-convenio-unido-para-el-viernes-4-de-abril-2025","status":"publish","type":"post","link":"https:\/\/covenantarian.org\/u\/lecturas-del-leccionario\/lecturas-del-convenio-unido-para-el-viernes-4-de-abril-2025\/","title":{"rendered":"Lecturas del Convenio Unido para el Viernes, 4 de Abril, 2025"},"content":{"rendered":"<div class=\"entry\">\n<p><span style=\"font-size: 21px; font-family: georgia, palatino; color: #000000;\" data-darkreader-inline-color=\"\"><strong>Giliana Kudsha<\/strong><\/span><\/p>\n<p><span style=\"font-size: 21px; font-family: georgia, palatino; color: #000000;\" data-darkreader-inline-color=\"\"><b>Los Fielistas Esenios <\/b><span style=\"--darkreader-inline-color: #bdb7af;\"><b>\u2013 <\/b><\/span><b>Una Tribu Unida<\/b><\/span><\/p>\n<p><span style=\"font-family: georgia, palatino; font-size: 21px; color: #000000;\" data-darkreader-inline-color=\"\">Hablo al pueblo de Jehov\u00ed, a los Fielistas del Todopoderoso, y no al mundo. El Padre no est\u00e1 llamando a los uzianos, sino a Su pueblo. Jehov\u00ed os est\u00e1 convocando a vosotros que sois los verdaderos Israelitas. Vosotros sois Fielistas Esenios y pertenec\u00e9is a Jehov\u00ed. Sois el valioso remanente del Creador Siempre Presente. Sois una tribu unida en la adoraci\u00f3n de Jehov\u00ed y con el objetivo com\u00fan de permanecer fieles a los Mandamientos del Padre y de escuchar Su Voz como una sola comunidad espiritual.<\/span><\/p>\n<p><span style=\"font-family: georgia, palatino; font-size: 21px; color: #000000;\" data-darkreader-inline-color=\"\">Sin importar cu\u00e1n distantes est\u00e1is cada uno de vosotros el uno del otro, aun as\u00ed est\u00e1is unidos por la presencia de Jehov\u00ed. Sin importar qu\u00e9 idioma habl\u00e1is, el idioma de vuestro coraz\u00f3n debe ser uno, que es hacer la Voluntad del Padre.<\/span><\/p>\n<p><span style=\"font-family: georgia, palatino; font-size: 21px; color: #000000;\" data-darkreader-inline-color=\"\">El lenguaje espiritual de los Fielistas Esenios y el lenguaje nocivo de los uzianos son diferentes en muchos aspectos. El idioma en el que habl\u00e1is est\u00e1 lleno de alabanza, acci\u00f3n de gracias y gratitud a Jehov\u00ed, mientras que el idioma de los uzianos est\u00e1 lleno de suciedad, codicia, divisi\u00f3n y odio que solo alaba a satan\u00e1s (el ego).<\/span><\/p>\n<p><span style=\"font-family: georgia, palatino; font-size: 21px; color: #000000;\" data-darkreader-inline-color=\"\">Es importante que los Fielistas de Jehov\u00ed se distingan a s\u00ed mismos en su forma de hablar de la de uz. Como remanente, os est\u00e1is apoyando mutuamente en vuestra adoraci\u00f3n y servicio diarios a Jehov\u00ed vuestro Creador. No se os ha asignado la tarea de convertir a los uzianos o de obligarlos a aceptar la Luz del Todopoderoso. Vuestro ejemplo de vivir de acuerdo con los Mandamientos y las Virtudes es suficiente para que otros dejen atr\u00e1s sus viejos h\u00e1bitos y acepten a Jehov\u00ed. Esto \u00faltimo solo ocurrir\u00e1 en Su tiempo, y solo de los uzianos que est\u00e1n intentando verdaderamente buscar Su verdad. En esta era, Jehov\u00ed est\u00e1 interesado principalmente por Su remanente y por c\u00f3mo lo adoran seg\u00fan la manera en que \u00c9l ha inspirado a cada uno en su coraz\u00f3n.<\/span><\/p>\n<p><span style=\"font-family: georgia, palatino; font-size: 21px; color: #000000;\" data-darkreader-inline-color=\"\">Como Fielistas Esenios, ten\u00e9is que adoptar la manera de hablar de vuestros antepasados espirituales de la antig\u00fcedad. Ten\u00e9is una cultura \u00fanica que debe ser apreciada, promovida y mantenida dentro de la tribu. En todo lo que hag\u00e1is, hablad entre vosotros con amor y afiliaci\u00f3n, como lo hicieron los Esenios de Qumr\u00e1n hace siglos.<\/span><\/p>\n<p><span style=\"font-family: georgia, palatino; font-size: 21px; color: #000000;\" data-darkreader-inline-color=\"\">Adorad a Jehov\u00ed el Todopoderoso en emeth (verdad) y ruach (esp\u00edritu), porque \u00c9l es Rey, y \u00c9l es el Padre de la tribu Fielista Esenia. Vosotros sois los Fielistas de Jehov\u00ed. Caminad erguidos en Su Luz todos los d\u00edas.<\/span><\/p>\n<p>&nbsp;<\/p>\n<p><span style=\"font-size: 21px; font-family: georgia, palatino; color: #000000;\" data-darkreader-inline-color=\"\"><strong>Ense\u00f1anzas de la Luz Cap\u00edtulo 62:<\/strong><\/span><\/p>\n<p lang=\"es-ES\" align=\"LEFT\"><span style=\"font-family: georgia, palatino; font-size: 21px; color: #000000;\" data-darkreader-inline-color=\"\"><i>Percepciones<\/i><\/span><\/p>\n<p lang=\"es-ES\" align=\"LEFT\"><span style=\"font-family: georgia, palatino; font-size: 21px; color: #000000;\" data-darkreader-inline-color=\"\"><sup>1<\/sup> Las percepciones est\u00e1n dise\u00f1adas por la mente de uno, creadas por y basadas en las ideas e ilusiones de otros sobre cualquier tema. Las ilusiones no son verdades.<\/span><\/p>\n<p lang=\"es-ES\" align=\"LEFT\"><span style=\"font-family: georgia, palatino; font-size: 21px; color: #000000;\" data-darkreader-inline-color=\"\"><sup>2<\/sup> El hombre percibe un tema basado en ideas, suposiciones y muchas veces en la inexperiencia y el miedo. En tales percepciones ninguna verdad puede ser encontrada.<\/span><\/p>\n<p lang=\"es-ES\" align=\"LEFT\"><span style=\"font-family: georgia, palatino; font-size: 21px; color: #000000;\" data-darkreader-inline-color=\"\"><sup>3<\/sup> No asum\u00e1is nada, no supong\u00e1is nada. Coged la Verdad y la Luz como son. Cuando aprend\u00e1is esto, encontrar\u00e9is la paz.<\/span><\/p>\n<p lang=\"es-ES\" align=\"LEFT\"><span style=\"font-family: georgia, palatino; font-size: 21px; color: #000000;\" data-darkreader-inline-color=\"\"><sup>4 <\/sup>No hag\u00e1is suposiciones con respecto a lo que yo no os he ense\u00f1ado. Sed pacientes y esperad a las respuestas \u2013 si dichas respuestas son necesarias, ser\u00e1n dadas a vosotros.<\/span><\/p>\n<p lang=\"es-ES\" align=\"LEFT\">\n<p lang=\"es-ES\" align=\"LEFT\"><span style=\"font-family: georgia, palatino; font-size: 21px; color: #000000;\" data-darkreader-inline-color=\"\"><strong>El Libro de la Verdad: Los Cuarenta D\u00edas de Predicaci\u00f3n \u2013 135:9, La Fat\u00eddica Reuni\u00f3n del Sanedr\u00edn \u2013 175:3.1-3:<\/strong><\/span><\/p>\n<p lang=\"es-ES\" align=\"LEFT\"><strong><span style=\"font-family: georgia, palatino; font-size: 21px; color: #000000;\" data-darkreader-inline-color=\"\">9. Los Cuarenta D\u00edas de Predicaci\u00f3n<\/span><\/strong><\/p>\n<p lang=\"es-ES\" align=\"LEFT\"><span style=\"font-family: georgia, palatino; font-size: 21px; color: #000000;\" data-darkreader-inline-color=\"\">135:9.1<\/span><\/p>\n<p lang=\"es-ES\" align=\"LEFT\"><span style=\"font-family: georgia, palatino; font-size: 21px; color: #000000;\" data-darkreader-inline-color=\"\">Cuando Juan regres\u00f3 junto a sus disc\u00edpulos (ya por entonces unas veinticinco a treinta personas moraban constantemente con \u00e9l), los encontr\u00f3 discutiendo seriamente los acontecimientos del bautismo de Jes\u00fas que acababa de ocurrir. Aun m\u00e1s asombrados quedaron ellos al contarles Juan la historia de la visitaci\u00f3n de Gabriel a Mar\u00eda antes del nacimiento de Jes\u00fas, y el hecho de que Jes\u00fas no pronunciara palabra al relatarle Juan este acontecimiento. Esa noche no llovi\u00f3, y los treinta conversaron largamente en la noche estrellada. Se preguntaban d\u00f3nde estar\u00eda Jes\u00fas, cu\u00e1ndo le volver\u00edan a ver.<\/span><\/p>\n<p lang=\"es-ES\" align=\"LEFT\"><span style=\"font-family: georgia, palatino; font-size: 21px; color: #000000;\" data-darkreader-inline-color=\"\">135:9.2<\/span><\/p>\n<p lang=\"es-ES\" align=\"LEFT\"><span style=\"font-family: georgia, palatino; font-size: 21px; color: #000000;\" data-darkreader-inline-color=\"\">Despu\u00e9s del acontecimiento de este d\u00eda, la predicaci\u00f3n de Juan adquiri\u00f3 una nueva resonancia de proclamaci\u00f3n segura del reino venidero y del Mes\u00edas esperado. Fue un per\u00edodo de gran tensi\u00f3n, estos cuarenta d\u00edas de espera, aguardando el regreso de Jes\u00fas. Pero Juan continu\u00f3 predicando con m\u00e1s vigor, y sus disc\u00edpulos comenzaron aproximadamente por esta \u00e9poca a predicar a las desbordantes multitudes que se reun\u00edan en torno a Juan, a orillas del Jord\u00e1n.<\/span><\/p>\n<p lang=\"es-ES\" align=\"LEFT\"><span style=\"font-family: georgia, palatino; font-size: 21px; color: #000000;\" data-darkreader-inline-color=\"\">135:9.3<\/span><\/p>\n<p lang=\"es-ES\" align=\"LEFT\"><span style=\"font-family: georgia, palatino; font-size: 21px; color: #000000;\" data-darkreader-inline-color=\"\">En el curso de estos cuarenta d\u00edas de espera, muchos fueron los rumores que se esparcieron por la tierra llegando incluso a Tiberias y a Jerusal\u00e9n. Millares acud\u00edan para ver la nueva atracci\u00f3n en el campamento de Juan, el notorio Mes\u00edas, pero no estaba Jes\u00fas all\u00ed para que le vieran. Al afirmar los disc\u00edpulos de Juan que el extra\u00f1o hombre de Dios se hab\u00eda marchado a las colinas, muchos dudaron de toda la historia.<\/span><\/p>\n<p lang=\"es-ES\" align=\"LEFT\"><span style=\"font-family: georgia, palatino; font-size: 21px; color: #000000;\" data-darkreader-inline-color=\"\">135:9.4<\/span><\/p>\n<p lang=\"es-ES\" align=\"LEFT\"><span style=\"font-family: georgia, palatino; font-size: 21px; color: #000000;\" data-darkreader-inline-color=\"\">Unas tres semanas despu\u00e9s de la partida de Jes\u00fas, lleg\u00f3 a Pella una nueva delegaci\u00f3n de los sacerdotes y fariseos de Jerusal\u00e9n. Le preguntaron a Juan directamente si \u00e9l era El\u00edas o el profeta que Mois\u00e9s hab\u00eda prometido; y al contestar Juan, \u00abNo soy yo\u00bb, se atrevieron a preguntarle, \u00ab\u00bfEres t\u00fa el Mes\u00edas?\u00bb, y Juan respondi\u00f3: \u00abNo soy yo\u00bb. Entonces estos hombres de Jerusal\u00e9n le dijeron: \u00abSi no eres El\u00edas, ni el profeta, ni el Mes\u00edas, \u00bfpor qu\u00e9 entonces bautizas a la gente creando tanto alboroto?\u00bb y Juan replic\u00f3: \u00abSon los que me han escuchado y han recibido mi bautismo quienes deber\u00edan deciros qui\u00e9n soy, pero yo os digo que si bien yo bautizo con agua, estuvo entre nosotros aquel que volver\u00e1 para bautizaros con el Esp\u00edritu Santo\u00bb.<\/span><\/p>\n<p lang=\"es-ES\" align=\"LEFT\"><span style=\"font-family: georgia, palatino; font-size: 21px; color: #000000;\" data-darkreader-inline-color=\"\">135:9.5<\/span><\/p>\n<p lang=\"es-ES\" align=\"LEFT\"><span style=\"font-family: georgia, palatino; font-size: 21px; color: #000000;\" data-darkreader-inline-color=\"\">Estos cuarenta d\u00edas fueron un per\u00edodo dif\u00edcil para Juan y sus disc\u00edpulos. \u00bfCual ser\u00eda la relaci\u00f3n de Juan con Jes\u00fas? Se planteaban cientos de preguntas. La pol\u00edtica, las preferencias ego\u00edstas comenzaron a asomarse en el ambiente. Proliferaban las discusiones intensas sobre las distintas ideas y conceptos del Mes\u00edas. \u00bfSe convertir\u00eda \u00e9l en un l\u00edder militar y en un rey dav\u00eddico? \u00bfAniquilar\u00eda a los ej\u00e9rcitos romanos como lo hab\u00eda hecho Josu\u00e9 con los cananeos? \u00bfO establecer\u00eda un reino espiritual? Juan pareci\u00f3 llegar a la conclusi\u00f3n, compartida por una minor\u00eda, de que Jes\u00fas hab\u00eda venido para establecer el reino de los cielos, aunque no ten\u00eda completamente claro en su mente qu\u00e9 habr\u00eda de incluirse dentro de esta misi\u00f3n del establecimiento del reino de los cielos.<\/span><\/p>\n<p lang=\"es-ES\" align=\"LEFT\"><span style=\"font-family: georgia, palatino; font-size: 21px; color: #000000;\" data-darkreader-inline-color=\"\">135:9.6<\/span><\/p>\n<p lang=\"es-ES\" align=\"LEFT\"><span style=\"font-family: georgia, palatino; font-size: 21px; color: #000000;\" data-darkreader-inline-color=\"\">Fueron d\u00edas arduos para Juan, y oraba para que Jes\u00fas regresara. Algunos de los disc\u00edpulos de Juan organizaron grupos de exploraci\u00f3n para ir en busca de Jes\u00fas, pero Juan lo prohibi\u00f3, diciendo: \u00abNuestro tiempo est\u00e1 en las manos del Dios de los cielos; \u00e9l es quien guiar\u00e1 a su Hijo predilecto\u00bb.<\/span><\/p>\n<p lang=\"es-ES\" align=\"LEFT\"><span style=\"font-family: georgia, palatino; font-size: 21px; color: #000000;\" data-darkreader-inline-color=\"\">135:9.7<\/span><\/p>\n<p lang=\"es-ES\" align=\"LEFT\"><span style=\"font-family: georgia, palatino; font-size: 21px; color: #000000;\" data-darkreader-inline-color=\"\">Fue en las primeras horas de la ma\u00f1ana del s\u00e1bado, 23 de febrero, cuando la comitiva de Juan, reunida para compartir su comida matinal, vio, al levantar la vista hacia el norte, a Jes\u00fas que ven\u00eda hacia ellos. Al acercarse Jes\u00fas, Juan se encaram\u00f3 sobre una gran roca y, levantando su voz sonora, dijo: \u00ab\u00a1Mirad al Hijo de Dios, el liberador del mundo! De este es de quien he dicho, \u2018tras m\u00ed vendr\u00e1 aquel que es el elegido antes que yo porque fue antes que yo\u2019. Por esta causa he salido yo del desierto para predicar el arrepentimiento y bautizar con agua, proclamando que se aproxima el reino del cielo. Ya, viene aquel que os bautizar\u00e1 con el Esp\u00edritu Santo. Yo he visto al esp\u00edritu divino descendiendo sobre este hombre, y he o\u00eddo la voz de Dios decir, \u2018\u00c9ste es mi hijo amado de quien estoy bien complacido\u2019\u00bb.<\/span><\/p>\n<p lang=\"es-ES\" align=\"LEFT\"><span style=\"font-family: georgia, palatino; font-size: 21px; color: #000000;\" data-darkreader-inline-color=\"\">135:9.8<\/span><\/p>\n<p lang=\"es-ES\" align=\"LEFT\"><span style=\"font-family: georgia, palatino; font-size: 21px; color: #000000;\" data-darkreader-inline-color=\"\">Jes\u00fas les rog\u00f3 que volviesen a su comida, sent\u00e1ndose \u00e9l a comer con Juan, pues sus hermanos Santiago y Jud\u00e1 ya hab\u00edan regresado a Capernaum.<\/span><\/p>\n<p lang=\"es-ES\" align=\"LEFT\"><span style=\"font-family: georgia, palatino; font-size: 21px; color: #000000;\" data-darkreader-inline-color=\"\">135:9.9<\/span><\/p>\n<p lang=\"es-ES\" align=\"LEFT\"><span style=\"font-family: georgia, palatino; font-size: 21px; color: #000000;\" data-darkreader-inline-color=\"\">Temprano en la ma\u00f1ana del d\u00eda siguiente se despidi\u00f3 de Juan y sus disc\u00edpulos, para regresar a Galilea. Nada les dijo de cu\u00e1ndo volver\u00edan a verle. A las preguntas de Juan acerca de su propia predicaci\u00f3n y misi\u00f3n, Jes\u00fas solamente dijo: \u00abMi Padre te guiar\u00e1 ahora y en el futuro como lo ha hecho en el pasado\u00bb. As\u00ed se separaron estos dos grandes hombres, esa ma\u00f1ana a orillas del Jord\u00e1n, y no se habr\u00edan de encontrar nunca m\u00e1s en la carne.<\/span><\/p>\n<p lang=\"es-ES\" align=\"LEFT\"><strong><span style=\"font-family: georgia, palatino; font-size: 21px; color: #000000;\" data-darkreader-inline-color=\"\">3. La Fat\u00eddica Reuni\u00f3n del Sanedr\u00edn<\/span><\/strong><\/p>\n<p lang=\"es-ES\" align=\"LEFT\"><span style=\"font-family: georgia, palatino; font-size: 21px; color: #000000;\" data-darkreader-inline-color=\"\">175:3.1<\/span><\/p>\n<p lang=\"es-ES\" align=\"LEFT\"><span style=\"font-family: georgia, palatino; font-size: 21px; color: #000000;\" data-darkreader-inline-color=\"\">A las ocho de la noche de este martes se convoc\u00f3 la fat\u00eddica reuni\u00f3n del sanedr\u00edn. En muchas ocasiones previas este supremo tribunal de la naci\u00f3n jud\u00eda hab\u00eda decretado en forma casual la muerte de Jes\u00fas. Muchas veces este augusto cuerpo gobernante determin\u00f3 poner punto final a su obra, pero nunca antes hab\u00edan resuelto arrestarlo y ocasionar su muerte a toda costa. Fue justo antes de la medianoche de este martes 4 de abril del 30 d. de J.C. cuando el sanedr\u00edn, as\u00ed como estaba compuesto en ese momento, vot\u00f3 oficial y\u00a0<em>un\u00e1nimemente<\/em>\u00a0imponer la sentencia de muerte a Jes\u00fas y a L\u00e1zaro. \u00c9sta fue la respuesta al \u00faltimo llamado del Maestro a los potentados de los jud\u00edos, llamado hecho s\u00f3lo unas pocas horas antes en el templo; represent\u00f3 su reacci\u00f3n de amargo resentimiento ante la \u00faltima y vigorosa acusaci\u00f3n de Jes\u00fas contra estos mismos altos sacerdotes y saduceos y fariseos impenitentes. La resoluci\u00f3n de condenar a muerte (aun antes de su juicio) al Hijo de Dios fue la respuesta del sanedr\u00edn a la \u00faltima oferta de misericordia celestial que fuera extendida jam\u00e1s a la naci\u00f3n jud\u00eda como tal.<\/span><\/p>\n<p lang=\"es-ES\" align=\"LEFT\"><span style=\"font-family: georgia, palatino; font-size: 21px; color: #000000;\" data-darkreader-inline-color=\"\">175:3.2<\/span><\/p>\n<p lang=\"es-ES\" align=\"LEFT\"><span style=\"font-family: georgia, palatino; font-size: 21px; color: #000000;\" data-darkreader-inline-color=\"\">Desde este momento en adelante los jud\u00edos se encontraron solos para completar el breve y corto per\u00edodo que les quedaba de vida nacional, como cualquier otro grupo puramente humano entre las naciones de Urantia. Israel hab\u00eda repudiado al Hijo de aquel Dios, que hiciera un pacto con Abraham; y el plan de que los hijos de Abraham fueran los portadores de la luz de la verdad en el mundo, se hizo a\u00f1icos. Se hab\u00eda abrogado el pacto divino, y se aproxim\u00f3 a pasos agigantados el fin de la naci\u00f3n hebrea.<\/span><\/p>\n<p lang=\"es-ES\" align=\"LEFT\"><span style=\"font-family: georgia, palatino; font-size: 21px; color: #000000;\" data-darkreader-inline-color=\"\">175:3.3<\/span><\/p>\n<p lang=\"es-ES\" align=\"LEFT\"><span style=\"font-family: georgia, palatino; font-size: 21px; color: #000000;\" data-darkreader-inline-color=\"\">Los funcionarios del sanedr\u00edn recibieron la orden de arrestar a Jes\u00fas temprano a la ma\u00f1ana siguiente, pero con instrucciones de que no deb\u00eda ser arrestado en p\u00fablico. Se les dijo que planearan arrestarlo en secreto, preferiblemente en forma repentina y de noche. Comprendiendo que tal vez no volver\u00eda ese d\u00eda (mi\u00e9rcoles) para ense\u00f1ar en el templo, ellos instruyeron a estos oficiales del sanedr\u00edn que \u00ablo traigan ante el alto tribunal jud\u00edo en alg\u00fan momento antes de la medianoche del jueves.\u00bb<\/span><\/p>\n<\/div>\n","protected":false},"excerpt":{"rendered":"<p>Giliana Kudsha Los Fielistas Esenios \u2013 Una Tribu Unida Hablo al pueblo de Jehov\u00ed, a los Fielistas del Todopoderoso, y no al mundo. El Padre no est\u00e1 llamando a los uzianos, sino a Su pueblo. Jehov\u00ed os est\u00e1 convocando a vosotros que sois los verdaderos Israelitas. Vosotros sois Fielistas Esenios y pertenec\u00e9is a Jehov\u00ed. Sois &#8230;<\/p>\n","protected":false},"author":3,"featured_media":0,"comment_status":"closed","ping_status":"closed","sticky":false,"template":"","format":"standard","meta":{"footnotes":""},"categories":[9],"tags":[11,29,22,13,14,15,16,17,19,18,21,12,24,23,10,30,27,28,20,31,26,25],"class_list":{"0":"post-1035","1":"post","2":"type-post","3":"status-publish","4":"format-standard","6":"category-lecturas-del-leccionario","7":"tag-biblia-de-oahspe","8":"tag-calendario","9":"tag-eloi","10":"tag-era-kosmon","11":"tag-fideismo","12":"tag-fideistas","13":"tag-fielismo","14":"tag-fielistas","15":"tag-iglesia-fideista","16":"tag-iglesia-fielista","17":"tag-jehovi","18":"tag-la-biblia-oahspe","19":"tag-lecturas-del-leccionario","20":"tag-lecturas-diarias","21":"tag-oahspe","22":"tag-observancias","23":"tag-pacto-unido","24":"tag-pacto-unido-de-la-luz","25":"tag-religion-de-la-luz","26":"tag-shabbat","27":"tag-yeshua","28":"tag-yoshu","29":"anons"},"_links":{"self":[{"href":"https:\/\/covenantarian.org\/u\/wp-json\/wp\/v2\/posts\/1035","targetHints":{"allow":["GET"]}}],"collection":[{"href":"https:\/\/covenantarian.org\/u\/wp-json\/wp\/v2\/posts"}],"about":[{"href":"https:\/\/covenantarian.org\/u\/wp-json\/wp\/v2\/types\/post"}],"author":[{"embeddable":true,"href":"https:\/\/covenantarian.org\/u\/wp-json\/wp\/v2\/users\/3"}],"replies":[{"embeddable":true,"href":"https:\/\/covenantarian.org\/u\/wp-json\/wp\/v2\/comments?post=1035"}],"version-history":[{"count":4,"href":"https:\/\/covenantarian.org\/u\/wp-json\/wp\/v2\/posts\/1035\/revisions"}],"predecessor-version":[{"id":1039,"href":"https:\/\/covenantarian.org\/u\/wp-json\/wp\/v2\/posts\/1035\/revisions\/1039"}],"wp:attachment":[{"href":"https:\/\/covenantarian.org\/u\/wp-json\/wp\/v2\/media?parent=1035"}],"wp:term":[{"taxonomy":"category","embeddable":true,"href":"https:\/\/covenantarian.org\/u\/wp-json\/wp\/v2\/categories?post=1035"},{"taxonomy":"post_tag","embeddable":true,"href":"https:\/\/covenantarian.org\/u\/wp-json\/wp\/v2\/tags?post=1035"}],"curies":[{"name":"wp","href":"https:\/\/api.w.org\/{rel}","templated":true}]}}