{"id":1043,"date":"2025-04-06T09:54:22","date_gmt":"2025-04-06T09:54:22","guid":{"rendered":"https:\/\/covenantarian.org\/u\/?p=1043"},"modified":"2025-04-06T09:54:22","modified_gmt":"2025-04-06T09:54:22","slug":"lecturas-del-convenio-unido-para-el-domingo-6-de-abril-2025","status":"publish","type":"post","link":"https:\/\/covenantarian.org\/u\/lecturas-del-leccionario\/lecturas-del-convenio-unido-para-el-domingo-6-de-abril-2025\/","title":{"rendered":"Lecturas del Convenio Unido para el Domingo, 6 de Abril, 2025"},"content":{"rendered":"<div class=\"entry\">\n<p><span style=\"font-size: 21px; font-family: georgia, palatino; color: #000000;\"><strong>Giliana Kudsha<\/strong><\/span><\/p>\n<p><span style=\"color: #000000; font-size: 21px; font-family: georgia, palatino;\"><b>Pon Tu Confianza en el Creador<\/b><\/span><\/p>\n<p><span style=\"color: #000000; font-size: 21px; font-family: georgia, palatino;\">Independientemente del entorno pol\u00edtico o la corrupci\u00f3n religiosa que te rodea, siempre pon tu confianza en el Creador. \u00c9l es el \u00fanico que te llevar\u00e1 a salvo a la otra orilla donde disfrutar\u00e1s de Su Presencia.<\/span><\/p>\n<p><span style=\"color: #000000; font-size: 21px; font-family: georgia, palatino;\">Las promesas de los humanos pueden fallar, por m\u00e1s sincero que uno sea; pero hay otros entre los hombres y las mujeres que son agentes de la malvada y de su sistema en tu mundo. Las palabras que hablan son siempre mentiras o lo que parecen ser verdades pero ocultas detr\u00e1s de humo y niebla enga\u00f1osas.<\/span><\/p>\n<p><span style=\"color: #000000; font-size: 21px; font-family: georgia, palatino;\">El Eterno Creador no hace nada para enga\u00f1ar a Su creaci\u00f3n. \u00c9l est\u00e1 lleno de verdad y bondad y siempre ser\u00e1 fiel a Sus hijos e hijas.<\/span><\/p>\n<p><span style=\"color: #000000; font-size: 21px; font-family: georgia, palatino;\">Con el mundo desmoron\u00e1ndose a tu alrededor, debes saber en qui\u00e9n debes poner tu confianza.<\/span><\/p>\n<p>&nbsp;<\/p>\n<p><span style=\"font-size: 21px; font-family: georgia, palatino; color: #000000; --darkreader-inline-color: #e8e6e3;\" data-darkreader-inline-color=\"\"><strong>Ense\u00f1anzas de la Luz Cap\u00edtulo 64:<\/strong><\/span><\/p>\n<p lang=\"es-ES\" align=\"LEFT\"><span style=\"font-family: georgia, palatino; font-size: 21px; color: #000000; --darkreader-inline-color: #e8e6e3;\" data-darkreader-inline-color=\"\"><i>Pol\u00edtica<\/i><\/span><\/p>\n<p lang=\"es-ES\" align=\"LEFT\"><span style=\"font-family: georgia, palatino; font-size: 21px; color: #000000; --darkreader-inline-color: #e8e6e3;\" data-darkreader-inline-color=\"\"><sup>1<\/sup> Si t\u00fa, como un Pactario, eres un ciudadano de un pa\u00eds o de una tierra que se adhiere a un sistema pol\u00edtico que tiene el potencial de causar da\u00f1o a otros seres vivos, denigra los derechos humanos o fuerza a los ciudadanos de la naci\u00f3n a seguir leyes necias o a pagar impuestos innecesarios y despilfarra los fondos de los ciudadanos, tienes todo el derecho a hablar en contra de tal sistema. <\/span><\/p>\n<p lang=\"es-ES\" align=\"LEFT\"><span style=\"font-family: georgia, palatino; font-size: 21px; color: #000000; --darkreader-inline-color: #e8e6e3;\" data-darkreader-inline-color=\"\"><sup>2<\/sup> Cuando protestes contra violaciones de los derechos humanos y de la decencia, hazlo por medios pac\u00edficos. <\/span><\/p>\n<p lang=\"es-ES\" align=\"LEFT\"><span style=\"font-family: georgia, palatino; font-size: 21px; color: #000000;\" data-darkreader-inline-color=\"\"><sup>3<\/sup> Un Pactario debe ser consciente de los ideales pol\u00edticos que se promueven en el pa\u00eds en el que \u00e9l o ella reside. De lo contrario, uno puede encontrarse a uno mismo descuidando los deberes de defender los derechos de uno mismo y de los dem\u00e1s <\/span><\/p>\n<p lang=\"es-ES\" align=\"LEFT\"><span style=\"font-family: georgia, palatino; font-size: 21px; color: #000000;\" data-darkreader-inline-color=\"\"><sup>4<\/sup> Adem\u00e1s, tener un conocimiento general de las leyes de la naci\u00f3n tambi\u00e9n puede ayudar a compartir efectivamente el Mensaje de la Luz con los dem\u00e1s, sobre todo cuando ciertas ordenanzas son pasadas en varias ciudades o pueblos que podr\u00edan impedir o limitar la propagaci\u00f3n de la Religi\u00f3n de la Luz en el \u00e1rea local de uno. <\/span><\/p>\n<p lang=\"es-ES\" align=\"LEFT\"><span style=\"font-family: georgia, palatino; font-size: 21px; color: #000000;\" data-darkreader-inline-color=\"\"><sup>5<\/sup> Tener conocimiento de un sistema pol\u00edtico y defender los derechos de los ciudadanos de un pa\u00eds no significa que uno se tenga que implicar excesivamente con el proceso pol\u00edtico. <\/span><\/p>\n<p lang=\"es-ES\" align=\"LEFT\"><span style=\"font-family: georgia, palatino; font-size: 21px; color: #000000;\" data-darkreader-inline-color=\"\"><sup>6<\/sup> Uno puede defender los derechos humanos b\u00e1sicos y ser una luz por la igualdad sin presentarse a un cargo pol\u00edtico. <\/span><\/p>\n<p lang=\"es-ES\" align=\"LEFT\"><span style=\"font-family: georgia, palatino; font-size: 21px; color: #000000;\" data-darkreader-inline-color=\"\"><sup>7<\/sup> Los Pactarios defienden los derechos de todos los seres vivos \u2013 los derechos de las mujeres, derechos de los ni\u00f1os y ni\u00f1as, y de todos los individuos. <\/span><\/p>\n<p lang=\"es-ES\" align=\"LEFT\"><span style=\"font-family: georgia, palatino; font-size: 21px; color: #000000;\" data-darkreader-inline-color=\"\"><sup>8<\/sup> Si vas a ser una voz a favor de los derechos de los dem\u00e1s, deber\u00edas tener algo de conocimiento sobre el sistema pol\u00edtico del lugar en el que resides. <\/span><\/p>\n<p lang=\"es-ES\" align=\"LEFT\"><span style=\"font-family: georgia, palatino; font-size: 21px; color: #000000;\" data-darkreader-inline-color=\"\"><sup>9<\/sup> Deber\u00edas tener conocimiento de quienes est\u00e1n a favor y en contra de tales derechos y tener una comprensi\u00f3n de las pol\u00edticas que est\u00e1n siendo impulsadas por ciertos l\u00edderes pol\u00edticos \u2013 ya est\u00e9n a favor o en contra de tales derechos. <\/span><\/p>\n<p lang=\"es-ES\" align=\"LEFT\"><span style=\"font-family: georgia, palatino; font-size: 21px; color: #000000;\" data-darkreader-inline-color=\"\"><sup>10<\/sup> No es impropio para los Pactarios llamar la atenci\u00f3n y desenmascarar a aquellos que est\u00e1n infringiendo los derechos de los dem\u00e1s, especialmente cuando llaman la atenci\u00f3n a tales individuos por medios pac\u00edficos. <\/span><\/p>\n<p lang=\"es-ES\" align=\"LEFT\"><span style=\"font-family: georgia, palatino; font-size: 21px; color: #000000; --darkreader-inline-color: #e8e6e3;\" data-darkreader-inline-color=\"\"><sup>11 <\/sup>Ning\u00fan partido pol\u00edtico puede llevar el plan de Dios a buen t\u00e9rmino. Solo Dios tiene la soluci\u00f3n completa y perfecta para la felicidad de toda la humanidad.<\/span><\/p>\n<p lang=\"es-ES\" align=\"LEFT\"><span style=\"font-family: georgia, palatino; font-size: 21px; color: #000000; --darkreader-inline-color: #e8e6e3;\" data-darkreader-inline-color=\"\"><sup>12 <\/sup>Si votas a un partido pol\u00edtico que aprueba la pr\u00e1ctica del aborto, entonces la sangre de los inocentes est\u00e1 sobre tus manos.<\/span><\/p>\n<p lang=\"es-ES\" align=\"LEFT\"><span style=\"font-family: georgia, palatino; font-size: 21px; color: #000000; --darkreader-inline-color: #e8e6e3;\" data-darkreader-inline-color=\"\"><strong>Didach\u00e9 Cap\u00edtulo 12:<\/strong><\/span><\/p>\n<p lang=\"es-ES\" align=\"LEFT\"><span style=\"font-family: georgia, palatino; font-size: 21px; color: #000000; --darkreader-inline-color: #e8e6e3;\" data-darkreader-inline-color=\"\"><b>Recepci\u00f3n de los Creyentes<\/b><\/span><\/p>\n<p lang=\"es-ES\" align=\"LEFT\"><span style=\"font-family: georgia, palatino; font-size: 21px; color: #000000; --darkreader-inline-color: #e8e6e3;\" data-darkreader-inline-color=\"\"><sup>1 <\/sup>Recibir\u00e1n a todo el que venga en el Nombre de Nuestro Se\u00f1or Yesh\u00faa, y, exam\u00ednenlo y con\u00f3zcanlo despu\u00e9s; porque ustedes tendr\u00e1n comprensi\u00f3n a derecha y a izquierda.<\/span><\/p>\n<p lang=\"es-ES\" align=\"LEFT\"><span style=\"font-family: georgia, palatino; font-size: 21px; color: #000000; --darkreader-inline-color: #e8e6e3;\" data-darkreader-inline-color=\"\"><sup>2 <\/sup>Si el que viene es un viajero de a pie, ay\u00fadenle con todas sus necesidades en la medida que ustedes puedan. <\/span><\/p>\n<p lang=\"es-ES\" align=\"LEFT\"><span style=\"font-family: georgia, palatino; font-size: 21px; color: #000000; --darkreader-inline-color: #e8e6e3;\" data-darkreader-inline-color=\"\"><sup>3 <\/sup>Pero que no permanezca con ustedes m\u00e1s de dos o tres d\u00edas, si es necesario.<\/span><\/p>\n<p lang=\"es-ES\" align=\"LEFT\"><span style=\"font-family: georgia, palatino; font-size: 21px; color: #000000; --darkreader-inline-color: #e8e6e3;\" data-darkreader-inline-color=\"\"><sup>4 <\/sup>Pero si desea permanecer con ustedes, y tiene una habilidad, d\u00e9jenle que trabaje para ganarse su comida y hogar. <\/span><\/p>\n<p lang=\"es-ES\" align=\"LEFT\"><span style=\"font-family: georgia, palatino; font-size: 21px; color: #000000; --darkreader-inline-color: #e8e6e3;\" data-darkreader-inline-color=\"\"><sup>5 <\/sup>Pero si no tiene ninguna habilidad, de acuerdo con su comprensi\u00f3n, velen para que, como un seguidor del Mes\u00edas, no viva con ustedes sin trabajar. \u00c9l no tiene que ser pagado con dinero, pero su comida y su hogar ser\u00e1n pago suficiente para \u00e9l.<\/span><\/p>\n<p lang=\"es-ES\" align=\"LEFT\"><span style=\"font-family: georgia, palatino; font-size: 21px; color: #000000; --darkreader-inline-color: #e8e6e3;\" data-darkreader-inline-color=\"\"><sup>6 <\/sup>Pero si se niega a hacer su parte y se queja de que no est\u00e1 recibiendo dinero, se est\u00e1 aprovechando de las provisiones del Rabino Yesh\u00faa. <\/span><\/p>\n<p lang=\"es-ES\" align=\"LEFT\"><span style=\"font-family: georgia, palatino; font-size: 21px; color: #000000; --darkreader-inline-color: #e8e6e3;\" data-darkreader-inline-color=\"\"><sup>7 <\/sup>Velen cuidadosamente de mantenerse lejos de tales personas.<\/span><\/p>\n<p lang=\"es-ES\" align=\"LEFT\">\n<p lang=\"es-ES\" align=\"LEFT\"><span style=\"font-family: georgia, palatino; font-size: 21px; color: #000000; --darkreader-inline-color: #e8e6e3;\" data-darkreader-inline-color=\"\"><strong>El Libro de la Verdad: La \u00daltima Cena \u2013 141:9.1-3; 142:0.1-142:8.5:<\/strong><\/span><\/p>\n<p lang=\"es-ES\" align=\"LEFT\"><strong><span style=\"font-family: georgia, palatino; font-size: 21px; color: #000000; --darkreader-inline-color: #e8e6e3;\" data-darkreader-inline-color=\"\">9. La Partida para Jerusal\u00e9n<\/span><\/strong><\/p>\n<p lang=\"es-ES\" align=\"LEFT\"><span style=\"font-family: georgia, palatino; font-size: 21px; color: #000000; --darkreader-inline-color: #e8e6e3;\" data-darkreader-inline-color=\"\">141:9.1<\/span><\/p>\n<p lang=\"es-ES\" align=\"LEFT\"><span style=\"font-family: georgia, palatino; font-size: 21px; color: #000000; --darkreader-inline-color: #e8e6e3;\" data-darkreader-inline-color=\"\">El lunes, el \u00faltimo d\u00eda de marzo, Jes\u00fas y los ap\u00f3stoles comenzaron su viaje cuesta arriba hacia Jerusal\u00e9n. L\u00e1zaro de Betania hab\u00eda viajado al Jord\u00e1n dos veces para ver a Jes\u00fas, y se hab\u00edan hecho todos los arreglos para que el Maestro y sus ap\u00f3stoles tomaran como base de operaciones la casa de L\u00e1zaro y sus hermanas en Betania por todo el tiempo que desearan permanecer en Jerusal\u00e9n.<\/span><\/p>\n<p lang=\"es-ES\" align=\"LEFT\"><span style=\"font-family: georgia, palatino; font-size: 21px; color: #000000; --darkreader-inline-color: #e8e6e3;\" data-darkreader-inline-color=\"\">141:9.2<\/span><\/p>\n<p lang=\"es-ES\" align=\"LEFT\"><span style=\"font-family: georgia, palatino; font-size: 21px; color: #000000; --darkreader-inline-color: #e8e6e3;\" data-darkreader-inline-color=\"\">Los disc\u00edpulos de Juan permanecieron en Betania allende el Jord\u00e1n ense\u00f1ando y bautizando a las multitudes, de modo que Jes\u00fas iba acompa\u00f1ado tan s\u00f3lo por los doce cuando lleg\u00f3 a la casa de L\u00e1zaro. All\u00ed Jes\u00fas y sus ap\u00f3stoles permanecieron durante cinco d\u00edas, descansando y reponi\u00e9ndose antes de seguir viaje a Jerusal\u00e9n para la Pascua. Fue un gran acontecimiento en la vida de Marta y Mar\u00eda tener al Maestro y sus ap\u00f3stoles en el hogar de su hermano y poder atender a sus necesidades.<\/span><\/p>\n<p lang=\"es-ES\" align=\"LEFT\"><span style=\"font-family: georgia, palatino; font-size: 21px; color: #000000; --darkreader-inline-color: #e8e6e3;\" data-darkreader-inline-color=\"\">141:9.3<\/span><\/p>\n<p lang=\"es-ES\" align=\"LEFT\"><span style=\"font-family: georgia, palatino; font-size: 21px; color: #000000; --darkreader-inline-color: #e8e6e3;\" data-darkreader-inline-color=\"\">El domingo por la ma\u00f1ana, 6 de abril, Jes\u00fas y los ap\u00f3stoles bajaron a Jerusal\u00e9n; y fue \u00e9sta la primera vez que el Maestro y los doce se encontraban all\u00ed todos juntos.<\/span><\/p>\n<p lang=\"es-ES\" align=\"LEFT\"><span style=\"font-family: georgia, palatino; font-size: 21px; color: #000000; --darkreader-inline-color: #e8e6e3;\" data-darkreader-inline-color=\"\"><strong>La Pascua en Jerusal\u00e9n<\/strong><\/span><\/p>\n<p lang=\"es-ES\" align=\"LEFT\"><span style=\"font-family: georgia, palatino; font-size: 21px; color: #000000; --darkreader-inline-color: #e8e6e3;\" data-darkreader-inline-color=\"\">142:0.1<\/span><\/p>\n<p lang=\"es-ES\" align=\"LEFT\"><span style=\"font-family: georgia, palatino; font-size: 21px; color: #000000; --darkreader-inline-color: #e8e6e3;\" data-darkreader-inline-color=\"\">DURANTE el mes de abril, Jes\u00fas y los ap\u00f3stoles trabajaron en Jerusal\u00e9n, saliendo de la ciudad todas las tardes para pasar la noche en Betania. Jes\u00fas mismo pas\u00f3 una o dos noches por semana en Jerusal\u00e9n en la casa de Flavio, un jud\u00edo griego, donde concurr\u00edan en secreto muchos jud\u00edos prominentes para entrevistarse con \u00e9l.<\/span><\/p>\n<p lang=\"es-ES\" align=\"LEFT\"><span style=\"font-family: georgia, palatino; font-size: 21px; color: #000000; --darkreader-inline-color: #e8e6e3;\" data-darkreader-inline-color=\"\">142:0.2<\/span><\/p>\n<p lang=\"es-ES\" align=\"LEFT\"><span style=\"font-family: georgia, palatino; font-size: 21px; color: #000000; --darkreader-inline-color: #e8e6e3;\" data-darkreader-inline-color=\"\">El primer d\u00eda en Jerusal\u00e9n Jes\u00fas visit\u00f3 a su amigo de a\u00f1os pasados, An\u00e1s, ex sumo sacerdote y pariente de Salom\u00e9, la esposa de Zebedeo. An\u00e1s hab\u00eda o\u00eddo informes sobre las ense\u00f1anzas de Jes\u00fas, y cuando Jes\u00fas lleg\u00f3 a la casa del sumo sacerdote, fue recibido con mucha reserva. Al percibir Jes\u00fas la frialdad de An\u00e1s, se despidi\u00f3 inmediatamente, diciendo al partir: \u00abEl miedo es el esclavizador principal del hombre, y el orgullo, su mayor debilidad; \u00bfte traicionar\u00e1s a ti mismo oblig\u00e1ndote a la esclavitud de estos dos destructores de la felicidad y de la libertad?\u00bb. Pero An\u00e1s no respondi\u00f3. El Maestro no volvi\u00f3 a ver a An\u00e1s hasta el momento en que \u00e9ste se sent\u00f3 con su yerno en juicio del Hijo del Hombre.<\/span><\/p>\n<p lang=\"es-ES\" align=\"LEFT\"><strong><span style=\"font-family: georgia, palatino; font-size: 21px; color: #000000; --darkreader-inline-color: #e8e6e3;\" data-darkreader-inline-color=\"\">1. La Ense\u00f1anza en el Templo<\/span><\/strong><\/p>\n<p lang=\"es-ES\" align=\"LEFT\"><span style=\"font-family: georgia, palatino; font-size: 21px; color: #000000; --darkreader-inline-color: #e8e6e3;\" data-darkreader-inline-color=\"\">142:1.1<\/span><\/p>\n<p lang=\"es-ES\" align=\"LEFT\"><span style=\"font-family: georgia, palatino; font-size: 21px; color: #000000; --darkreader-inline-color: #e8e6e3;\" data-darkreader-inline-color=\"\">Durante todo este mes, Jes\u00fas o uno de los ap\u00f3stoles ense\u00f1aban diariamente en el templo. Cuando las multitudes pascuales eran demasiado numerosas para entrar al templo y escuchar la ense\u00f1anza, los ap\u00f3stoles conduc\u00edan muchos grupos de ense\u00f1anza fuera de los precintos sagrados. Lo esencial de su mensaje era:<\/span><\/p>\n<p lang=\"es-ES\" align=\"LEFT\"><span style=\"font-family: georgia, palatino; font-size: 21px; color: #000000; --darkreader-inline-color: #e8e6e3;\" data-darkreader-inline-color=\"\">142:1.2<\/span><\/p>\n<p lang=\"es-ES\" align=\"LEFT\"><span style=\"font-family: georgia, palatino; font-size: 21px; color: #000000; --darkreader-inline-color: #e8e6e3;\" data-darkreader-inline-color=\"\">1. El reino del cielo se acerca.<\/span><\/p>\n<p lang=\"es-ES\" align=\"LEFT\"><span style=\"font-family: georgia, palatino; font-size: 21px; color: #000000; --darkreader-inline-color: #e8e6e3;\" data-darkreader-inline-color=\"\">142:1.3<\/span><\/p>\n<p lang=\"es-ES\" align=\"LEFT\"><span style=\"font-family: georgia, palatino; font-size: 21px; color: #000000; --darkreader-inline-color: #e8e6e3;\" data-darkreader-inline-color=\"\">2. Mediante la fe en la paternidad de Dios, pod\u00e9is entrar en el reino del cielo y as\u00ed ser hijos de Dios.<\/span><\/p>\n<p lang=\"es-ES\" align=\"LEFT\"><span style=\"font-family: georgia, palatino; font-size: 21px; color: #000000; --darkreader-inline-color: #e8e6e3;\" data-darkreader-inline-color=\"\">142:1.4<\/span><\/p>\n<p lang=\"es-ES\" align=\"LEFT\"><span style=\"font-family: georgia, palatino; font-size: 21px; color: #000000; --darkreader-inline-color: #e8e6e3;\" data-darkreader-inline-color=\"\">3. El amor es la regla del vivir dentro del reino\u2014devoci\u00f3n suprema a Dios al amar al pr\u00f3jimo como a vosotros mismos.<\/span><\/p>\n<p lang=\"es-ES\" align=\"LEFT\"><span style=\"font-family: georgia, palatino; font-size: 21px; color: #000000; --darkreader-inline-color: #e8e6e3;\" data-darkreader-inline-color=\"\">142:1.5<\/span><\/p>\n<p lang=\"es-ES\" align=\"LEFT\"><span style=\"font-family: georgia, palatino; font-size: 21px; color: #000000; --darkreader-inline-color: #e8e6e3;\" data-darkreader-inline-color=\"\">4. La obediencia a la voluntad del Padre, que produce los frutos del esp\u00edritu en la vida personal, es la ley del reino.<\/span><\/p>\n<p lang=\"es-ES\" align=\"LEFT\"><span style=\"font-family: georgia, palatino; font-size: 21px; color: #000000; --darkreader-inline-color: #e8e6e3;\" data-darkreader-inline-color=\"\">142:1.6<\/span><\/p>\n<p lang=\"es-ES\" align=\"LEFT\"><span style=\"font-family: georgia, palatino; font-size: 21px; color: #000000; --darkreader-inline-color: #e8e6e3;\" data-darkreader-inline-color=\"\">Las multitudes que ven\u00edan a celebrar la Pascua escucharon estas ense\u00f1anzas de Jes\u00fas, y cientos entre ellos se regocijaron de la buena nueva. Los altos sacerdotes y rectores de los jud\u00edos mucho se preocuparon acerca de Jes\u00fas y sus ap\u00f3stoles y discutieron qu\u00e9 deber\u00edan de hacer con ellos.<\/span><\/p>\n<p lang=\"es-ES\" align=\"LEFT\"><span style=\"font-family: georgia, palatino; font-size: 21px; color: #000000; --darkreader-inline-color: #e8e6e3;\" data-darkreader-inline-color=\"\">142:1.7<\/span><\/p>\n<p lang=\"es-ES\" align=\"LEFT\"><span style=\"font-family: georgia, palatino; font-size: 21px; color: #000000; --darkreader-inline-color: #e8e6e3;\" data-darkreader-inline-color=\"\">Adem\u00e1s de ense\u00f1ar dentro y fuera del templo, los ap\u00f3stoles y otros creyentes hac\u00edan mucho trabajo personal entre las multitudes pascuales. Estos hombres y mujeres interesados llevaron la nueva del mensaje de Jes\u00fas, escuchada durante la celebraci\u00f3n pascual, a los puntos m\u00e1s remotos del Imperio Romano y tambi\u00e9n al oeste. Fue \u00e9ste el comienzo de la expansi\u00f3n del evangelio del reino al mundo exterior. El trabajo de Jes\u00fas ya no se limitar\u00eda a Palestina.<\/span><\/p>\n<p lang=\"es-ES\" align=\"LEFT\"><strong><span style=\"font-family: georgia, palatino; font-size: 21px; color: #000000; --darkreader-inline-color: #e8e6e3;\" data-darkreader-inline-color=\"\">2. La Ira de Dios<\/span><\/strong><\/p>\n<p lang=\"es-ES\" align=\"LEFT\"><span style=\"font-family: georgia, palatino; font-size: 21px; color: #000000; --darkreader-inline-color: #e8e6e3;\" data-darkreader-inline-color=\"\">142:2.1<\/span><\/p>\n<p lang=\"es-ES\" align=\"LEFT\"><span style=\"font-family: georgia, palatino; font-size: 21px; color: #000000; --darkreader-inline-color: #e8e6e3;\" data-darkreader-inline-color=\"\">Se encontraba en Jerusal\u00e9n para asistir a las festividades de la Pascua un tal Jacobo, rico mercader jud\u00edo proveniente de Creta, que fue a ver a Andr\u00e9s con la solicitud de reunirse con Jes\u00fas en privado. Andr\u00e9s arregl\u00f3 ese encuentro secreto con Jes\u00fas en la casa de Flavio para la tarde del d\u00eda siguiente. Este hombre no pod\u00eda comprender las ense\u00f1anzas del Maestro, y hab\u00eda venido porque deseaba hacer preguntas m\u00e1s completas sobre el reino de Dios. Jacobo le dijo a Jes\u00fas: \u00abPero, Rabino, Mois\u00e9s y los profetas de ata\u00f1o nos dicen que Yahv\u00e9 es un Dios celoso, un Dios de gran ira e intenso enojo. Los profetas dicen que \u00e9l odia a los malhechores y que se venga de los que no obedecen su ley. T\u00fa y tus disc\u00edpulos nos ense\u00f1an que Dios es un Padre clemente y compasivo que tanto ama a todos los hombres que les dar\u00eda la bienvenida en este nuevo reino del cielo, que t\u00fa proclamas que se est\u00e1 acercando\u00bb.<\/span><\/p>\n<p lang=\"es-ES\" align=\"LEFT\"><span style=\"font-family: georgia, palatino; font-size: 21px; color: #000000; --darkreader-inline-color: #e8e6e3;\" data-darkreader-inline-color=\"\">142:2.2<\/span><\/p>\n<p lang=\"es-ES\" align=\"LEFT\"><span style=\"font-family: georgia, palatino; font-size: 21px; color: #000000; --darkreader-inline-color: #e8e6e3;\" data-darkreader-inline-color=\"\">Cuando Jacobo termin\u00f3 de hablar, Jes\u00fas le contest\u00f3: \u00abJacobo, has expresado bien las ense\u00f1anzas de los antiguos profetas que ense\u00f1aban a los hijos de su generaci\u00f3n de acuerdo con las luces de su \u00e9poca. Nuestro Padre en el Para\u00edso es inmutable. Pero el concepto de su naturaleza se ha ampliado y ha crecido desde los d\u00edas de Mois\u00e9s a trav\u00e9s de los tiempos de Am\u00f3s y aun hasta la generaci\u00f3n del profeta Isa\u00edas. Ahora pues he venido yo en la carne para revelar el Padre en nueva gloria y para mostrar su amor y misericordia para con todos los hombres de todos los mundos. A medida que el evangelio de este reino se derrame sobre el mundo con su mensaje de felicidad y buena voluntad para todos los hombres, se ir\u00e1n desarrollando mejores relaciones entre las familias de toda las naciones. A medida que pase el tiempo, los padres y sus hijos se amar\u00e1n m\u00e1s, y as\u00ed surgir\u00e1 una mayor comprensi\u00f3n del amor del Padre en el cielo por sus hijos en la tierra. Recuerda, Jacobo, que un padre verdadero y bueno no s\u00f3lo ama a su familia en su totalidad\u2014como una familia\u2013 sino que tambi\u00e9n ama verdaderamente y cuida afectuosamente de cada miembro\u00a0<em>individual<\/em>\u00a0de la familia\u00bb.<\/span><\/p>\n<p lang=\"es-ES\" align=\"LEFT\"><span style=\"font-family: georgia, palatino; font-size: 21px; color: #000000; --darkreader-inline-color: #e8e6e3;\" data-darkreader-inline-color=\"\">142:2.3<\/span><\/p>\n<p lang=\"es-ES\" align=\"LEFT\"><span style=\"font-family: georgia, palatino; font-size: 21px; color: #000000; --darkreader-inline-color: #e8e6e3;\" data-darkreader-inline-color=\"\">Despu\u00e9s de una larga conversaci\u00f3n sobre el car\u00e1cter del Padre celestial, Jes\u00fas paus\u00f3 para decir: \u00abT\u00fa, Jacobo, padre de muchos como t\u00fa eres, bien conoces la verdad de mis palabras\u00bb. Y Jacobo dijo: \u00abPero Maestro, \u00bfqui\u00e9n te dijo que soy padre de seis hijos? \u00bfC\u00f3mo es que t\u00fa sab\u00edas esto sobre m\u00ed?\u00bb Y respondi\u00f3 el Maestro: \u00abBasta con decir que el Padre y el Hijo conocen todas las cosas, porque en verdad lo ven todo. Como t\u00fa amas a tus hijos como padre sobre la tierra, as\u00ed debes ahora aceptar la realidad del amor del Padre celestial hacia\u00a0<em>ti<\/em>\u2014no s\u00f3lo hacia todos los hijos de Abraham, sino hacia ti, tu alma individual\u00bb.<\/span><\/p>\n<p lang=\"es-ES\" align=\"LEFT\"><span style=\"font-family: georgia, palatino; font-size: 21px; color: #000000; --darkreader-inline-color: #e8e6e3;\" data-darkreader-inline-color=\"\">142:2.4<\/span><\/p>\n<p lang=\"es-ES\" align=\"LEFT\"><span style=\"font-family: georgia, palatino; font-size: 21px; color: #000000; --darkreader-inline-color: #e8e6e3;\" data-darkreader-inline-color=\"\">Sigui\u00f3 diciendo Jes\u00fas: \u00abCuando tus hijos son muy peque\u00f1os e inmaduros, y cuando t\u00fa debes castigarlos, es posible que piensen que su padre est\u00e1 enojado y lleno de ira y resentimiento. Su inmadurez no consigue penetrar m\u00e1s all\u00e1 del castigo para discernir el afecto previsor y correctivo del padre. Pero cuando estos mismos hijos se vuelven hombres y mujeres adultos, \u00bfno es acaso una locura para ellos mantener estos conceptos previos y err\u00f3neos sobre su padre? Como hombres y mujeres ya deber\u00edan discernir el amor de su padre en estos castigos tempranos. \u00bfAcaso no deber\u00eda la humanidad, a medida que pasan los siglos, llegar a una mejor comprensi\u00f3n de la verdadera naturaleza y car\u00e1cter amante del Padre en el cielo? \u00bfQu\u00e9 hab\u00e9is ganado de las generaciones sucesivas de esclarecimiento espiritual si persist\u00eds en ver a Dios tal como lo ve\u00edan Mois\u00e9s y los profetas? Te digo, Jacobo, que bajo la luz brillante de este momento deber\u00edas ver al Padre como ninguno de los que han venido antes pudo jam\u00e1s contemplarle. Y al verlo as\u00ed, deber\u00edas regocijarte de entrar al reino en el que gobierna tan misericordioso Padre, y deber\u00edas tratar de que su voluntad de amor domine tu vida de ahora en adelante\u00bb.<\/span><\/p>\n<p lang=\"es-ES\" align=\"LEFT\"><span style=\"font-family: georgia, palatino; font-size: 21px; color: #000000; --darkreader-inline-color: #e8e6e3;\" data-darkreader-inline-color=\"\">142:2.5<\/span><\/p>\n<p lang=\"es-ES\" align=\"LEFT\"><span style=\"font-family: georgia, palatino; font-size: 21px; color: #000000; --darkreader-inline-color: #e8e6e3;\" data-darkreader-inline-color=\"\">Y Jacobo contest\u00f3: \u00abRabino, yo creo; deseo que me conduzcas al reino del Padre\u00bb.<\/span><\/p>\n<p lang=\"es-ES\" align=\"LEFT\"><strong><span style=\"font-family: georgia, palatino; font-size: 21px; color: #000000; --darkreader-inline-color: #e8e6e3;\" data-darkreader-inline-color=\"\">3. El Concepto de Dios<\/span><\/strong><\/p>\n<p lang=\"es-ES\" align=\"LEFT\"><span style=\"font-family: georgia, palatino; font-size: 21px; color: #000000; --darkreader-inline-color: #e8e6e3;\" data-darkreader-inline-color=\"\">142:3.1<\/span><\/p>\n<p lang=\"es-ES\" align=\"LEFT\"><span style=\"font-family: georgia, palatino; font-size: 21px; color: #000000; --darkreader-inline-color: #e8e6e3;\" data-darkreader-inline-color=\"\">Los doce ap\u00f3stoles, la mayor\u00eda de los cuales hab\u00edan escuchado esta conversaci\u00f3n sobre el car\u00e1cter de Dios, hicieron a Jes\u00fas muchas preguntas esa noche sobre el Padre en el cielo. Las respuestas del Maestro a estas preguntas pueden presentarse mejor mediante el resumen siguiente, puesto en lenguaje moderno:<\/span><\/p>\n<p lang=\"es-ES\" align=\"LEFT\"><span style=\"font-family: georgia, palatino; font-size: 21px; color: #000000; --darkreader-inline-color: #e8e6e3;\" data-darkreader-inline-color=\"\">142:3.2<\/span><\/p>\n<p lang=\"es-ES\" align=\"LEFT\"><span style=\"font-family: georgia, palatino; font-size: 21px; color: #000000; --darkreader-inline-color: #e8e6e3;\" data-darkreader-inline-color=\"\">Jes\u00fas reproch\u00f3 suavemente a los doce, diciendo en substancia: \u00bfNo conoc\u00e9is acaso las tradiciones de Israel relacionadas con el crecimiento de la idea Yahv\u00e9, y sois acaso ignorantes de las ense\u00f1anzas de las Escrituras sobre la doctrina de Dios? Luego el Maestro procedi\u00f3 a instruir a los ap\u00f3stoles sobre la evoluci\u00f3n del concepto de la Deidad a lo largo del curso del desarrollo del pueblo jud\u00edo. Les llam\u00f3 la atenci\u00f3n sobre las siguientes fases del crecimiento de la idea de Dios:<\/span><\/p>\n<p lang=\"es-ES\" align=\"LEFT\"><span style=\"font-family: georgia, palatino; font-size: 21px; color: #000000; --darkreader-inline-color: #e8e6e3;\" data-darkreader-inline-color=\"\">142:3.3<\/span><\/p>\n<p lang=\"es-ES\" align=\"LEFT\"><span style=\"font-family: georgia, palatino; font-size: 21px; color: #000000; --darkreader-inline-color: #e8e6e3;\" data-darkreader-inline-color=\"\">1.\u00a0<em>Yahv\u00e9:<\/em>\u00a0El dios de los clanes del Sina\u00ed. Era \u00e9ste el concepto primitivo de la Deidad, que Mois\u00e9s exalt\u00f3 al nivel m\u00e1s alto del Se\u00f1or Dios de Israel. El Padre en el cielo nunca deja de aceptar la adoraci\u00f3n sincera de sus hijos en la tierra, aunque su concepto de la Deidad sea burdo, y sea cual fuere el nombre que para ellos simboliza la naturaleza divina.<\/span><\/p>\n<p lang=\"es-ES\" align=\"LEFT\"><span style=\"font-family: georgia, palatino; font-size: 21px; color: #000000; --darkreader-inline-color: #e8e6e3;\" data-darkreader-inline-color=\"\">142:3.4<\/span><\/p>\n<p lang=\"es-ES\" align=\"LEFT\"><span style=\"font-family: georgia, palatino; font-size: 21px; color: #000000; --darkreader-inline-color: #e8e6e3;\" data-darkreader-inline-color=\"\">2.\u00a0<em>El Alt\u00edsimo.<\/em>\u00a0Este concepto del Padre en el cielo fue proclamado por Melquisedek a Abraham y fue llevado muy lejos desde Salem por los que subsiguientemente creyeron en esta idea ampliada y expandida de la Deidad. Abraham y su hermano se fueron de Ur debido al establecimiento de la adoraci\u00f3n del sol, y se tornaron creyentes en las ense\u00f1anzas de Melquisedek sobre El Ely\u00f3n\u2014el Dios Alt\u00edsimo. El concepto de ellos era un concepto compuesto de Dios que consist\u00eda en una mezcla de las ideas mesopot\u00e1micas m\u00e1s antiguas con la doctrina del Alt\u00edsimo.<\/span><\/p>\n<p lang=\"es-ES\" align=\"LEFT\"><span style=\"font-family: georgia, palatino; font-size: 21px; color: #000000; --darkreader-inline-color: #e8e6e3;\" data-darkreader-inline-color=\"\">142:3.5<\/span><\/p>\n<p lang=\"es-ES\" align=\"LEFT\"><span style=\"font-family: georgia, palatino; font-size: 21px; color: #000000; --darkreader-inline-color: #e8e6e3;\" data-darkreader-inline-color=\"\">3.\u00a0<em>El Shaddai.<\/em>\u00a0Durante estos tiempos primitivos muchos de los hebreos adoraban El Shaddai, el concepto egipcio del Dios del cielo, que hab\u00edan aprendido durante su cautiverio en la tierra del Nilo. Mucho tiempo despu\u00e9s de la \u00e9poca de Melquisedek, estos tres conceptos de Dios se unieron para formar la doctrina de la Deidad creadora, el Se\u00f1or Dios de Israel.<\/span><\/p>\n<p lang=\"es-ES\" align=\"LEFT\"><span style=\"font-family: georgia, palatino; font-size: 21px; color: #000000; --darkreader-inline-color: #e8e6e3;\" data-darkreader-inline-color=\"\">142:3.6<\/span><\/p>\n<p lang=\"es-ES\" align=\"LEFT\"><span style=\"font-family: georgia, palatino; font-size: 21px; color: #000000; --darkreader-inline-color: #e8e6e3;\" data-darkreader-inline-color=\"\">4.\u00a0<em>Elohim.<\/em>\u00a0Las ense\u00f1anzas de la Trinidad Paradisiaca han persistido desde los tiempos de Ad\u00e1n. \u00bfRecord\u00e1is c\u00f3mo las escrituras comienzan declarando que \u00aben el principio los Dioses crearon los cielos y la tierra\u00bb? Esto indica que cuando se registr\u00f3 esto, el concepto de la Trinidad, de los tres Dioses en uno, hab\u00eda encontrado lugar en la religi\u00f3n de nuestros antepasados.<\/span><\/p>\n<p lang=\"es-ES\" align=\"LEFT\"><span style=\"font-family: georgia, palatino; font-size: 21px; color: #000000; --darkreader-inline-color: #e8e6e3;\" data-darkreader-inline-color=\"\">142:3.7<\/span><\/p>\n<p lang=\"es-ES\" align=\"LEFT\"><span style=\"font-family: georgia, palatino; font-size: 21px; color: #000000; --darkreader-inline-color: #e8e6e3;\" data-darkreader-inline-color=\"\">5.\u00a0<em>El Yahv\u00e9 Supremo.<\/em>\u00a0En los tiempos de Isa\u00edas, estas creencias sobre Dios se hab\u00edan ampliado en el concepto de un Creador Universal que era simult\u00e1neamente todopoderoso y todo misericordioso. Este concepto de Dios en desarrollo y ampliaci\u00f3n suplant\u00f3 virtualmente todas las ideas previas sobre la Deidad en la religi\u00f3n de nuestros padres.<\/span><\/p>\n<p lang=\"es-ES\" align=\"LEFT\"><span style=\"font-family: georgia, palatino; font-size: 21px; color: #000000; --darkreader-inline-color: #e8e6e3;\" data-darkreader-inline-color=\"\">142:3.8<\/span><\/p>\n<p lang=\"es-ES\" align=\"LEFT\"><span style=\"font-family: georgia, palatino; font-size: 21px; color: #000000; --darkreader-inline-color: #e8e6e3;\" data-darkreader-inline-color=\"\">6.\u00a0<em>El Padre en el cielo.<\/em>\u00a0Ahora pues, conocemos a Dios como nuestro Padre en el cielo. Nuestra ense\u00f1anza provee una religi\u00f3n en la que el creyente\u00a0<em>es<\/em>\u00a0hijo de Dios. Esta es la buena nueva del evangelio del reino del cielo. Coexisten con el Padre, el Hijo y el Esp\u00edritu, y la revelaci\u00f3n de la naturaleza y ministerio de estas Deidades del Para\u00edso continuar\u00e1 ampli\u00e1ndose e ilumin\u00e1ndose a lo largo de las eras sin fin de la progresi\u00f3n espiritual eterna de los hijos ascendentes de Dios. En todos los tiempos y durante todas las \u00e9pocas la verdadera adoraci\u00f3n de todo ser humano\u2014en cuanto se relaciona con el progreso espiritual individual\u2013 es reconocida por el esp\u00edritu residente como un homenaje al Padre en el cielo.<\/span><\/p>\n<p lang=\"es-ES\" align=\"LEFT\"><span style=\"font-family: georgia, palatino; font-size: 21px; color: #000000; --darkreader-inline-color: #e8e6e3;\" data-darkreader-inline-color=\"\">142:3.9<\/span><\/p>\n<p lang=\"es-ES\" align=\"LEFT\"><span style=\"font-family: georgia, palatino; font-size: 21px; color: #000000; --darkreader-inline-color: #e8e6e3;\" data-darkreader-inline-color=\"\">Nunca antes hab\u00edan estado los ap\u00f3stoles tan anonadados como en este momento, al escuchar el relato del crecimiento del concepto de Dios en la mente jud\u00eda de las generaciones previas; estaban demasiado confundidos como para hacer preguntas. Mientras permanec\u00edan sentados ante Jes\u00fas en silencio, el Maestro continu\u00f3: \u00abY habr\u00edais conocido estas verdades si hubieseis le\u00eddo las Escrituras. \u00bfAcaso no hab\u00e9is le\u00eddo a Samuel donde dice: \u2018Y la ira del Se\u00f1or se encendi\u00f3 contra Israel, de tal modo que incit\u00f3 a David contra ellos, orden\u00e1ndole que hiciese censo de Israel y Jud\u00e1\u2019? Y eso no era extra\u00f1o porque en los d\u00edas de Samuel los hijos de Abraham realmente cre\u00edan que Yahv\u00e9 hab\u00eda creado tanto el bien como el mal. Pero cuando un escritor posterior narr\u00f3 estos acontecimientos, despu\u00e9s de la ampliaci\u00f3n del concepto jud\u00edo sobre la naturaleza de Dios, no se atrevi\u00f3 atribuir el mal a Yahv\u00e9, por consiguiente dijo: \u2018Y Satan\u00e1s se levant\u00f3 contra Israel e incit\u00f3 a David a que hiciese censo de Israel\u2019 \u00bfAcaso no sois capaces de discernir que tales narraciones de las Escrituras muestran claramente como el concepto de la naturaleza de Dios continu\u00f3 creciendo de una generaci\u00f3n a la otra?<\/span><\/p>\n<p lang=\"es-ES\" align=\"LEFT\"><span style=\"font-family: georgia, palatino; font-size: 21px; color: #000000; --darkreader-inline-color: #e8e6e3;\" data-darkreader-inline-color=\"\">142:3.10<\/span><\/p>\n<p lang=\"es-ES\" align=\"LEFT\"><span style=\"font-family: georgia, palatino; font-size: 21px; color: #000000; --darkreader-inline-color: #e8e6e3;\" data-darkreader-inline-color=\"\">\u00abTambi\u00e9n deber\u00edais haber discernido el crecimiento de la comprensi\u00f3n de la ley divina, en perfecta armon\u00eda con estos conceptos ampliados de la divinidad. Cuando los hijos de Israel salieron de Egipto, en los d\u00edas antes de la revelaci\u00f3n ampliada de Yahv\u00e9, ten\u00edan diez mandamientos que les sirvieron de ley hasta el momento en que acamparon frente al Sina\u00ed. Y estos diez mandamientos eran:<\/span><\/p>\n<p lang=\"es-ES\" align=\"LEFT\"><span style=\"font-family: georgia, palatino; font-size: 21px; color: #000000; --darkreader-inline-color: #e8e6e3;\" data-darkreader-inline-color=\"\">142:3.11<\/span><\/p>\n<p lang=\"es-ES\" align=\"LEFT\"><span style=\"font-family: georgia, palatino; font-size: 21px; color: #000000; --darkreader-inline-color: #e8e6e3;\" data-darkreader-inline-color=\"\">\u00ab1. No adorar\u00e1s a otro dios, porque el Se\u00f1or es un Dios celoso.<\/span><\/p>\n<p lang=\"es-ES\" align=\"LEFT\"><span style=\"font-family: georgia, palatino; font-size: 21px; color: #000000; --darkreader-inline-color: #e8e6e3;\" data-darkreader-inline-color=\"\">142:3.12<\/span><\/p>\n<p lang=\"es-ES\" align=\"LEFT\"><span style=\"font-family: georgia, palatino; font-size: 21px; color: #000000; --darkreader-inline-color: #e8e6e3;\" data-darkreader-inline-color=\"\">\u00ab2. No har\u00e1s im\u00e1genes fundidas de dios.<\/span><\/p>\n<p lang=\"es-ES\" align=\"LEFT\"><span style=\"font-family: georgia, palatino; font-size: 21px; color: #000000; --darkreader-inline-color: #e8e6e3;\" data-darkreader-inline-color=\"\">142:3.13<\/span><\/p>\n<p lang=\"es-ES\" align=\"LEFT\"><span style=\"font-family: georgia, palatino; font-size: 21px; color: #000000; --darkreader-inline-color: #e8e6e3;\" data-darkreader-inline-color=\"\">\u00ab3. No dejar\u00e1s de santificar la fiesta del pan \u00e1zimo.<\/span><\/p>\n<p lang=\"es-ES\" align=\"LEFT\"><span style=\"font-family: georgia, palatino; font-size: 21px; color: #000000; --darkreader-inline-color: #e8e6e3;\" data-darkreader-inline-color=\"\">142:3.14<\/span><\/p>\n<p lang=\"es-ES\" align=\"LEFT\"><span style=\"font-family: georgia, palatino; font-size: 21px; color: #000000; --darkreader-inline-color: #e8e6e3;\" data-darkreader-inline-color=\"\">\u00ab4. De todos los hombres varones y animales machos, los primog\u00e9nitos son m\u00edos, dice el Se\u00f1or.<\/span><\/p>\n<p lang=\"es-ES\" align=\"LEFT\"><span style=\"font-family: georgia, palatino; font-size: 21px; color: #000000; --darkreader-inline-color: #e8e6e3;\" data-darkreader-inline-color=\"\">142:3.15<\/span><\/p>\n<p lang=\"es-ES\" align=\"LEFT\"><span style=\"font-family: georgia, palatino; font-size: 21px; color: #000000; --darkreader-inline-color: #e8e6e3;\" data-darkreader-inline-color=\"\">\u00ab5. Seis d\u00edas trabajar\u00e1s, pero el s\u00e9ptimo d\u00eda descansar\u00e1s.<\/span><\/p>\n<p lang=\"es-ES\" align=\"LEFT\"><span style=\"font-family: georgia, palatino; font-size: 21px; color: #000000; --darkreader-inline-color: #e8e6e3;\" data-darkreader-inline-color=\"\">142:3.16<\/span><\/p>\n<p lang=\"es-ES\" align=\"LEFT\"><span style=\"font-family: georgia, palatino; font-size: 21px; color: #000000; --darkreader-inline-color: #e8e6e3;\" data-darkreader-inline-color=\"\">\u00ab6. No dejar\u00e1s de santificar la fiesta de las primeras frutas y la fiesta de la cosecha a la salida del a\u00f1o.<\/span><\/p>\n<p lang=\"es-ES\" align=\"LEFT\"><span style=\"font-family: georgia, palatino; font-size: 21px; color: #000000; --darkreader-inline-color: #e8e6e3;\" data-darkreader-inline-color=\"\">142:3.17<\/span><\/p>\n<p lang=\"es-ES\" align=\"LEFT\"><span style=\"font-family: georgia, palatino; font-size: 21px; color: #000000; --darkreader-inline-color: #e8e6e3;\" data-darkreader-inline-color=\"\">\u00ab7. No ofrecer\u00e1s la sangre de los sacrificios con pan leudado.<\/span><\/p>\n<p lang=\"es-ES\" align=\"LEFT\"><span style=\"font-family: georgia, palatino; font-size: 21px; color: #000000; --darkreader-inline-color: #e8e6e3;\" data-darkreader-inline-color=\"\">142:3.18<\/span><\/p>\n<p lang=\"es-ES\" align=\"LEFT\"><span style=\"font-family: georgia, palatino; font-size: 21px; color: #000000; --darkreader-inline-color: #e8e6e3;\" data-darkreader-inline-color=\"\">\u00ab8. El sacrificio de la fiesta de Pascua no debe dejarse hasta la ma\u00f1ana.<\/span><\/p>\n<p lang=\"es-ES\" align=\"LEFT\"><span style=\"font-family: georgia, palatino; font-size: 21px; color: #000000; --darkreader-inline-color: #e8e6e3;\" data-darkreader-inline-color=\"\">142:3.19<\/span><\/p>\n<p lang=\"es-ES\" align=\"LEFT\"><span style=\"font-family: georgia, palatino; font-size: 21px; color: #000000; --darkreader-inline-color: #e8e6e3;\" data-darkreader-inline-color=\"\">\u00ab9. Las primicias de los primeros frutos de la tierra llevar\u00e1s a la casa del Se\u00f1or tu Dios.<\/span><\/p>\n<p lang=\"es-ES\" align=\"LEFT\"><span style=\"font-family: georgia, palatino; font-size: 21px; color: #000000; --darkreader-inline-color: #e8e6e3;\" data-darkreader-inline-color=\"\">142:3.20<\/span><\/p>\n<p lang=\"es-ES\" align=\"LEFT\"><span style=\"font-family: georgia, palatino; font-size: 21px; color: #000000; --darkreader-inline-color: #e8e6e3;\" data-darkreader-inline-color=\"\">\u00ab10. No cocer\u00e1s el cabrito en la leche de su madre.<\/span><\/p>\n<p lang=\"es-ES\" align=\"LEFT\"><span style=\"font-family: georgia, palatino; font-size: 21px; color: #000000; --darkreader-inline-color: #e8e6e3;\" data-darkreader-inline-color=\"\">142:3.21<\/span><\/p>\n<p lang=\"es-ES\" align=\"LEFT\"><span style=\"font-family: georgia, palatino; font-size: 21px; color: #000000; --darkreader-inline-color: #e8e6e3;\" data-darkreader-inline-color=\"\">\u00abY luego, entre truenos y rel\u00e1mpagos en el Sina\u00ed, Mois\u00e9s les dio los nuevos diez mandamientos, que todos vosotros estar\u00e9is de acuerdo en que son pronunciamientos m\u00e1s nobles, m\u00e1s de acuerdo con los conceptos yahv\u00e9itas ampliados de la Deidad. \u00bfAcaso nunca notasteis que estos mandamientos, tal como aparecen dos veces en las Escrituras, en el primer caso consideran que la liberaci\u00f3n del cautiverio en Egipto es la raz\u00f3n para acatar el s\u00e1bado, mientras que en el segundo, el progreso de las creencias religiosas de nuestros antepasados exig\u00eda que el hecho de la creaci\u00f3n se reconociera como la motivaci\u00f3n de la observancia del s\u00e1bado?<\/span><\/p>\n<p lang=\"es-ES\" align=\"LEFT\"><span style=\"font-family: georgia, palatino; font-size: 21px; color: #000000; --darkreader-inline-color: #e8e6e3;\" data-darkreader-inline-color=\"\">142:3.22<\/span><\/p>\n<p lang=\"es-ES\" align=\"LEFT\"><span style=\"font-family: georgia, palatino; font-size: 21px; color: #000000; --darkreader-inline-color: #e8e6e3;\" data-darkreader-inline-color=\"\">\u00abY luego, recordar\u00e9is que una vez m\u00e1s\u2014en la \u00e9poca m\u00e1s espiritualmente esclarecida de Isa\u00edas\u2013 estos diez mandamientos negativos fueron cambiados en la gran ley positiva del amor, la exhortaci\u00f3n de amar a Dios en forma suprema y a vuestro pr\u00f3jimo como a vosotros mismos. Esta suprema ley de amor hacia Dios y hacia el hombre es la que yo tambi\u00e9n os declaro, como el deber total del hombre\u00bb.<\/span><\/p>\n<p lang=\"es-ES\" align=\"LEFT\"><span style=\"font-family: georgia, palatino; font-size: 21px; color: #000000; --darkreader-inline-color: #e8e6e3;\" data-darkreader-inline-color=\"\">142:3.23<\/span><\/p>\n<p lang=\"es-ES\" align=\"LEFT\"><span style=\"font-family: georgia, palatino; font-size: 21px; color: #000000; --darkreader-inline-color: #e8e6e3;\" data-darkreader-inline-color=\"\">Cuando termin\u00f3 de hablar, nadie le pregunt\u00f3 nada. Se alejaron cada uno a su sitio de descanso.<\/span><\/p>\n<p lang=\"es-ES\" align=\"LEFT\"><strong><span style=\"font-family: georgia, palatino; font-size: 21px; color: #000000; --darkreader-inline-color: #e8e6e3;\" data-darkreader-inline-color=\"\">4. Flavio y la Cultura Griega<\/span><\/strong><\/p>\n<p lang=\"es-ES\" align=\"LEFT\"><span style=\"font-family: georgia, palatino; font-size: 21px; color: #000000; --darkreader-inline-color: #e8e6e3;\" data-darkreader-inline-color=\"\">142:4.1<\/span><\/p>\n<p lang=\"es-ES\" align=\"LEFT\"><span style=\"font-family: georgia, palatino; font-size: 21px; color: #000000; --darkreader-inline-color: #e8e6e3;\" data-darkreader-inline-color=\"\">Flavio, el jud\u00edo griego, era un pros\u00e9lito del portal, pues no hab\u00eda sido circuncidado ni bautizado, y puesto que mucho amaba lo bello en arte y escultura, la casa que ocupaba durante su estad\u00eda en Jerusal\u00e9n era un hermoso edificio. Esta casa estaba exquisitamente adornada con tesoros invaluables, que \u00e9l hab\u00eda recogido aqu\u00ed y all\u00ed en sus viajes por el mundo. Cuando se le ocurri\u00f3 por primera vez invitar a Jes\u00fas a su casa, tem\u00eda que el Maestro pudiese ofenderse a la vista de tantas as\u00ed llamadas im\u00e1genes. Pero Flavio estuvo agradablemente sorprendido cuando Jes\u00fas entr\u00f3 a la casa y, en vez de reprocharle el poseer estos objetos supuestamente id\u00f3latras esparcidos por toda la casa, manifest\u00f3 gran inter\u00e9s en la colecci\u00f3n entera e hizo muchas preguntas apreciativas sobre cada objeto a medida que Flavio lo acompa\u00f1aba de cuarto en cuarto, mostr\u00e1ndole sus estatuas favoritas.<\/span><\/p>\n<p lang=\"es-ES\" align=\"LEFT\"><span style=\"font-family: georgia, palatino; font-size: 21px; color: #000000; --darkreader-inline-color: #e8e6e3;\" data-darkreader-inline-color=\"\">142:4.2<\/span><\/p>\n<p lang=\"es-ES\" align=\"LEFT\"><span style=\"font-family: georgia, palatino; font-size: 21px; color: #000000; --darkreader-inline-color: #e8e6e3;\" data-darkreader-inline-color=\"\">El Maestro vio que su anfitri\u00f3n estaba sorprendido por su actitud positiva sobre el arte; por consiguiente, cuando terminaron de ver la entera colecci\u00f3n, Jes\u00fas dijo: \u00abPorque sabes apreciar la belleza de las cosas creadas por mi Padre y hechas por las manos art\u00edsticas del hombre, \u00bfesperas que yo te reproche? S\u00f3lo porque Mois\u00e9s intent\u00f3 combatir la idolatr\u00eda y la adoraci\u00f3n de los dioses falsos, \u00bfpor qu\u00e9 deben todos los hombres ponerse en contra de la reproducci\u00f3n de la elegancia y de la belleza? Yo te digo, Flavio, que los hijos de Mois\u00e9s no supieron interpretarlo y ahora crean falsos dioses aun de sus prohibiciones de las im\u00e1genes de los objetos del cielo y de la tierra. Pero, aunque Mois\u00e9s ense\u00f1ara estas restricciones a la mente en tinieblas de aquellos d\u00edas, \u00bfqu\u00e9 tiene eso que ver con esta \u00e9poca, en la que el Padre en el cielo se revela como el Gobernante Espiritual universal por sobre todas las cosas? Flavio, yo declaro que en el reino venidero ya no ense\u00f1ar\u00e1n, \u2018no ador\u00e9is esto y no ador\u00e9is aquello\u2019; ya no se preocupar\u00e1n de instar a que evit\u00e9is esto y a que no hag\u00e1is aquello, sino m\u00e1s bien, todos se ocupar\u00e1n de un deber supremo. Y \u00e9ste deber del hombre est\u00e1 expresado en dos grandes privilegios: adoraci\u00f3n sincera del Creador infinito, del Padre del Para\u00edso, y servicio amante dado a los semejantes. Si amas a tu pr\u00f3jimo como te amas a ti mismo, realmente conocer\u00e1s que eres hijo de Dios.<\/span><\/p>\n<p lang=\"es-ES\" align=\"LEFT\"><span style=\"font-family: georgia, palatino; font-size: 21px; color: #000000; --darkreader-inline-color: #e8e6e3;\" data-darkreader-inline-color=\"\">142:4.3<\/span><\/p>\n<p lang=\"es-ES\" align=\"LEFT\"><span style=\"font-family: georgia, palatino; font-size: 21px; color: #000000; --darkreader-inline-color: #e8e6e3;\" data-darkreader-inline-color=\"\">\u00abEn una \u00e9poca en que mi Padre no era bien comprendido, Mois\u00e9s estaba justificado en sus intentos de resistir la idolatr\u00eda, pero en la era venidera el Padre habr\u00e1 sido revelado en la vida del Hijo; y esta nueva revelaci\u00f3n de Dios har\u00e1 por siempre innecesario confundir al Padre Creador con los \u00eddolos de piedra o las im\u00e1genes de oro y plata. De aqu\u00ed en adelante los hombres inteligentes podr\u00e1n disfrutar de los tesoros del arte sin confundir la apreciaci\u00f3n material de la belleza con la adoraci\u00f3n y servicio del Padre del Para\u00edso, el Dios de todas las cosas y de todos los seres\u00bb.<\/span><\/p>\n<p lang=\"es-ES\" align=\"LEFT\"><span style=\"font-family: georgia, palatino; font-size: 21px; color: #000000; --darkreader-inline-color: #e8e6e3;\" data-darkreader-inline-color=\"\">142:4.4<\/span><\/p>\n<p lang=\"es-ES\" align=\"LEFT\"><span style=\"font-family: georgia, palatino; font-size: 21px; color: #000000; --darkreader-inline-color: #e8e6e3;\" data-darkreader-inline-color=\"\">Flavio crey\u00f3 todo lo que Jes\u00fas le ense\u00f1aba. Al d\u00eda siguiente fue a Betania allende el Jord\u00e1n y fue bautizado por los disc\u00edpulos de Juan. Hizo esto porque los ap\u00f3stoles de Jes\u00fas a\u00fan no bautizaban a los creyentes. Cuando Flavio retorn\u00f3 a Jerusal\u00e9n, hizo una gran fiesta para Jes\u00fas e invit\u00f3 a sesenta de sus amigos. Muchos de esos invitados tambi\u00e9n se hicieron creyentes en el mensaje del reino venidero.<\/span><\/p>\n<p lang=\"es-ES\" align=\"LEFT\"><strong><span style=\"font-family: georgia, palatino; font-size: 21px; color: #000000; --darkreader-inline-color: #e8e6e3;\" data-darkreader-inline-color=\"\">5. El Discurso Sobre la Certidumbre<\/span><\/strong><\/p>\n<p lang=\"es-ES\" align=\"LEFT\"><span style=\"font-family: georgia, palatino; font-size: 21px; color: #000000; --darkreader-inline-color: #e8e6e3;\" data-darkreader-inline-color=\"\">142:5.1<\/span><\/p>\n<p lang=\"es-ES\" align=\"LEFT\"><span style=\"font-family: georgia, palatino; font-size: 21px; color: #000000; --darkreader-inline-color: #e8e6e3;\" data-darkreader-inline-color=\"\">Uno de los grandes sermones que predic\u00f3 Jes\u00fas en el templo durante esa semana de Pascua fue en respuesta a una pregunta de uno de los oyentes, un hombre de Damasco. \u00c9ste pregunt\u00f3 a Jes\u00fas: \u00abPero, Rabino, \u00bfc\u00f3mo sabremos con certidumbre que t\u00fa has sido enviado por Dios, y que nosotros podremos en verdad entrar en este reino que t\u00fa y tus disc\u00edpulos declaran venidero?\u00bb Y Jes\u00fas respondi\u00f3:<\/span><\/p>\n<p lang=\"es-ES\" align=\"LEFT\"><span style=\"font-family: georgia, palatino; font-size: 21px; color: #000000; --darkreader-inline-color: #e8e6e3;\" data-darkreader-inline-color=\"\">142:5.2<\/span><\/p>\n<p lang=\"es-ES\" align=\"LEFT\"><span style=\"font-family: georgia, palatino; font-size: 21px; color: #000000; --darkreader-inline-color: #e8e6e3;\" data-darkreader-inline-color=\"\">\u00abEn cuanto a mi mensaje y a las ense\u00f1anzas de mis disc\u00edpulos, deb\u00e9is juzgarlos por sus frutos. Si os proclamamos las verdades del esp\u00edritu, el esp\u00edritu atestiguar\u00e1 en vuestro coraz\u00f3n que nuestro mensaje es genuino. En cuanto al reino y a vuestra certidumbre de que ser\u00e9is aceptados por el Padre celestial, permitidme preguntaros \u00bfqu\u00e9 padre entre vosotros, digno de llamarse padre y con un coraz\u00f3n tierno, abandonar\u00eda a su hijo en la ansiedad o en el suspenso sobre su posici\u00f3n dentro de la familia o su sitio asegurado en el afecto del coraz\u00f3n de su padre? \u00bfAcaso vosotros, padres terrestres, disfrut\u00e1is torturando a vuestros hijos con incertidumbres sobre el lugar de amor que ocupan en vuestro coraz\u00f3n paterno humano? Tampoco abandona vuestro Padre en el cielo a sus hijos de fe del esp\u00edritu en la incertidumbre de no saber cu\u00e1l es su posici\u00f3n en el reino. Si recib\u00eds a Dios como vuestro Padre, de verdad y de veras ser\u00e9is hijos de Dios. Y si sois hijos, os encontrar\u00e9is seguros en vuestra posici\u00f3n en todo cuanto se refiera a la filiaci\u00f3n eterna y divina. Si cre\u00e9is mis palabras, cre\u00e9is de este modo en Aquel que me envi\u00f3; y creyendo as\u00ed en el Padre os hab\u00e9is asegurado vuestro estado en la ciudadan\u00eda celestial. Si hac\u00e9is la voluntad del Padre en el cielo, no dejar\u00e9is jam\u00e1s de alcanzar la vida eterna de progreso en el reino divino.<\/span><\/p>\n<p lang=\"es-ES\" align=\"LEFT\"><span style=\"font-family: georgia, palatino; font-size: 21px; color: #000000; --darkreader-inline-color: #e8e6e3;\" data-darkreader-inline-color=\"\">142:5.3<\/span><\/p>\n<p lang=\"es-ES\" align=\"LEFT\"><span style=\"font-family: georgia, palatino; font-size: 21px; color: #000000; --darkreader-inline-color: #e8e6e3;\" data-darkreader-inline-color=\"\"><br \/>\n\u00abEl Esp\u00edritu Supremo ser\u00e1 testigo con vuestro esp\u00edritu de que sois realmente hijos de Dios. Y si sois hijos de Dios, hab\u00e9is nacido del esp\u00edritu de Dios; y el que haya nacido del esp\u00edritu, tiene dentro de s\u00ed el poder de sobreponerse a toda duda, y \u00e9sta es la victoria que se sobrepone a toda incertidumbre, aun vuestra fe.<\/span><\/p>\n<p lang=\"es-ES\" align=\"LEFT\"><span style=\"font-family: georgia, palatino; font-size: 21px; color: #000000; --darkreader-inline-color: #e8e6e3;\" data-darkreader-inline-color=\"\">142:5.4<\/span><\/p>\n<p lang=\"es-ES\" align=\"LEFT\"><span style=\"font-family: georgia, palatino; font-size: 21px; color: #000000; --darkreader-inline-color: #e8e6e3;\" data-darkreader-inline-color=\"\">\u00abDijo el profeta Isa\u00edas hablando de estos tiempos: \u2018cuando el esp\u00edritu se derrame sobre nosotros desde lo alto, entonces la labor de la rectitud significar\u00e1 paz, reposo, y seguridad para siempre\u2019. Para todos aquellos que crean verdaderamente en este evangelio, yo ser\u00e9 la garant\u00eda de su recepci\u00f3n en la misericordia eterna y en la vida perdurable del reino de mi Padre. As\u00ed pues vosotros que o\u00eds de este mensaje y cre\u00e9is en este evangelio del reino sois hijos de Dios, y ten\u00e9is vida para siempre; y la prueba para todo el mundo de que hab\u00e9is nacido del esp\u00edritu est\u00e1 en que vosotros os am\u00e1is sinceramente los unos a los otros\u00bb.<\/span><\/p>\n<p lang=\"es-ES\" align=\"LEFT\"><span style=\"font-family: georgia, palatino; font-size: 21px; color: #000000; --darkreader-inline-color: #e8e6e3;\" data-darkreader-inline-color=\"\">142:5.5<\/span><\/p>\n<p lang=\"es-ES\" align=\"LEFT\"><span style=\"font-family: georgia, palatino; font-size: 21px; color: #000000; --darkreader-inline-color: #e8e6e3;\" data-darkreader-inline-color=\"\">El gent\u00edo de escuchadores permaneci\u00f3 muchas horas con Jes\u00fas haci\u00e9ndole preguntas y escuchando atentamente sus respuestas consoladoras. Aun los ap\u00f3stoles se sent\u00edan fortalecidos por las ense\u00f1anzas de Jes\u00fas, y pudieron predicar el evangelio del reino con m\u00e1s fuerza y certidumbre. Esta experiencia en Jerusal\u00e9n fue una gran inspiraci\u00f3n para los doce. Fue su primer contacto con multitudes tan enormes, y aprendieron muchas lecciones valiosas que les resultaron de gran ayuda en su trabajo posterior.<\/span><\/p>\n<p lang=\"es-ES\" align=\"LEFT\"><strong><span style=\"font-family: georgia, palatino; font-size: 21px; color: #000000; --darkreader-inline-color: #e8e6e3;\" data-darkreader-inline-color=\"\">6. El Encuentro con Nicodemo<\/span><\/strong><\/p>\n<p lang=\"es-ES\" align=\"LEFT\"><span style=\"font-family: georgia, palatino; font-size: 21px; color: #000000; --darkreader-inline-color: #e8e6e3;\" data-darkreader-inline-color=\"\">142:6.1<br \/>\nUna tarde en la casa de Flavio vino a ver a Jes\u00fas un cierto Nicodemo, rico y anciano miembro del sanedr\u00edn jud\u00edo. Mucho hab\u00eda o\u00eddo \u00e9l sobre las ense\u00f1anzas de este galileo, y por eso fue una tarde a escucharle cuando ense\u00f1aba en los patios del templo. Hubiera querido ir a menudo a escuchar las ense\u00f1anzas de Jes\u00fas, pero tem\u00eda ser visto por la gente que estaba presente en estas conferencias, porque ya los rectores jud\u00edos estaban tan en contra de Jes\u00fas que ning\u00fan miembro del sanedr\u00edn quer\u00eda identificarse abiertamente con \u00e9l. Por consiguiente, Nicodemo hab\u00eda arreglado con Andr\u00e9s de ver a Jes\u00fas en privado, despu\u00e9s de la ca\u00edda del sol, esta tarde en particular. Pedro, Santiago y Juan estaban en el jard\u00edn de Flavio cuando comenz\u00f3 la entrevista, pero m\u00e1s tarde entraron a la casa en donde continu\u00f3 el di\u00e1logo.<\/span><\/p>\n<p lang=\"es-ES\" align=\"LEFT\"><span style=\"font-family: georgia, palatino; font-size: 21px; color: #000000; --darkreader-inline-color: #e8e6e3;\" data-darkreader-inline-color=\"\">142:6.2<\/span><\/p>\n<p lang=\"es-ES\" align=\"LEFT\"><span style=\"font-family: georgia, palatino; font-size: 21px; color: #000000; --darkreader-inline-color: #e8e6e3;\" data-darkreader-inline-color=\"\">Al recibir a Nicodemo, Jes\u00fas no demostr\u00f3 una deferencia especial; al hablar con \u00e9l, no hab\u00eda concesi\u00f3n ni tampoco un tono indebidamente persuasivo. El Maestro no hizo ning\u00fan intento de rechazar a su visitante sigiloso, ni tampoco lo trat\u00f3 con sarcasmo. En todo su trato con el distinguido visitante, Jes\u00fas se mostr\u00f3 calmo, honesto y digno. Nicodemo no era un delegado oficial del sanedr\u00edn; vino a ver a Jes\u00fas solamente debido a su inter\u00e9s personal y sincero en las ense\u00f1anzas del Maestro.<\/span><\/p>\n<p lang=\"es-ES\" align=\"LEFT\"><span style=\"font-family: georgia, palatino; font-size: 21px; color: #000000; --darkreader-inline-color: #e8e6e3;\" data-darkreader-inline-color=\"\">142:6.3<br \/>\nAl ser presentado por Flavio, dijo Nicodemo: \u00abRabino, sabemos que eres un maestro enviado por Dios, porque ning\u00fan mero hombre podr\u00eda ense\u00f1ar as\u00ed a menos que Dios estuviese con \u00e9l. Y estoy deseoso de conocer m\u00e1s de tus ense\u00f1anzas sobre el reino venidero\u00bb.<\/span><\/p>\n<p lang=\"es-ES\" align=\"LEFT\"><span style=\"font-family: georgia, palatino; font-size: 21px; color: #000000; --darkreader-inline-color: #e8e6e3;\" data-darkreader-inline-color=\"\">142:6.4<br \/>\nJes\u00fas respondi\u00f3 a Nicodemo: \u00abDe cierto, de cierto te digo, Nicodemo, que si un hombre no naciere de lo alto, no puede ver el reino de Dios\u00bb. Entonces replic\u00f3 Nicodemo: \u00abPero, \u00bfc\u00f3mo puede un hombre nacer de nuevo cuando ya es viejo? No puede entrar por segunda vez en el vientre de su madre para nacer\u00bb.<\/span><\/p>\n<p lang=\"es-ES\" align=\"LEFT\"><span style=\"font-family: georgia, palatino; font-size: 21px; color: #000000; --darkreader-inline-color: #e8e6e3;\" data-darkreader-inline-color=\"\">142:6.5<br \/>\nDijo Jes\u00fas: \u00abSin embargo, yo te declaro que, a menos que un hombre naciere del esp\u00edritu, no podr\u00e1 entrar en el reino de Dios. Lo que nace de la carne, carne es, y lo que nace del esp\u00edritu, esp\u00edritu es. Pero no debes sorprenderte de que yo haya dicho que debes nacer de lo alto. Cuando sopla el viento, oyes el murmullo de las hojas, pero no ves el viento\u2014de donde viene y adonde va\u2013 y as\u00ed es con todo aquel que nace del esp\u00edritu. Con los ojos de la carne puedes contemplar las manifestaciones del esp\u00edritu, pero no puedes en verdad discernir el esp\u00edritu\u00bb.<\/span><\/p>\n<p lang=\"es-ES\" align=\"LEFT\"><span style=\"font-family: georgia, palatino; font-size: 21px; color: #000000; --darkreader-inline-color: #e8e6e3;\" data-darkreader-inline-color=\"\">142:6.6<\/span><\/p>\n<p lang=\"es-ES\" align=\"LEFT\"><span style=\"font-family: georgia, palatino; font-size: 21px; color: #000000; --darkreader-inline-color: #e8e6e3;\" data-darkreader-inline-color=\"\">Replic\u00f3 Nicodemo: \u00abPero no comprendo; \u00bfc\u00f3mo puede eso ser?\u00bb Dijo Jes\u00fas: \u00ab\u00bfEs posible que t\u00fa seas un maestro en Israel y sin embargo ignores todo esto? Se vuelve pues el deber de los que conocen las realidades del esp\u00edritu revelar estas cosas a los que disciernen tan s\u00f3lo las manifestaciones del mundo material. Pero \u00bfnos creer\u00e1s a nosotros, si te decimos las verdades celestiales? \u00bfTienes t\u00fa el coraje, Nicodemo, de creer en el que ha descendido del cielo, aun en el Hijo del Hombre?\u00bb<\/span><\/p>\n<p lang=\"es-ES\" align=\"LEFT\"><span style=\"font-family: georgia, palatino; font-size: 21px; color: #000000; --darkreader-inline-color: #e8e6e3;\" data-darkreader-inline-color=\"\">142:6.7<br \/>\nY dijo Nicodemo: \u00abPero \u00bfc\u00f3mo podr\u00e9 yo comenzar a captar este esp\u00edritu que ha de rehacerme en preparaci\u00f3n para entrar al reino?\u00bb Respondi\u00f3 Jes\u00fas: \u00abEl esp\u00edritu del Padre en el cielo ya reside en ti. Si te dejas conducir por este esp\u00edritu que viene de lo alto, muy pronto comenzar\u00e1s a ver con los ojos del esp\u00edritu. Cuando esto ocurra y t\u00fa elijas de todo coraz\u00f3n seguir la direcci\u00f3n del esp\u00edritu, nacer\u00e1s del esp\u00edritu, puesto que tu \u00fanico prop\u00f3sito del vivir ser\u00e1 hacer la voluntad de tu Padre que est\u00e1 en el cielo. Al encontrarte nacido del esp\u00edritu, y feliz en el reino de Dios, comenzar\u00e1s a rendir en tu vida diaria los frutos abundantes del esp\u00edritu\u00bb.<\/span><\/p>\n<p lang=\"es-ES\" align=\"LEFT\"><span style=\"font-family: georgia, palatino; font-size: 21px; color: #000000; --darkreader-inline-color: #e8e6e3;\" data-darkreader-inline-color=\"\">142:6.8<\/span><\/p>\n<p lang=\"es-ES\" align=\"LEFT\"><span style=\"font-family: georgia, palatino; font-size: 21px; color: #000000; --darkreader-inline-color: #e8e6e3;\" data-darkreader-inline-color=\"\">Nicodemo era completamente sincero. Estaba profundamente afectado, pero se alej\u00f3 perplejo. Nicodemo era una persona con un yo bien desarrollado y con buen autocontrol, y aun pose\u00eda altas cualidades morales. Era refinado, ego\u00edsta y altruista; pero no sab\u00eda como\u00a0<em>someter<\/em>\u00a0su voluntad a la voluntad del Padre divino as\u00ed como un ni\u00f1o se somete voluntariamente a la gu\u00eda y a la direcci\u00f3n de un padre terrestre sabio y amante, para volverse verdaderamente hijo de Dios, heredero progresivo del reino eterno.<\/span><\/p>\n<p lang=\"es-ES\" align=\"LEFT\"><span style=\"font-family: georgia, palatino; font-size: 21px; color: #000000; --darkreader-inline-color: #e8e6e3;\" data-darkreader-inline-color=\"\">142:6.9<\/span><\/p>\n<p lang=\"es-ES\" align=\"LEFT\"><span style=\"font-family: georgia, palatino; font-size: 21px; color: #000000; --darkreader-inline-color: #e8e6e3;\" data-darkreader-inline-color=\"\">Pero Nicodemo supo tener fe suficiente para llegar al reino. Protest\u00f3 t\u00edmidamente cuando sus colegas del sanedr\u00edn quisieron condenar a Jes\u00fas sin audici\u00f3n; y m\u00e1s tarde, con Jos\u00e9 de Arimatea, confes\u00f3 valientemente su fe y reclam\u00f3 el cuerpo de Jes\u00fas, aun cuando la mayor\u00eda de los disc\u00edpulos hab\u00edan huido atemorizados de la escena del sufrimiento final y muerte del Maestro.<\/span><\/p>\n<p lang=\"es-ES\" align=\"LEFT\"><strong><span style=\"font-family: georgia, palatino; font-size: 21px; color: #000000; --darkreader-inline-color: #e8e6e3;\" data-darkreader-inline-color=\"\">7. La Lecci\u00f3n Sobre la Familia<\/span><\/strong><\/p>\n<p lang=\"es-ES\" align=\"LEFT\"><span style=\"font-family: georgia, palatino; font-size: 21px; color: #000000; --darkreader-inline-color: #e8e6e3;\" data-darkreader-inline-color=\"\">142:7.1<\/span><\/p>\n<p lang=\"es-ES\" align=\"LEFT\"><span style=\"font-family: georgia, palatino; font-size: 21px; color: #000000; --darkreader-inline-color: #e8e6e3;\" data-darkreader-inline-color=\"\">Despu\u00e9s del activo per\u00edodo de ense\u00f1anza y trabajo personal durante la semana Pascual en Jerusal\u00e9n, Jes\u00fas pas\u00f3 el mi\u00e9rcoles siguiente en Betania con sus ap\u00f3stoles, descansando. Esa tarde, Tom\u00e1s hizo una pregunta que produjo una respuesta larga e instructiva. Dijo Tom\u00e1s: \u00abMaestro, el d\u00eda que nos seleccionaste como embajadores del reino, nos dijiste muchas cosas, nos instruiste sobre nuestro modo personal de vida, pero, \u00bfqu\u00e9 le ense\u00f1aremos a la multitud? \u00bfC\u00f3mo deben vivir estas personas despu\u00e9s de que el reino llegue m\u00e1s plenamente? \u00bfDeber\u00e1n tus disc\u00edpulos poseer esclavos? \u00bfCortejar\u00e1n tus creyentes la pobreza y rechazar\u00e1n la propiedad privada? \u00bfReinar\u00e1 la misericordia por s\u00ed sola de modo tal que ya no habr\u00e1 ley ni justicia?\u00bb Jes\u00fas y los doce pasaron toda la tarde y la noche despu\u00e9s de la cena discutiendo las preguntas de Tom\u00e1s. Para los fines de esta narraci\u00f3n presentamos el siguiente resumen de las instrucciones del Maestro:<\/span><\/p>\n<p lang=\"es-ES\" align=\"LEFT\"><span style=\"font-family: georgia, palatino; font-size: 21px; color: #000000; --darkreader-inline-color: #e8e6e3;\" data-darkreader-inline-color=\"\">142:7.2<\/span><\/p>\n<p lang=\"es-ES\" align=\"LEFT\"><span style=\"font-family: georgia, palatino; font-size: 21px; color: #000000; --darkreader-inline-color: #e8e6e3;\" data-darkreader-inline-color=\"\">Jes\u00fas, en primer lugar, trat\u00f3 de aclarar a sus ap\u00f3stoles que \u00e9l estaba en la tierra para vivir una vida excepcional en la carne y que ellos, los doce, hab\u00edan sido llamados para participar en esta experiencia de autootorgamiento del Hijo del Hombre; y que, como colaboradores, tambi\u00e9n deb\u00edan compartir muchas de las restricciones y obligaciones propias de toda la experiencia del autootorgamiento. Hubo una sugerencia velada de que el Hijo del Hombre era el \u00fanico que jam\u00e1s hubiera vivido en la tierra, capaz de ver simult\u00e1neamente dentro del coraz\u00f3n mismo de Dios y de las profundidades del alma del hombre.<\/span><\/p>\n<p lang=\"es-ES\" align=\"LEFT\"><span style=\"font-family: georgia, palatino; font-size: 21px; color: #000000; --darkreader-inline-color: #e8e6e3;\" data-darkreader-inline-color=\"\">142:7.3<\/span><\/p>\n<p lang=\"es-ES\" align=\"LEFT\"><span style=\"font-family: georgia, palatino; font-size: 21px; color: #000000; --darkreader-inline-color: #e8e6e3;\" data-darkreader-inline-color=\"\">Jes\u00fas explic\u00f3 muy claramente que el reino del cielo era una experiencia evolutiva, que comenzaba aqu\u00ed en la tierra y progresaba a trav\u00e9s de las estaciones sucesivas de vida hasta el Para\u00edso. En el curso de la noche declar\u00f3 definitivamente que en una etapa futura del desarrollo del reino, volver\u00eda a visitar este mundo, en poder espiritual y gloria divina.<\/span><\/p>\n<p lang=\"es-ES\" align=\"LEFT\"><span style=\"font-family: georgia, palatino; font-size: 21px; color: #000000; --darkreader-inline-color: #e8e6e3;\" data-darkreader-inline-color=\"\">142:7.4<\/span><\/p>\n<p lang=\"es-ES\" align=\"LEFT\"><span style=\"font-family: georgia, palatino; font-size: 21px; color: #000000; --darkreader-inline-color: #e8e6e3;\" data-darkreader-inline-color=\"\">Luego explic\u00f3 que la \u00abidea del reino\u00bb no era la mejor manera de ilustrar la relaci\u00f3n del hombre con Dios; empleaba estos tropos porque el pueblo jud\u00edo estaba esperando el reino y porque Juan hab\u00eda predicado en t\u00e9rminos del reino venidero. Dijo Jes\u00fas: \u00abLos pueblos de otra era comprender\u00e1n mejor el evangelio del reino cuando se lo presente en t\u00e9rminos que expresen la relaci\u00f3n familiar\u2014cuando el hombre comprenda la religi\u00f3n como la ense\u00f1anza de la paternidad de Dios y de la hermandad de los hombres, la filiaci\u00f3n con Dios\u00bb. Luego el Maestro discurri\u00f3 con cierta amplitud sobre la familia terrestre como ilustraci\u00f3n de la familia celestial, volviendo a declarar las dos leyes fundamentales del vivir: el primer mandamiento de amor al padre, el jefe de la familia, y el segundo mandamiento de amor mutuo entre los hijos, de amar a tu hermano como a ti mismo. Procedi\u00f3 luego explicando que esta cualidad de afecto fraternal se manifestar\u00eda invariablemente en servicio social, generoso y amante.<\/span><\/p>\n<p lang=\"es-ES\" align=\"LEFT\"><span style=\"font-family: georgia, palatino; font-size: 21px; color: #000000; --darkreader-inline-color: #e8e6e3;\" data-darkreader-inline-color=\"\">142:7.5<\/span><\/p>\n<p lang=\"es-ES\" align=\"LEFT\"><span style=\"font-family: georgia, palatino; font-size: 21px; color: #000000; --darkreader-inline-color: #e8e6e3;\" data-darkreader-inline-color=\"\">Despu\u00e9s de esto, sobrevino la memorable conversaci\u00f3n sobre las caracter\u00edsticas fundamentales de la vida familiar y su aplicaci\u00f3n a la relaci\u00f3n existente entre Dios y el hombre. Jes\u00fas declar\u00f3 que una verdadera familia est\u00e1 fundada en los siguientes siete hechos:<\/span><\/p>\n<p lang=\"es-ES\" align=\"LEFT\"><span style=\"font-family: georgia, palatino; font-size: 21px; color: #000000; --darkreader-inline-color: #e8e6e3;\" data-darkreader-inline-color=\"\">142:7.6<\/span><\/p>\n<p lang=\"es-ES\" align=\"LEFT\"><span style=\"font-family: georgia, palatino; font-size: 21px; color: #000000; --darkreader-inline-color: #e8e6e3;\" data-darkreader-inline-color=\"\">1.\u00a0<em>El hecho de la existencia.<\/em>\u00a0Las relaciones discernibles en la naturaleza y los fen\u00f3menos del parecido entre los mortales est\u00e1n vinculados a la familia: los ni\u00f1os heredan ciertos rasgos de los padres. Los hijos se originan de los padres. La existencia de la personalidad depende del acto de los padres. La relaci\u00f3n del padre y el hijo es inherente en toda la naturaleza y llena todas las existencias vivientes.<\/span><\/p>\n<p lang=\"es-ES\" align=\"LEFT\"><span style=\"font-family: georgia, palatino; font-size: 21px; color: #000000; --darkreader-inline-color: #e8e6e3;\" data-darkreader-inline-color=\"\">142:7.7<\/span><\/p>\n<p lang=\"es-ES\" align=\"LEFT\"><span style=\"font-family: georgia, palatino; font-size: 21px; color: #000000; --darkreader-inline-color: #e8e6e3;\" data-darkreader-inline-color=\"\">2.\u00a0<em>La seguridad y el placer.<\/em>\u00a0Los verdaderos padres derivan gran placer de la satisfacci\u00f3n de las necesidades de sus hijos. Muchos padres no se contentan con satisfacer tan s\u00f3lo las necesidades de sus hijos, sino que disfrutan en disponer tambi\u00e9n para sus placeres.<\/span><\/p>\n<p lang=\"es-ES\" align=\"LEFT\"><span style=\"font-family: georgia, palatino; font-size: 21px; color: #000000; --darkreader-inline-color: #e8e6e3;\" data-darkreader-inline-color=\"\">142:7.8<\/span><\/p>\n<p lang=\"es-ES\" align=\"LEFT\"><span style=\"font-family: georgia, palatino; font-size: 21px; color: #000000; --darkreader-inline-color: #e8e6e3;\" data-darkreader-inline-color=\"\">3.\u00a0<em>La educaci\u00f3n y la capacitaci\u00f3n.<\/em>\u00a0Los padres sabios planean cuidosamente la educaci\u00f3n y la capacitaci\u00f3n adecuada de sus hijos e hijas. Se prepara as\u00ed a los j\u00f3venes para las responsabilidades mayores de la vida futura.<\/span><\/p>\n<p lang=\"es-ES\" align=\"LEFT\"><span style=\"font-family: georgia, palatino; font-size: 21px; color: #000000; --darkreader-inline-color: #e8e6e3;\" data-darkreader-inline-color=\"\">142:7.9<\/span><\/p>\n<p lang=\"es-ES\" align=\"LEFT\"><span style=\"font-family: georgia, palatino; font-size: 21px; color: #000000; --darkreader-inline-color: #e8e6e3;\" data-darkreader-inline-color=\"\">4.\u00a0<em>La disciplina y el establecimiento de limitaciones.<\/em>\u00a0Los padres previsores tambi\u00e9n disponen para la necesaria disciplina, gu\u00eda, correcci\u00f3n y, de vez en cuando limitaciones, para sus hijos peque\u00f1os e inmaduros.<\/span><\/p>\n<p lang=\"es-ES\" align=\"LEFT\"><span style=\"font-family: georgia, palatino; font-size: 21px; color: #000000; --darkreader-inline-color: #e8e6e3;\" data-darkreader-inline-color=\"\">142:7.10<\/span><\/p>\n<p lang=\"es-ES\" align=\"LEFT\"><span style=\"font-family: georgia, palatino; font-size: 21px; color: #000000; --darkreader-inline-color: #e8e6e3;\" data-darkreader-inline-color=\"\">5.\u00a0<em>El camaraderismo y la lealtad.<\/em>\u00a0El padre afectuoso mantiene una relaci\u00f3n \u00edntima y amante con sus hijos. Est\u00e1 siempre dispuesto a escuchar sus solicitudes; est\u00e1 dispuesto a compartir sus penas y ayudarlos en sus dificultades. El padre est\u00e1 supremamente interesado en el bienestar progresivo de su progenie.<\/span><\/p>\n<p lang=\"es-ES\" align=\"LEFT\"><span style=\"font-family: georgia, palatino; font-size: 21px; color: #000000; --darkreader-inline-color: #e8e6e3;\" data-darkreader-inline-color=\"\">142:7.11<\/span><\/p>\n<p lang=\"es-ES\" align=\"LEFT\"><span style=\"font-family: georgia, palatino; font-size: 21px; color: #000000; --darkreader-inline-color: #e8e6e3;\" data-darkreader-inline-color=\"\">6.\u00a0<em>El amor y la misericordia.<\/em>\u00a0Un padre compasivo perdona libremente; los padres no alimentan recuerdos vengativos contra sus hijos. Los padres no son como los jueces, los enemigos o los acreedores. Las familias verdaderas est\u00e1n construidas sobre los cimientos de la tolerancia, la paciencia y el perd\u00f3n.<\/span><\/p>\n<p lang=\"es-ES\" align=\"LEFT\"><span style=\"font-family: georgia, palatino; font-size: 21px; color: #000000; --darkreader-inline-color: #e8e6e3;\" data-darkreader-inline-color=\"\">142:7.12<\/span><\/p>\n<p lang=\"es-ES\" align=\"LEFT\"><span style=\"font-family: georgia, palatino; font-size: 21px; color: #000000; --darkreader-inline-color: #e8e6e3;\" data-darkreader-inline-color=\"\">7.\u00a0<em>Las disposiciones para el futuro.<\/em>\u00a0Los padres temporales desean dejar una herencia para sus hijos. La familia contin\u00faa de una generaci\u00f3n a otra. La muerte s\u00f3lo acaba con una generaci\u00f3n para marcar el comienzo de la siguiente. La muerte termina una vida individual pero no necesariamente la familia.<\/span><\/p>\n<p lang=\"es-ES\" align=\"LEFT\"><span style=\"font-family: georgia, palatino; font-size: 21px; color: #000000; --darkreader-inline-color: #e8e6e3;\" data-darkreader-inline-color=\"\">142:7.13<\/span><\/p>\n<p lang=\"es-ES\" align=\"LEFT\"><span style=\"font-family: georgia, palatino; font-size: 21px; color: #000000; --darkreader-inline-color: #e8e6e3;\" data-darkreader-inline-color=\"\">El Maestro habl\u00f3 durante horas de la aplicaci\u00f3n de estas caracter\u00edsticas de la vida familiar a las relaciones del hombre, el hijo terrestre, con Dios, el Padre del Para\u00edso. \u00c9sta fue su conclusi\u00f3n: \u00abYo conozco a la perfecci\u00f3n toda la relaci\u00f3n de un hijo con el Padre, porque todo lo que deb\u00e9is alcanzar en la filiaci\u00f3n en el futuro eterno, ya he alcanzado. El Hijo del Hombre est\u00e1 preparado para ascender a la diestra del Padre, de modo que en m\u00ed est\u00e1 el camino, ahora abierto a\u00fan m\u00e1s, para que todos vosotros ve\u00e1is a Dios y cuando hay\u00e1is completado la progresi\u00f3n gloriosa, os torn\u00e9is perfectos as\u00ed como vuestro Padre en el cielo es perfecto\u00bb.<\/span><\/p>\n<p lang=\"es-ES\" align=\"LEFT\"><span style=\"font-family: georgia, palatino; font-size: 21px; color: #000000; --darkreader-inline-color: #e8e6e3;\" data-darkreader-inline-color=\"\">142:7.14<\/span><\/p>\n<p lang=\"es-ES\" align=\"LEFT\"><span style=\"font-family: georgia, palatino; font-size: 21px; color: #000000; --darkreader-inline-color: #e8e6e3;\" data-darkreader-inline-color=\"\">Cuando los ap\u00f3stoles escucharon estas palabras sorprendentes, recordaron los pronunciamientos que Juan hizo al tiempo del bautismo de Jes\u00fas, y tambi\u00e9n recordaron v\u00edvidamente esta experiencia despu\u00e9s de la muerte y resurrecci\u00f3n del Maestro, en relaci\u00f3n con sus predicciones y ense\u00f1anzas.<\/span><\/p>\n<p lang=\"es-ES\" align=\"LEFT\"><span style=\"font-family: georgia, palatino; font-size: 21px; color: #000000; --darkreader-inline-color: #e8e6e3;\" data-darkreader-inline-color=\"\">142:7.15<\/span><\/p>\n<p lang=\"es-ES\" align=\"LEFT\"><span style=\"font-family: georgia, palatino; font-size: 21px; color: #000000; --darkreader-inline-color: #e8e6e3;\" data-darkreader-inline-color=\"\">Jes\u00fas es un Hijo divino, uno que cuenta con la confianza plena del Padre Universal. Hab\u00eda estado con el Padre y lo comprend\u00eda plenamente. Ahora, hab\u00eda vivido su vida terrestre para la satisfacci\u00f3n plena del Padre, y esta encarnaci\u00f3n en la carne le hab\u00eda permitido comprender plenamente al hombre. Jes\u00fas era la perfecci\u00f3n del hombre; hab\u00eda alcanzado la misma perfecci\u00f3n que todos los creyentes verdaderos est\u00e1n destinados a alcanzar en \u00e9l y a trav\u00e9s de \u00e9l. Jes\u00fas revel\u00f3 al hombre un Dios de perfecci\u00f3n y le present\u00f3 en s\u00ed mismo el hijo perfeccionado de los dominios a Dios.<\/span><\/p>\n<p lang=\"es-ES\" align=\"LEFT\"><span style=\"font-family: georgia, palatino; font-size: 21px; color: #000000; --darkreader-inline-color: #e8e6e3;\" data-darkreader-inline-color=\"\">142:7.16<\/span><\/p>\n<p lang=\"es-ES\" align=\"LEFT\"><span style=\"font-family: georgia, palatino; font-size: 21px; color: #000000; --darkreader-inline-color: #e8e6e3;\" data-darkreader-inline-color=\"\">Aunque Jes\u00fas habl\u00f3 por varias horas, Tom\u00e1s a\u00fan no estaba satisfecho, pues dijo: \u00abPero, Maestro, no parece que el Padre en el cielo nos trate siempre con clemencia y misericordia. Muchas veces sufrimos duramente en la tierra, y no siempre son contestadas nuestras oraciones. \u00bfEn qu\u00e9 punto fracasamos en captar el significado de tus ense\u00f1anzas?\u00bb<\/span><\/p>\n<p lang=\"es-ES\" align=\"LEFT\"><span style=\"font-family: georgia, palatino; font-size: 21px; color: #000000; --darkreader-inline-color: #e8e6e3;\" data-darkreader-inline-color=\"\">142:7.17<\/span><\/p>\n<p lang=\"es-ES\" align=\"LEFT\"><span style=\"font-family: georgia, palatino; font-size: 21px; color: #000000; --darkreader-inline-color: #e8e6e3;\" data-darkreader-inline-color=\"\">Jes\u00fas replic\u00f3: \u00abTom\u00e1s, Tom\u00e1s, \u00bfcu\u00e1nto tiempo pasar\u00e1 hasta que adquieras la habilidad de escuchar con el o\u00eddo del esp\u00edritu? \u00bfCu\u00e1nto tiempo pasar\u00e1 hasta que disciernas que este reino es un reino espiritual, y que mi Padre es tambi\u00e9n un ser espiritual? \u00bfAcaso no comprendes que estoy ense\u00f1\u00e1ndoos como hijos espirituales en la familia espiritual del cielo, de la cual el jefe paterno es un esp\u00edritu infinito y eterno? \u00bfNo me permitir\u00e9is usar a la familia terrestre como ilustraci\u00f3n de las relaciones divinas sin aplicar mis ense\u00f1anzas tan literalmente a los asuntos materiales? \u00bfEn vuestra mente no podr\u00e9is separar las realidades espirituales del reino, de los problemas materiales, sociales, econ\u00f3micos y pol\u00edticos de la \u00e9poca? Cuando hablo el lenguaje del esp\u00edritu, \u00bfpor qu\u00e9 insist\u00eds en traducir mi significado en un lenguaje de la carne cuando yo empleo relaciones comunes y literales para fines de ilustraci\u00f3n? Hijos m\u00edos, imploro que ces\u00e9is de aplicar las ense\u00f1anzas del reino del esp\u00edritu a los asuntos s\u00f3rdidos de la esclavitud, la pobreza, las casas y las tierras, y a los problemas materiales de la ecuanimidad y la justicia humanas. Estos asuntos temporales son la preocupaci\u00f3n de los hombres de este mundo, y aunque en cierto modo afectan a todos los hombres, vosotros hab\u00e9is sido llamados para representarme en el mundo, as\u00ed como yo represento a mi Padre. Sois los embajadores espirituales de un reino espiritual, los representantes especiales del Padre esp\u00edritu. A esta altura deber\u00eda ser posible para m\u00ed instruiros como hombres adultos de mi reino espiritual. \u00bfAcaso debo dirigirme siempre a vosotros como si fuerais ni\u00f1os? \u00bfEs que no crecer\u00e9is nunca en la sensibilidad espiritual? Sin embargo, os amo y os tendr\u00e9 paciencia hasta el fin de nuestra asociaci\u00f3n en la carne. Y aun entonces mi esp\u00edritu os preceder\u00e1 en el mundo\u00bb.<\/span><\/p>\n<p lang=\"es-ES\" align=\"LEFT\"><strong><span style=\"font-family: georgia, palatino; font-size: 21px; color: #000000; --darkreader-inline-color: #e8e6e3;\" data-darkreader-inline-color=\"\">8. En la Judea del Sur<\/span><\/strong><\/p>\n<p lang=\"es-ES\" align=\"LEFT\"><span style=\"font-family: georgia, palatino; font-size: 21px; color: #000000; --darkreader-inline-color: #e8e6e3;\" data-darkreader-inline-color=\"\">142:8.1<\/span><\/p>\n<p lang=\"es-ES\" align=\"LEFT\"><span style=\"font-family: georgia, palatino; font-size: 21px; color: #000000; --darkreader-inline-color: #e8e6e3;\" data-darkreader-inline-color=\"\">A fines de abril la oposici\u00f3n a Jes\u00fas entre los fariseos y saduceos se hab\u00eda vuelto tan pronunciada que el Maestro y sus ap\u00f3stoles decidieron alejarse de Jerusal\u00e9n por un tiempo, dirigi\u00e9ndose al sur para trabajar en Bel\u00e9n y Hebr\u00f3n. Todo el mes de mayo fue dedicado a hacer trabajo personal en estas ciudades y entre la gente de las aldeas vecinas. Durante este viaje no hubo predicaci\u00f3n p\u00fablica, sino tan s\u00f3lo visitas de casa en casa. Parte de este tiempo, mientras los ap\u00f3stoles ense\u00f1aban el evangelio y ministraban a los enfermos, Jes\u00fas y Abner lo pasaron en En-Gedi, visitando la colonia nazarea. Juan el Bautista hab\u00eda salido de este lugar, y Abner hab\u00eda sido jefe de este grupo. Muchos de los que pertenec\u00edan a la hermandad nazarea se hicieron creyentes de Jes\u00fas, pero la mayor\u00eda de estos hombres asc\u00e9ticos y exc\u00e9ntricos se negaron a aceptarlo como un maestro enviado del cielo porque no ense\u00f1aba a ayunar ni otras formas de abnegaci\u00f3n.<\/span><\/p>\n<p lang=\"es-ES\" align=\"LEFT\"><span style=\"font-family: georgia, palatino; font-size: 21px; color: #000000; --darkreader-inline-color: #e8e6e3;\" data-darkreader-inline-color=\"\">142:8.2<\/span><\/p>\n<p lang=\"es-ES\" align=\"LEFT\"><span style=\"font-family: georgia, palatino; font-size: 21px; color: #000000; --darkreader-inline-color: #e8e6e3;\" data-darkreader-inline-color=\"\">La gente que viv\u00eda en esta regi\u00f3n no sab\u00eda que Jes\u00fas hab\u00eda nacido en Bel\u00e9n. Siempre supusieron que el Maestro hab\u00eda nacido en Nazaret, as\u00ed como la mayor\u00eda de sus disc\u00edpulos, pero los doce sab\u00edan la verdad.<\/span><\/p>\n<p lang=\"es-ES\" align=\"LEFT\"><span style=\"font-family: georgia, palatino; font-size: 21px; color: #000000; --darkreader-inline-color: #e8e6e3;\" data-darkreader-inline-color=\"\">142:8.3<\/span><\/p>\n<p lang=\"es-ES\" align=\"LEFT\"><span style=\"font-family: georgia, palatino; font-size: 21px; color: #000000; --darkreader-inline-color: #e8e6e3;\" data-darkreader-inline-color=\"\">La estad\u00eda en el sur de Judea fue una temporada de labor fruct\u00edfera y serena; muchas almas fueron sumadas al reino. Para los primeros d\u00edas de junio la agitaci\u00f3n contra Jes\u00fas en Jerusal\u00e9n se hab\u00eda calmado lo suficiente como para que el Maestro y los ap\u00f3stoles retornaran para instruir y consolar a los creyentes.<\/span><\/p>\n<p lang=\"es-ES\" align=\"LEFT\"><span style=\"font-family: georgia, palatino; font-size: 21px; color: #000000; --darkreader-inline-color: #e8e6e3;\" data-darkreader-inline-color=\"\">142:8.4<\/span><\/p>\n<p lang=\"es-ES\" align=\"LEFT\"><span style=\"font-family: georgia, palatino; font-size: 21px; color: #000000; --darkreader-inline-color: #e8e6e3;\" data-darkreader-inline-color=\"\">Aunque Jes\u00fas y los ap\u00f3stoles pasaron todo el mes de junio en Jerusal\u00e9n y sus cercan\u00edas, no hicieron ense\u00f1anza p\u00fablica durante este per\u00edodo. Viv\u00edan la mayor parte del tiempo en tiendas que montaban en un parque o jard\u00edn sombreado, conocido en esa \u00e9poca como Getseman\u00ed. Este parque estaba situado en la ladera occidental del Monte de los Olivos, no lejos del arroyo Cedr\u00f3n. Los s\u00e1bados, o sea los fines de semana, usualmente los pasaban con L\u00e1zaro y sus hermanas en Betania. Jes\u00fas entr\u00f3 dentro de los muros de Jerusal\u00e9n s\u00f3lo unas pocas veces, pero un gran n\u00famero de interesados concurr\u00eda a Getseman\u00ed para conversar con \u00e9l. Un viernes por la noche, Nicodemo y un tal Jos\u00e9 de Arimatea se atrevieron a salir fuera de la ciudad para visitar a Jes\u00fas pero al llegar a la entrada de la tienda del Maestro, por miedo no se atrevieron a entrar y se devolvieron y, por supuesto, no percibieron que Jes\u00fas sab\u00eda todo lo que estaban haciendo.<\/span><\/p>\n<p lang=\"es-ES\" align=\"LEFT\"><span style=\"font-family: georgia, palatino; font-size: 21px; color: #000000; --darkreader-inline-color: #e8e6e3;\" data-darkreader-inline-color=\"\">142:8.5<\/span><\/p>\n<p lang=\"es-ES\" align=\"LEFT\"><span style=\"font-family: georgia, palatino; font-size: 21px; color: #000000; --darkreader-inline-color: #e8e6e3;\" data-darkreader-inline-color=\"\">Cuando los rectores de lo jud\u00edos se enteraron de que Jes\u00fas hab\u00eda regresado a Jerusal\u00e9n, se prepararon para arrestarlo; pero cuando observaron que no predicaba en p\u00fablico, concluyeron que se hab\u00eda asustado por su reacci\u00f3n anterior y decidieron permitirle que continuara con su ense\u00f1anza en esa forma privada sin molestarlo m\u00e1s. As\u00ed pues los asuntos siguieron en forma tranquila hasta los \u00faltimos d\u00edas de junio, cuando un cierto Sim\u00f3n, miembro del sanedr\u00edn, abraz\u00f3 p\u00fablicamente las ense\u00f1anzas de Jes\u00fas, despu\u00e9s de declararlo ante los rectores de los jud\u00edos. Inmediatamente surgi\u00f3 una nueva agitaci\u00f3n en favor del encarcelamiento de Jes\u00fas y este movimiento tanto creci\u00f3 que el Maestro decidi\u00f3 retirarse a las ciudades de Samaria y la Dec\u00e1polis.<\/span><\/p>\n<\/div>\n","protected":false},"excerpt":{"rendered":"<p>Giliana Kudsha Pon Tu Confianza en el Creador Independientemente del entorno pol\u00edtico o la corrupci\u00f3n religiosa que te rodea, siempre pon tu confianza en el Creador. \u00c9l es el \u00fanico que te llevar\u00e1 a salvo a la otra orilla donde disfrutar\u00e1s de Su Presencia. Las promesas de los humanos pueden fallar, por m\u00e1s sincero que &#8230;<\/p>\n","protected":false},"author":3,"featured_media":0,"comment_status":"closed","ping_status":"closed","sticky":false,"template":"","format":"standard","meta":{"footnotes":""},"categories":[9],"tags":[11,29,22,13,14,15,16,17,19,18,21,12,24,23,10,30,27,28,20,31,26,25],"class_list":{"0":"post-1043","1":"post","2":"type-post","3":"status-publish","4":"format-standard","6":"category-lecturas-del-leccionario","7":"tag-biblia-de-oahspe","8":"tag-calendario","9":"tag-eloi","10":"tag-era-kosmon","11":"tag-fideismo","12":"tag-fideistas","13":"tag-fielismo","14":"tag-fielistas","15":"tag-iglesia-fideista","16":"tag-iglesia-fielista","17":"tag-jehovi","18":"tag-la-biblia-oahspe","19":"tag-lecturas-del-leccionario","20":"tag-lecturas-diarias","21":"tag-oahspe","22":"tag-observancias","23":"tag-pacto-unido","24":"tag-pacto-unido-de-la-luz","25":"tag-religion-de-la-luz","26":"tag-shabbat","27":"tag-yeshua","28":"tag-yoshu","29":"anons"},"_links":{"self":[{"href":"https:\/\/covenantarian.org\/u\/wp-json\/wp\/v2\/posts\/1043","targetHints":{"allow":["GET"]}}],"collection":[{"href":"https:\/\/covenantarian.org\/u\/wp-json\/wp\/v2\/posts"}],"about":[{"href":"https:\/\/covenantarian.org\/u\/wp-json\/wp\/v2\/types\/post"}],"author":[{"embeddable":true,"href":"https:\/\/covenantarian.org\/u\/wp-json\/wp\/v2\/users\/3"}],"replies":[{"embeddable":true,"href":"https:\/\/covenantarian.org\/u\/wp-json\/wp\/v2\/comments?post=1043"}],"version-history":[{"count":1,"href":"https:\/\/covenantarian.org\/u\/wp-json\/wp\/v2\/posts\/1043\/revisions"}],"predecessor-version":[{"id":1044,"href":"https:\/\/covenantarian.org\/u\/wp-json\/wp\/v2\/posts\/1043\/revisions\/1044"}],"wp:attachment":[{"href":"https:\/\/covenantarian.org\/u\/wp-json\/wp\/v2\/media?parent=1043"}],"wp:term":[{"taxonomy":"category","embeddable":true,"href":"https:\/\/covenantarian.org\/u\/wp-json\/wp\/v2\/categories?post=1043"},{"taxonomy":"post_tag","embeddable":true,"href":"https:\/\/covenantarian.org\/u\/wp-json\/wp\/v2\/tags?post=1043"}],"curies":[{"name":"wp","href":"https:\/\/api.w.org\/{rel}","templated":true}]}}