{"id":1073,"date":"2025-04-14T21:57:13","date_gmt":"2025-04-14T21:57:13","guid":{"rendered":"https:\/\/covenantarian.org\/u\/?p=1073"},"modified":"2025-04-14T21:57:13","modified_gmt":"2025-04-14T21:57:13","slug":"lecturas-del-convenio-unido-para-el-martes-15-de-abril-2025","status":"publish","type":"post","link":"https:\/\/covenantarian.org\/u\/lecturas-del-leccionario\/lecturas-del-convenio-unido-para-el-martes-15-de-abril-2025\/","title":{"rendered":"Lecturas del Convenio Unido para el Martes, 15 de Abril, 2025"},"content":{"rendered":"<div class=\"entry\">\n<p><span style=\"font-size: 21px; font-family: georgia, palatino; color: #000000;\"><strong>Giliana Kudsha<\/strong><\/span><\/p>\n<p><span style=\"font-family: georgia, palatino; font-size: 21px; color: #000000;\"><b>Meditad sobre las Ense\u00f1anzas y la Imagen<img loading=\"lazy\" decoding=\"async\" class=\"size-full wp-image-3444 alignright\" src=\"http:\/\/religionoflight.org\/ns\/lightofgod\/wp-content\/uploads\/sites\/5\/2024\/08\/mir-izgadda-image.jpg\" alt=\"\" width=\"150\" height=\"150\" \/><\/b><\/span><\/p>\n<p align=\"JUSTIFY\"><span style=\"font-family: georgia, palatino; font-size: 21px; color: #000000;\">Meditad sobre las ense\u00f1anzas, sobre la imagen del Mensajero y ved al Padre en el rostro del que \u00c9l ha enviado en esta era, y recibir\u00e9is la paz.<\/span><\/p>\n<p align=\"JUSTIFY\">\n<p align=\"JUSTIFY\"><span style=\"font-size: 21px; font-family: georgia, palatino; color: #000000; --darkreader-inline-color: #e8e6e3;\" data-darkreader-inline-color=\"\"><strong>Ense\u00f1anzas de la Luz Cap\u00edtulo 73:<\/strong><\/span><\/p>\n<p lang=\"es-ES\" align=\"LEFT\"><span style=\"font-family: georgia, palatino; font-size: 21px; color: #000000; --darkreader-inline-color: #e8e6e3;\" data-darkreader-inline-color=\"\"><i>Compartir la Fe con los Dem\u00e1s<\/i><\/span><\/p>\n<p lang=\"es-ES\" align=\"LEFT\"><span style=\"font-family: georgia, palatino; font-size: 21px; color: #000000;\" data-darkreader-inline-color=\"\"><sup>1 <\/sup>Nunca ocult\u00e9is vuestro amor por Jehov\u00e1 dentro de una grieta en la base de una monta\u00f1a, compartidlo con los dem\u00e1s.<\/span><\/p>\n<p lang=\"es-ES\" align=\"LEFT\"><span style=\"font-family: georgia, palatino; font-size: 21px; color: #000000;\" data-darkreader-inline-color=\"\"><sup>2<\/sup> Todos los Pactarios de Jehov\u00e1 tienen la responsabilidad de compartir el Mensaje de la Luz con los dem\u00e1s.<\/span><\/p>\n<p lang=\"es-ES\" align=\"LEFT\"><span style=\"font-family: georgia, palatino; font-size: 21px; color: #000000;\" data-darkreader-inline-color=\"\"><sup>3<\/sup> Todo lo que os he ense\u00f1ado en estos libros a trav\u00e9s de los varios Mensajeros Divinos \u2013 compartidlo con los dem\u00e1s para su beneficio y para que puedan ver y experimentar el Reino de la Luz.<\/span><\/p>\n<p lang=\"es-ES\" align=\"LEFT\"><span style=\"font-family: georgia, palatino; font-size: 21px; color: #000000;\" data-darkreader-inline-color=\"\"><sup>4 <\/sup>Al compartir el Mensaje de Luz, ya sea de la Biblia Oahspe o de las Ense\u00f1anzas de la Luz, no fuerces la Religi\u00f3n de la Luz sobre los dem\u00e1s. Los creyentes no deben participar en un proselitismo agresivo. Cada persona tiene derecho a elegir escuchar el Mensaje de Luz o no. No es responsabilidad del creyente juzgar a los individuos que rechazan la Luz.<\/span><\/p>\n<p align=\"JUSTIFY\">\n<\/div>\n","protected":false},"excerpt":{"rendered":"<p>Giliana Kudsha Meditad sobre las Ense\u00f1anzas y la Imagen Meditad sobre las ense\u00f1anzas, sobre la imagen del Mensajero y ved al Padre en el rostro del que \u00c9l ha enviado en esta era, y recibir\u00e9is la paz. Ense\u00f1anzas de la Luz Cap\u00edtulo 73: Compartir la Fe con los Dem\u00e1s 1 Nunca ocult\u00e9is vuestro amor por &#8230;<\/p>\n","protected":false},"author":3,"featured_media":0,"comment_status":"closed","ping_status":"closed","sticky":false,"template":"","format":"standard","meta":{"footnotes":""},"categories":[9],"tags":[11,29,22,13,14,15,16,17,19,18,21,12,24,23,10,30,27,28,20,31,26,25],"class_list":{"0":"post-1073","1":"post","2":"type-post","3":"status-publish","4":"format-standard","6":"category-lecturas-del-leccionario","7":"tag-biblia-de-oahspe","8":"tag-calendario","9":"tag-eloi","10":"tag-era-kosmon","11":"tag-fideismo","12":"tag-fideistas","13":"tag-fielismo","14":"tag-fielistas","15":"tag-iglesia-fideista","16":"tag-iglesia-fielista","17":"tag-jehovi","18":"tag-la-biblia-oahspe","19":"tag-lecturas-del-leccionario","20":"tag-lecturas-diarias","21":"tag-oahspe","22":"tag-observancias","23":"tag-pacto-unido","24":"tag-pacto-unido-de-la-luz","25":"tag-religion-de-la-luz","26":"tag-shabbat","27":"tag-yeshua","28":"tag-yoshu","29":"anons"},"_links":{"self":[{"href":"https:\/\/covenantarian.org\/u\/wp-json\/wp\/v2\/posts\/1073","targetHints":{"allow":["GET"]}}],"collection":[{"href":"https:\/\/covenantarian.org\/u\/wp-json\/wp\/v2\/posts"}],"about":[{"href":"https:\/\/covenantarian.org\/u\/wp-json\/wp\/v2\/types\/post"}],"author":[{"embeddable":true,"href":"https:\/\/covenantarian.org\/u\/wp-json\/wp\/v2\/users\/3"}],"replies":[{"embeddable":true,"href":"https:\/\/covenantarian.org\/u\/wp-json\/wp\/v2\/comments?post=1073"}],"version-history":[{"count":1,"href":"https:\/\/covenantarian.org\/u\/wp-json\/wp\/v2\/posts\/1073\/revisions"}],"predecessor-version":[{"id":1074,"href":"https:\/\/covenantarian.org\/u\/wp-json\/wp\/v2\/posts\/1073\/revisions\/1074"}],"wp:attachment":[{"href":"https:\/\/covenantarian.org\/u\/wp-json\/wp\/v2\/media?parent=1073"}],"wp:term":[{"taxonomy":"category","embeddable":true,"href":"https:\/\/covenantarian.org\/u\/wp-json\/wp\/v2\/categories?post=1073"},{"taxonomy":"post_tag","embeddable":true,"href":"https:\/\/covenantarian.org\/u\/wp-json\/wp\/v2\/tags?post=1073"}],"curies":[{"name":"wp","href":"https:\/\/api.w.org\/{rel}","templated":true}]}}