{"id":1155,"date":"2025-05-10T21:41:37","date_gmt":"2025-05-10T21:41:37","guid":{"rendered":"https:\/\/covenantarian.org\/u\/?p=1155"},"modified":"2025-05-10T21:41:37","modified_gmt":"2025-05-10T21:41:37","slug":"lecturas-del-convenio-unido-para-el-domingo-11-de-mayo-2025","status":"publish","type":"post","link":"https:\/\/covenantarian.org\/u\/lecturas-del-leccionario\/lecturas-del-convenio-unido-para-el-domingo-11-de-mayo-2025\/","title":{"rendered":"Lecturas del Convenio Unido para el Domingo, 11 de Mayo, 2025"},"content":{"rendered":"<div class=\"entry\">\n<p><span style=\"font-size: 21px; font-family: georgia, palatino; color: #000000;\"><strong>Giliana Kudsha<\/strong><\/span><\/p>\n<p><span style=\"font-family: georgia, palatino; font-size: 21px; color: #000000;\"><b>Una Advertencia sobre la Variante Delta <\/b><\/span><\/p>\n<p><span style=\"font-family: georgia, palatino; font-size: 21px; color: #000000;\">Mis queridos hermanos y hermanas, fieles ovejas de la casa de mi Padre. La paz sea con vosotros.<\/span><\/p>\n<p><span style=\"font-family: georgia, palatino; font-size: 21px; color: #000000;\">Con la variante actual de COVID que se llama Delta, es probable que cause la muerte de m\u00e1s j\u00f3venes y ancianos. Es importante que aquellos de vosotros con ni\u00f1os y ni\u00f1as teng\u00e1is m\u00e1s precauci\u00f3n de lo habitual. Los que son ancianos o con enfermedades cr\u00f3nicas y sistemas inmunes debilitados tambi\u00e9n deben tomar muchas precauciones con respecto a su seguridad. Esta variante puede ser la m\u00e1s contagiosa y mortal hasta la fecha. Me entristece decir que un n\u00famero sin precedentes de ni\u00f1os, ni\u00f1as y otros morir\u00e1n en esta temporada de la nueva variante. Os ruego a cada uno de vosotros que no pens\u00e9is que el Creador es la causa. \u00c9l no es la causa de esta enfermedad. La malvada ha desatado, mediante las manos de sus propios siervos humanos, esta enfermedad, y la malvada tiene planes para que se desarrollen enfermedades adicionales.<\/span><\/p>\n<p><span style=\"font-family: georgia, palatino; font-size: 21px; color: #000000;\">Los cient\u00edficos y los funcionarios de la salud del mundo han confirmado que las vacunas anteriores no tienen ning\u00fan efecto sobre la variante Delta. En otras palabras, si recibisteis una vacuna para ayudar a prevenir el COVID, se cree que es in\u00fatil contra la variante Delta. Si se hace una vacuna, es una elecci\u00f3n personal aceptarla o no. Sin embargo, si una vacuna contiene ingredientes de fetos abortados, ser\u00eda una violaci\u00f3n de las Escrituras de todas las Comunidades Espirituales dentro de la Religi\u00f3n de la Luz recibir tal vacuna.<\/span><\/p>\n<p><span style=\"font-family: georgia, palatino; font-size: 21px; color: #000000;\">No solo deb\u00e9is orar por la seguridad y protecci\u00f3n de vosotros mismos y de vuestras familias y amigos, sino tambi\u00e9n por toda la asamblea del pueblo de mi Padre \u2013 vuestros hermanos y hermanas espirituales en la fe.<\/span><\/p>\n<p><span style=\"font-family: georgia, palatino; font-size: 21px; color: #000000;\">Si sois fieles en vuestra andadura por el camino santo del Padre, y perd\u00e9is vuestra vida por cualquier motivo, vuestra alma ser\u00e1 protegida y ser\u00e1 llevada a Su reba\u00f1o espiritual y ser\u00e1 dada curaci\u00f3n y descanso en el para\u00edso. Esto lo prometo, porque no es de mi boca, sino de la mism\u00edsima palabra de mi Padre que est\u00e1 en los cielos.<\/span><\/p>\n<p align=\"JUSTIFY\"><span style=\"font-family: georgia, palatino; font-size: 21px; color: #000000;\">Estoy siempre con vosotros.<\/span><\/p>\n<p>&nbsp;<\/p>\n<p align=\"JUSTIFY\"><strong><span style=\"font-size: 21px; font-family: georgia, palatino; color: #000000; --darkreader-inline-color: #e8e6e3;\" data-darkreader-inline-color=\"\">Ense\u00f1anzas de la Luz Cap\u00edtulo 99:<\/span><\/strong><\/p>\n<p><span style=\"font-family: georgia, palatino; font-size: 21px; color: #000000;\" data-darkreader-inline-color=\"\"><i>Cultivar la Virtud<\/i><\/span><\/p>\n<p><span style=\"font-family: georgia, palatino; font-size: 21px; color: #000000;\" data-darkreader-inline-color=\"\"><sup><span lang=\"es-ES\">1<\/span><\/sup> Los Pactarios de Jehov\u00e1 deben ayudar a sus hermanos y hermanas, en cualquiera que sea su situaci\u00f3n en la vida &#8211; si esos hermanos y hermanas desean recibir ayuda.<\/span><\/p>\n<p><span style=\"font-family: georgia, palatino; font-size: 21px; color: #000000;\" data-darkreader-inline-color=\"\"><sup><span lang=\"es-ES\">2 <\/span><\/sup>Mediante el cultivo de las Virtudes y la observancia de los Mandamientos se pueden cambiar los efectos futuros de las indiscreciones pasadas.<\/span><\/p>\n<p>&nbsp;<\/p>\n<p><span style=\"font-family: georgia, palatino; font-size: 21px; color: #000000;\" data-darkreader-inline-color=\"\"><strong>Didach\u00e9 Cap\u00edtulo 1:<\/strong><\/span><\/p>\n<p lang=\"es-ES\"><span style=\"font-family: Georgia, serif;\"><span style=\"font-size: 21px;\"><b>Los Dos Caminos y el Primer Mandamiento <\/b><\/span><\/span><\/p>\n<p lang=\"es-ES\"><span style=\"font-family: Georgia, serif;\"><span style=\"font-size: 21px;\"><sup>1<\/sup> Hay dos caminos, uno de vida y uno de muerte; pero hay una gran diferencia entre estos dos caminos.<\/span><\/span><\/p>\n<p lang=\"es-ES\"><span style=\"font-family: Georgia, serif;\"><span style=\"font-size: 21px;\"><sup>2<\/sup> El camino de la vida, entonces, es este: Primero, deber\u00e1 amar al Creador que le hizo a usted; segundo, a su pr\u00f3jimo como a usted mismo; y usted nunca debe hacer a los dem\u00e1s lo que usted mismo no querr\u00eda que los dem\u00e1s le hicieran a usted.<\/span><\/span><\/p>\n<p lang=\"es-ES\"><span style=\"font-family: Georgia, serif;\"><span style=\"font-size: 21px;\"><sup>3<\/sup> Y de estos dichos la ense\u00f1anza es esta: Usted deber\u00e1 bendecir a todos los que le maldicen, y rezar por sus enemigos, y ayunar por todos los que le persiguen.<\/span><\/span><\/p>\n<p lang=\"es-ES\"><span style=\"font-family: Georgia, serif;\"><span style=\"font-size: 21px;\"><sup>4<\/sup> \u00bfPara qu\u00e9 sirve entonces si usted ama solo a los que le aman? \u00bfNo hacen los gentiles lo mismo?<\/span><\/span><\/p>\n<p lang=\"es-ES\"><span style=\"font-family: Georgia, serif;\"><span style=\"font-size: 21px;\"><sup>5<\/sup> Pero usted debe amar a los que le odian; y usted no tendr\u00e1 un enemigo.<\/span><\/span><\/p>\n<p lang=\"es-ES\"><span style=\"font-family: Georgia, serif;\"><span style=\"font-size: 21px;\"><sup>6<\/sup> Abst\u00e9ngase de los deseos carnales y mundanos. <\/span><\/span><\/p>\n<p lang=\"es-ES\"><span style=\"font-family: Georgia, serif;\"><span style=\"font-size: 21px;\"><sup>7 <\/sup>Si alguien le golpea su mejilla derecha, ofr\u00e9zcale la otra tambi\u00e9n; esta pr\u00e1ctica le llevar\u00e1 a la perfecci\u00f3n.<\/span><\/span><\/p>\n<p lang=\"es-ES\"><span style=\"font-family: Georgia, serif;\"><span style=\"font-size: 21px;\"><sup>8<\/sup> Si alguien le pide ir una milla, vaya con \u00e9l dos en su lugar.<\/span><\/span><\/p>\n<p lang=\"es-ES\"><span style=\"font-family: Georgia, serif;\"><span style=\"font-size: 21px;\"><sup>9<\/sup> Si alguien le quita su capa, tambi\u00e9n debe darle su abrigo.<\/span><\/span><\/p>\n<p lang=\"es-ES\"><span style=\"font-family: Georgia, serif;\"><span style=\"font-size: 21px;\"><sup>10<\/sup> Si alguien toma algo que le pertenezca, no pida recuperarlo porque \u00bfqu\u00e9 bien puede hacer con ello en primer lugar?<\/span><\/span><\/p>\n<p lang=\"es-ES\"><span style=\"font-family: Georgia, serif;\"><span style=\"font-size: 21px;\"><sup>11<\/sup> D\u00e9 a todo el que le pida, y no pida nada a cambio; porque el Padre quiere que a todos se les debe dar de nuestras propias bendiciones que son dones gratuitos.<\/span><\/span><\/p>\n<p lang=\"es-ES\"><span style=\"font-family: Georgia, serif;\"><span style=\"font-size: 21px;\"><sup>12<\/sup> Feliz el que da conforme al Mandamiento; porque \u00e9l es irreprochable.<\/span><\/span><\/p>\n<p lang=\"es-ES\"><span style=\"font-family: Georgia, serif;\"><span style=\"font-size: 21px;\"><sup>13<\/sup> Pobre del que recibe, porque si uno teniendo necesidad recibe, \u00e9l est\u00e1 libre de culpa.<\/span><\/span><\/p>\n<p lang=\"es-ES\"><span style=\"font-family: Georgia, serif;\"><span style=\"font-size: 21px;\"><sup>14 <\/sup>Pero el que recibe sin tener una verdadera necesidad, deber\u00e1 pagar la pena, por qu\u00e9 recibi\u00f3 y para qu\u00e9. <\/span><\/span><\/p>\n<p lang=\"es-ES\"><span style=\"font-family: Georgia, serif;\"><span style=\"font-size: 21px;\"><sup>15 <\/sup>Y, entrando en el confinamiento, ser\u00e1 examinado sobre las cosas que \u00e9l ha hecho, y no escapar\u00e1 hasta que devuelva el \u00faltimo centavo.<\/span><\/span><\/p>\n<p lang=\"es-ES\"><span style=\"font-family: Georgia, serif;\"><span style=\"font-size: 21px;\"><sup>16<\/sup> Pero tambi\u00e9n ahora acerca de esto, se ha dicho: \u201cDeje a sus limosnas sudar en el agarre firme de la palma de sus manos, hasta que sepa usted a qui\u00e9n se las debe dar\u201d.<\/span><\/span><\/p>\n<p>&nbsp;<\/p>\n<p lang=\"es-ES\"><span style=\"font-family: Georgia, serif;\"><span style=\"font-size: 21px;\"><strong>El Libro de la Verdad: Una Semana de Descanso \u2013 154:2.1-5:<\/strong><br \/>\n<\/span><\/span><\/p>\n<p lang=\"es-ES\"><span style=\"font-family: Georgia, serif;\"><span style=\"font-size: 21px;\"><span style=\"font-family: georgia, palatino; font-size: 21px; color: #000000;\" data-darkreader-inline-color=\"\"><span style=\"font-family: georgia, palatino; font-size: 21px; color: #000000;\" data-darkreader-inline-color=\"\"><strong>2. Una Semana de Descanso<\/strong><br \/>\n<\/span><\/span><\/span><\/span><\/p>\n<p><span style=\"font-family: georgia, palatino; font-size: 21px; color: #000000;\" data-darkreader-inline-color=\"\"><span style=\"font-family: georgia, palatino; font-size: 21px; color: #000000;\" data-darkreader-inline-color=\"\"><span style=\"font-family: georgia, palatino; font-size: 21px; color: #000000;\" data-darkreader-inline-color=\"\">154:2.1<br \/>\n<span style=\"font-family: georgia, palatino; font-size: 21px; color: #000000;\" data-darkreader-inline-color=\"\">El domingo 8 de mayo del a\u00f1o 29 d. de J.C., en Jerusal\u00e9n, el sanedr\u00edn aprob\u00f3 un decreto que cerraba todas las sinagogas de Israel a Jes\u00fas y a sus seguidores. \u00c9sta fue una nueva usurpaci\u00f3n de autoridad sin precedentes por parte del sanedr\u00edn de Jerusal\u00e9n. Hasta ese momento cada sinagoga exist\u00eda y funcionaba como una congregaci\u00f3n independiente de creyentes, bajo el mando y direcci\u00f3n de su propio consejo de rectores. S\u00f3lo las sinagogas de Jerusal\u00e9n se hab\u00edan sometido a la autoridad del sanedr\u00edn. Esta sumaria acci\u00f3n del sanedr\u00edn motiv\u00f3 la renuncia de cinco de sus miembros. Se despacharon inmediatamente cien mensajeros para trasmitir y hacer cumplir este decreto. En el corto espacio de dos semanas, todas las sinagogas de Israel se plegaron a este manifiesto del sanedr\u00edn, a excepci\u00f3n de la de Hebr\u00f3n. Los rectores de la sinagoga de Hebr\u00f3n se negaron a reconocer la jurisdicci\u00f3n del sanedr\u00edn sobre su consejo directivo. Esta negaci\u00f3n a someterse al decreto de Jerusal\u00e9n se basaba en el punto de vista de la autonom\u00eda de la congregaci\u00f3n m\u00e1s que en una simpat\u00eda por la causa de Jes\u00fas. Poco tiempo despu\u00e9s, la sinagoga de Hebr\u00f3n fue destruida por un incendio.<\/span><\/span><\/span><\/span><\/p>\n<p><span style=\"font-family: georgia, palatino; font-size: 21px; color: #000000;\" data-darkreader-inline-color=\"\">154:2.2<br \/>\n<span style=\"font-family: georgia, palatino; font-size: 21px; color: #000000;\" data-darkreader-inline-color=\"\">Este mismo domingo por la ma\u00f1ana, Jes\u00fas decret\u00f3 una semana de vacaciones, urgiendo a todos sus disc\u00edpulos que retornaran a sus hogares o fueran a visitar a sus amigos para descansar sus almas atribuladas y decir palabras de aliento a sus seres queridos. Dijo: \u00abIros a casa para buscar esparcimiento o pescar, mientras or\u00e1is por la expansi\u00f3n del reino\u00bb.<\/span><\/span><\/p>\n<p><span style=\"font-family: georgia, palatino; font-size: 21px; color: #000000;\" data-darkreader-inline-color=\"\">154:2.3<br \/>\n<span style=\"font-family: georgia, palatino; font-size: 21px; color: #000000;\" data-darkreader-inline-color=\"\">Esta semana de descanso permiti\u00f3 a Jes\u00fas visitar a muchas familias y grupos junto al mar. Tambi\u00e9n fue a pescar con David Zebedeo en varias ocasiones, y aunque permaneci\u00f3 a solas buena parte del tiempo, dos o tres de los m\u00e1s fieles mensajeros de David Zebedeo le vigilaron constantemente, velando por la seguridad de Jes\u00fas de acuerdo con las \u00f3rdenes precisas de su jefe. No hubo ense\u00f1anza p\u00fablica de ning\u00fan tipo durante esta semana de descanso.<\/span><\/span><\/p>\n<p><span style=\"font-family: georgia, palatino; font-size: 21px; color: #000000;\" data-darkreader-inline-color=\"\">154:2.4<br \/>\n<span style=\"font-family: georgia, palatino; font-size: 21px; color: #000000;\" data-darkreader-inline-color=\"\">Fue \u00e9sta la semana en la que Natanael y Santiago Zebedeo sufrieron una enfermedad bastante grave. Durante tres d\u00edas y tres noches estuvieron agudamente afligidos por un doloroso disturbio digestivo. Durante la tercera noche, Jes\u00fas envi\u00f3 a Salom\u00e9, la madre de Santiago, a que descansara, mientras \u00e9l ministraba a sus ap\u00f3stoles dolientes. Por supuesto, Jes\u00fas podr\u00eda haber curado instant\u00e1neamente a estos dos hombres, pero no era \u00e9ste el m\u00e9todo de elecci\u00f3n del Hijo ni del Padre para tratar estas dificultades y aflicciones comunes de los hijos del hombre en los mundos evolucionarios del tiempo y del espacio. Jes\u00fas no recurri\u00f3 ni siquiera una vez, a lo largo de su plet\u00f3rica vida en la carne, a ministraciones sobrenaturales para con los miembros de su familia terrestre o para beneficio de uno de sus seguidores inmediatos.<\/span><\/span><\/p>\n<p><span style=\"font-family: georgia, palatino; font-size: 21px; color: #000000;\" data-darkreader-inline-color=\"\">154:2.5<br \/>\n<span style=\"font-family: georgia, palatino; font-size: 21px; color: #000000;\" data-darkreader-inline-color=\"\">Es necesario enfrentar las dificultades del universo y aprender a salvar los obst\u00e1culos planetarios como parte del entrenamiento por medio de la experiencia, provista para el crecimiento y desarrollo, el perfeccionamiento progresivo, del alma evolutiva de las criaturas mortales. La espiritualizaci\u00f3n del alma humana requiere una experiencia \u00edntima del proceso educacional que significa resolver una amplia gama de problemas universales reales. La naturaleza animal y las formas m\u00e1s bajas de las criaturas volitivas no progresan favorablemente en un ambiente f\u00e1cil. Las situaciones problem\u00e1ticas, combinadas con los est\u00edmulos del esfuerzo, conspiran para producir esas actividades de la mente, el alma y el esp\u00edritu que contribuyen poderosamente al logro de objetivos valioso.<br \/>\n<\/span><\/span><\/p>\n<\/div>\n","protected":false},"excerpt":{"rendered":"<p>Giliana Kudsha Una Advertencia sobre la Variante Delta Mis queridos hermanos y hermanas, fieles ovejas de la casa de mi Padre. La paz sea con vosotros. Con la variante actual de COVID que se llama Delta, es probable que cause la muerte de m\u00e1s j\u00f3venes y ancianos. Es importante que aquellos de vosotros con ni\u00f1os &#8230;<\/p>\n","protected":false},"author":3,"featured_media":0,"comment_status":"closed","ping_status":"closed","sticky":false,"template":"","format":"standard","meta":{"footnotes":""},"categories":[9],"tags":[11,29,22,13,14,15,16,17,19,18,21,12,24,23,10,30,27,28,20,31,26,25],"class_list":{"0":"post-1155","1":"post","2":"type-post","3":"status-publish","4":"format-standard","6":"category-lecturas-del-leccionario","7":"tag-biblia-de-oahspe","8":"tag-calendario","9":"tag-eloi","10":"tag-era-kosmon","11":"tag-fideismo","12":"tag-fideistas","13":"tag-fielismo","14":"tag-fielistas","15":"tag-iglesia-fideista","16":"tag-iglesia-fielista","17":"tag-jehovi","18":"tag-la-biblia-oahspe","19":"tag-lecturas-del-leccionario","20":"tag-lecturas-diarias","21":"tag-oahspe","22":"tag-observancias","23":"tag-pacto-unido","24":"tag-pacto-unido-de-la-luz","25":"tag-religion-de-la-luz","26":"tag-shabbat","27":"tag-yeshua","28":"tag-yoshu","29":"anons"},"_links":{"self":[{"href":"https:\/\/covenantarian.org\/u\/wp-json\/wp\/v2\/posts\/1155","targetHints":{"allow":["GET"]}}],"collection":[{"href":"https:\/\/covenantarian.org\/u\/wp-json\/wp\/v2\/posts"}],"about":[{"href":"https:\/\/covenantarian.org\/u\/wp-json\/wp\/v2\/types\/post"}],"author":[{"embeddable":true,"href":"https:\/\/covenantarian.org\/u\/wp-json\/wp\/v2\/users\/3"}],"replies":[{"embeddable":true,"href":"https:\/\/covenantarian.org\/u\/wp-json\/wp\/v2\/comments?post=1155"}],"version-history":[{"count":1,"href":"https:\/\/covenantarian.org\/u\/wp-json\/wp\/v2\/posts\/1155\/revisions"}],"predecessor-version":[{"id":1156,"href":"https:\/\/covenantarian.org\/u\/wp-json\/wp\/v2\/posts\/1155\/revisions\/1156"}],"wp:attachment":[{"href":"https:\/\/covenantarian.org\/u\/wp-json\/wp\/v2\/media?parent=1155"}],"wp:term":[{"taxonomy":"category","embeddable":true,"href":"https:\/\/covenantarian.org\/u\/wp-json\/wp\/v2\/categories?post=1155"},{"taxonomy":"post_tag","embeddable":true,"href":"https:\/\/covenantarian.org\/u\/wp-json\/wp\/v2\/tags?post=1155"}],"curies":[{"name":"wp","href":"https:\/\/api.w.org\/{rel}","templated":true}]}}