{"id":1265,"date":"2025-06-10T22:14:03","date_gmt":"2025-06-10T22:14:03","guid":{"rendered":"https:\/\/covenantarian.org\/u\/?p=1265"},"modified":"2025-06-10T22:17:51","modified_gmt":"2025-06-10T22:17:51","slug":"lecturas-del-convenio-unido-para-el-miercoles-11-de-junio-2025","status":"publish","type":"post","link":"https:\/\/covenantarian.org\/u\/lecturas-del-leccionario\/lecturas-del-convenio-unido-para-el-miercoles-11-de-junio-2025\/","title":{"rendered":"Lecturas del Convenio Unido para el Mi\u00e9rcoles, 11 de Junio, 2025"},"content":{"rendered":"<div class=\"entry\">\n<p><span style=\"font-size: 21px; font-family: georgia, palatino; color: #000000;\"><strong>Giliana Kudsha<\/strong><\/span><\/p>\n<p><span style=\"font-size: 21px; font-family: georgia, palatino; color: #000000;\"><strong>Pedid y se os Dar\u00e1<\/strong><\/span><\/p>\n<p><span style=\"font-family: georgia, palatino; font-size: 21px; color: #000000;\">Si necesit\u00e1is algo, pedid al Padre y \u00c9l lo dar\u00e1 seg\u00fan Su Voluntad. Si vuestro deseo se debe a la codicia, al materialismo o para prop\u00f3sitos perversos, no recibir\u00e9is lo que ped\u00eds, porque vuestro deseo no es de naturaleza piadosa, sino de la oscuridad.<\/span><\/p>\n<p>&nbsp;<\/p>\n<p><span style=\"font-family: georgia, palatino; font-size: 21px; color: #000000;\"><strong>Ense\u00f1anzas de la Luz Cap\u00edtulo 28:<\/strong><\/span><\/p>\n<p lang=\"es-ES\" align=\"LEFT\"><span style=\"font-family: Georgia, serif;\"><span style=\"font-size: 21px;\"><i>La Fe<\/i><\/span><\/span><\/p>\n<p lang=\"es-ES\" align=\"LEFT\"><span style=\"font-family: Georgia, serif;\"><span style=\"font-size: 21px;\"><sup>1<\/sup> A trav\u00e9s de la fe verdadera, dentro de la Voluntad del Creador, todo es posible; pero donde no hay fe, solo hay incertidumbre y fracaso.<\/span><\/span><\/p>\n<p lang=\"es-ES\" align=\"LEFT\"><span style=\"font-family: Georgia, serif;\"><span style=\"font-size: 21px;\"><sup>2<\/sup> Cultivad la fe y alejad la duda de vuestro coraz\u00f3n ocup\u00e1ndoos con el estudio de la Palabra de la Verdad y practicando las Doce Virtudes.<\/span><\/span><\/p>\n<p>&nbsp;<\/p>\n<p><span style=\"font-family: georgia, palatino; font-size: 21px; color: #000000;\"><strong>La Biblia Oahspe, Libro de la Inspiraci\u00f3n Cap\u00edtulo 4:<\/strong><\/span><\/p>\n<p lang=\"es-ES\" align=\"LEFT\"><span style=\"font-family: Georgia, serif;\"><span style=\"font-size: 21px;\">1. CUANDO el infante es joven, Mi Luz es su primer conocimiento, dice Jehov\u00ed.<\/span><\/span><\/p>\n<p lang=\"es-ES\" align=\"LEFT\"><span style=\"font-family: Georgia, serif;\"><span style=\"font-size: 21px;\">2. Me ve y me oye; y ve y oye a Mis \u00e1ngeles.<\/span><\/span><\/p>\n<p lang=\"es-ES\" align=\"LEFT\"><span style=\"font-family: Georgia, serif;\"><span style=\"font-size: 21px;\">3. Por la presi\u00f3n de Mi Luz sobre sus ojos y o\u00eddos corp\u00f3reos, aprende a ver y a o\u00edr corporalmente.<\/span><\/span><\/p>\n<p lang=\"es-ES\" align=\"LEFT\"><span style=\"font-family: Georgia, serif;\"><span style=\"font-size: 21px;\">4. Este es el comienzo de dos sentidos, que los cre\u00e9 para crecer de manera paralela entre s\u00ed, e igual en fuerza.<\/span><\/span><\/p>\n<p lang=\"es-ES\" align=\"LEFT\"><span style=\"font-family: Georgia, serif;\"><span style=\"font-size: 21px;\">5. Pero el infante, estando en el mundo corp\u00f3reo, presta m\u00e1s atenci\u00f3n a las cosas que atraen a los sentidos corp\u00f3reos que a las cosas que atraen a los sentidos espirituales.<\/span><\/span><\/p>\n<p lang=\"es-ES\" align=\"LEFT\"><span style=\"font-family: Georgia, serif;\"><span style=\"font-size: 21px;\">6. Por lo tanto una persona crece, olvid\u00e1ndose de M\u00ed y de Mis \u00e1ngeles. \u00c9l es un esc\u00e9ptico.<\/span><\/span><\/p>\n<p lang=\"es-ES\" align=\"LEFT\"><span style=\"font-family: Georgia, serif;\"><span style=\"font-size: 21px;\">7. Pero otra persona crece, acord\u00e1ndose de M\u00ed, y de Mis \u00e1ngeles. \u00c9l es un creyente.<\/span><\/span><\/p>\n<p lang=\"es-ES\" align=\"LEFT\"><span style=\"font-family: Georgia, serif;\"><span style=\"font-size: 21px;\">8. Y he aqu\u00ed que t\u00fa, Oh hombre, les preguntas: \u00bfDe d\u00f3nde vino la idea de un Creador, de la Persona Suprema?<\/span><\/span><\/p>\n<p lang=\"es-ES\" align=\"LEFT\"><span style=\"font-family: Georgia, serif;\"><span style=\"font-size: 21px;\">9. Y uno de ellos te responde: es inherente; es natural.<\/span><\/span><\/p>\n<p lang=\"es-ES\" align=\"LEFT\"><span style=\"font-family: Georgia, serif;\"><span style=\"font-size: 21px;\">10. Pero el otro responde: Es locura; vino de la oscuridad.<\/span><\/span><\/p>\n<p lang=\"es-ES\" align=\"LEFT\"><span style=\"font-family: Georgia, serif;\"><span style=\"font-size: 21px;\">11. Pero yo te digo, Oh hombre: la oscuridad no puede crear una idea; ni siquiera la oscuridad ser\u00eda conocida sino por la luz que hago al lado de ella.<\/span><\/span><\/p>\n<p lang=\"es-ES\" align=\"LEFT\"><span style=\"font-family: Georgia, serif;\"><span style=\"font-size: 21px;\">12. No puedes imaginar a ning\u00fan animal bajo el sol al que Yo no haya creado.<\/span><\/span><\/p>\n<p lang=\"es-ES\" align=\"LEFT\"><span style=\"font-family: Georgia, serif;\"><span style=\"font-size: 21px;\">13. El hombre dijo: Me imagino a un caballo con cabeza de pez y aletas.<\/span><\/span><\/p>\n<p lang=\"es-ES\" align=\"LEFT\"><span style=\"font-family: Georgia, serif;\"><span style=\"font-size: 21px;\">14. Para cualquier criatura que inventes, dice Jehov\u00ed, tomas las partes de una de Mis creaciones y las juntas.<\/span><\/span><\/p>\n<p lang=\"es-ES\" align=\"LEFT\"><span style=\"font-family: Georgia, serif;\"><span style=\"font-size: 21px;\">15. Que esto te demuestre, que si t\u00fa no puedes inventar una nueva criatura viviente, tampoco tus antepasados pudieron hacerlo con respecto a M\u00ed.<\/span><\/span><\/p>\n<p lang=\"es-ES\" align=\"LEFT\"><span style=\"font-family: Georgia, serif;\"><span style=\"font-size: 21px;\">16. Sin embargo, tienes un pensamiento y una idea de M\u00ed y de Mi Persona.<\/span><\/span><\/p>\n<p lang=\"es-ES\" align=\"LEFT\"><span style=\"font-family: Georgia, serif;\"><span style=\"font-size: 21px;\">17. Y tienes un pensamiento, y una idea de los esp\u00edritus de los muertos.<\/span><\/span><\/p>\n<p lang=\"es-ES\" align=\"LEFT\"><span style=\"font-family: Georgia, serif;\"><span style=\"font-size: 21px;\">18. Por Mi Presencia e inspiraci\u00f3n sobre ti, te ense\u00f1\u00e9 que soy el YO SOY, una Persona.*<\/span><\/span><\/p>\n<p lang=\"es-ES\" align=\"LEFT\"><span style=\"font-family: Georgia, serif;\"><span style=\"font-size: 21px;\">19. Por la inspiraci\u00f3n y presencia de Mis \u00e1ngeles, tambi\u00e9n te ense\u00f1\u00e9 a ti.<\/span><\/span><\/p>\n<p lang=\"es-ES\" align=\"LEFT\"><span style=\"font-family: Georgia, serif;\"><span style=\"font-size: 21px;\">20. Mi inspiraci\u00f3n sobre el p\u00e1jaro lo hace cantar; por Mi Presencia lo ense\u00f1o a construir su nido.<\/span><\/span><\/p>\n<p lang=\"es-ES\" align=\"LEFT\"><span style=\"font-family: Georgia, serif;\"><span style=\"font-size: 21px;\">21. Por Mi Presencia coloreo a una rosa roja y otra blanca.<\/span><\/span><\/p>\n<p lang=\"es-ES\" align=\"LEFT\"><span style=\"font-family: Georgia, serif;\"><span style=\"font-size: 21px;\">22. La prueba de Mi Persona est\u00e1 en la armon\u00eda del conjunto, y de cada uno siendo una persona en s\u00ed mismo, perfecto en su orden.<\/span><\/span><\/p>\n<\/div>\n","protected":false},"excerpt":{"rendered":"<p>Giliana Kudsha Pedid y se os Dar\u00e1 Si necesit\u00e1is algo, pedid al Padre y \u00c9l lo dar\u00e1 seg\u00fan Su Voluntad. Si vuestro deseo se debe a la codicia, al materialismo o para prop\u00f3sitos perversos, no recibir\u00e9is lo que ped\u00eds, porque vuestro deseo no es de naturaleza piadosa, sino de la oscuridad. &nbsp; Ense\u00f1anzas de la &#8230;<\/p>\n","protected":false},"author":3,"featured_media":0,"comment_status":"closed","ping_status":"closed","sticky":false,"template":"","format":"standard","meta":{"footnotes":""},"categories":[9],"tags":[11,29,22,13,14,15,16,17,19,18,21,12,24,23,10,30,27,28,20,31,26,25],"class_list":{"0":"post-1265","1":"post","2":"type-post","3":"status-publish","4":"format-standard","6":"category-lecturas-del-leccionario","7":"tag-biblia-de-oahspe","8":"tag-calendario","9":"tag-eloi","10":"tag-era-kosmon","11":"tag-fideismo","12":"tag-fideistas","13":"tag-fielismo","14":"tag-fielistas","15":"tag-iglesia-fideista","16":"tag-iglesia-fielista","17":"tag-jehovi","18":"tag-la-biblia-oahspe","19":"tag-lecturas-del-leccionario","20":"tag-lecturas-diarias","21":"tag-oahspe","22":"tag-observancias","23":"tag-pacto-unido","24":"tag-pacto-unido-de-la-luz","25":"tag-religion-de-la-luz","26":"tag-shabbat","27":"tag-yeshua","28":"tag-yoshu","29":"anons"},"_links":{"self":[{"href":"https:\/\/covenantarian.org\/u\/wp-json\/wp\/v2\/posts\/1265","targetHints":{"allow":["GET"]}}],"collection":[{"href":"https:\/\/covenantarian.org\/u\/wp-json\/wp\/v2\/posts"}],"about":[{"href":"https:\/\/covenantarian.org\/u\/wp-json\/wp\/v2\/types\/post"}],"author":[{"embeddable":true,"href":"https:\/\/covenantarian.org\/u\/wp-json\/wp\/v2\/users\/3"}],"replies":[{"embeddable":true,"href":"https:\/\/covenantarian.org\/u\/wp-json\/wp\/v2\/comments?post=1265"}],"version-history":[{"count":3,"href":"https:\/\/covenantarian.org\/u\/wp-json\/wp\/v2\/posts\/1265\/revisions"}],"predecessor-version":[{"id":1268,"href":"https:\/\/covenantarian.org\/u\/wp-json\/wp\/v2\/posts\/1265\/revisions\/1268"}],"wp:attachment":[{"href":"https:\/\/covenantarian.org\/u\/wp-json\/wp\/v2\/media?parent=1265"}],"wp:term":[{"taxonomy":"category","embeddable":true,"href":"https:\/\/covenantarian.org\/u\/wp-json\/wp\/v2\/categories?post=1265"},{"taxonomy":"post_tag","embeddable":true,"href":"https:\/\/covenantarian.org\/u\/wp-json\/wp\/v2\/tags?post=1265"}],"curies":[{"name":"wp","href":"https:\/\/api.w.org\/{rel}","templated":true}]}}