{"id":1313,"date":"2025-06-26T21:22:52","date_gmt":"2025-06-26T21:22:52","guid":{"rendered":"https:\/\/covenantarian.org\/u\/?p=1313"},"modified":"2025-06-26T21:22:52","modified_gmt":"2025-06-26T21:22:52","slug":"lecturas-del-convenio-unido-para-el-viernes-27-de-junio-2025","status":"publish","type":"post","link":"https:\/\/covenantarian.org\/u\/lecturas-del-leccionario\/lecturas-del-convenio-unido-para-el-viernes-27-de-junio-2025\/","title":{"rendered":"Lecturas del Convenio Unido para el Viernes, 27 de Junio, 2025"},"content":{"rendered":"<div class=\"entry\">\n<p><span style=\"font-size: 21px; font-family: georgia, palatino; color: #000000;\" data-darkreader-inline-color=\"\"><strong>Giliana Kudsha<\/strong><\/span><\/p>\n<p><span style=\"font-size: 21px; font-family: georgia, palatino; color: #000000;\" data-darkreader-inline-color=\"\"><b>Los Fielistas Esenios <\/b><span style=\"--darkreader-inline-color: #bdb7af;\"><b>\u2013 <\/b><\/span><b>Una Tribu Unida<\/b><\/span><\/p>\n<p><span style=\"font-family: georgia, palatino; font-size: 21px; color: #000000;\" data-darkreader-inline-color=\"\">Hablo al pueblo de Jehov\u00ed, a los Fielistas del Todopoderoso, y no al mundo. El Padre no est\u00e1 llamando a los uzianos, sino a Su pueblo. Jehov\u00ed os est\u00e1 convocando a vosotros que sois los verdaderos Israelitas. Vosotros sois Fielistas Esenios y pertenec\u00e9is a Jehov\u00ed. Sois el valioso remanente del Creador Siempre Presente. Sois una tribu unida en la adoraci\u00f3n de Jehov\u00ed y con el objetivo com\u00fan de permanecer fieles a los Mandamientos del Padre y de escuchar Su Voz como una sola comunidad espiritual.<\/span><\/p>\n<p><span style=\"font-family: georgia, palatino; font-size: 21px; color: #000000;\" data-darkreader-inline-color=\"\">Sin importar cu\u00e1n distantes est\u00e1is cada uno de vosotros el uno del otro, aun as\u00ed est\u00e1is unidos por la presencia de Jehov\u00ed. Sin importar qu\u00e9 idioma habl\u00e1is, el idioma de vuestro coraz\u00f3n debe ser uno, que es hacer la Voluntad del Padre.<\/span><\/p>\n<p><span style=\"font-family: georgia, palatino; font-size: 21px; color: #000000;\" data-darkreader-inline-color=\"\">El lenguaje espiritual de los Fielistas Esenios y el lenguaje nocivo de los uzianos son diferentes en muchos aspectos. El idioma en el que habl\u00e1is est\u00e1 lleno de alabanza, acci\u00f3n de gracias y gratitud a Jehov\u00ed, mientras que el idioma de los uzianos est\u00e1 lleno de suciedad, codicia, divisi\u00f3n y odio que solo alaba a satan\u00e1s (el ego).<\/span><\/p>\n<p><span style=\"font-family: georgia, palatino; font-size: 21px; color: #000000;\" data-darkreader-inline-color=\"\">Es importante que los Fielistas de Jehov\u00ed se distingan a s\u00ed mismos en su forma de hablar de la de uz. Como remanente, os est\u00e1is apoyando mutuamente en vuestra adoraci\u00f3n y servicio diarios a Jehov\u00ed vuestro Creador. No se os ha asignado la tarea de convertir a los uzianos o de obligarlos a aceptar la Luz del Todopoderoso. Vuestro ejemplo de vivir de acuerdo con los Mandamientos y las Virtudes es suficiente para que otros dejen atr\u00e1s sus viejos h\u00e1bitos y acepten a Jehov\u00ed. Esto \u00faltimo solo ocurrir\u00e1 en Su tiempo, y solo de los uzianos que est\u00e1n intentando verdaderamente buscar Su verdad. En esta era, Jehov\u00ed est\u00e1 interesado principalmente por Su remanente y por c\u00f3mo lo adoran seg\u00fan la manera en que \u00c9l ha inspirado a cada uno en su coraz\u00f3n.<\/span><\/p>\n<p><span style=\"font-family: georgia, palatino; font-size: 21px; color: #000000;\" data-darkreader-inline-color=\"\">Como Fielistas Esenios, ten\u00e9is que adoptar la manera de hablar de vuestros antepasados espirituales de la antig\u00fcedad. Ten\u00e9is una cultura \u00fanica que debe ser apreciada, promovida y mantenida dentro de la tribu. En todo lo que hag\u00e1is, hablad entre vosotros con amor y afiliaci\u00f3n, como lo hicieron los Esenios de Qumr\u00e1n hace siglos.<\/span><\/p>\n<p><span style=\"font-family: georgia, palatino; font-size: 21px; color: #000000;\" data-darkreader-inline-color=\"\">Adorad a Jehov\u00ed el Todopoderoso en emeth (verdad) y ruach (esp\u00edritu), porque \u00c9l es Rey, y \u00c9l es el Padre de la tribu Fielista Esenia. Vosotros sois los Fielistas de Jehov\u00ed. Caminad erguidos en Su Luz todos los d\u00edas.<\/span><\/p>\n<p align=\"LEFT\">\n<p align=\"LEFT\"><span style=\"font-family: Georgia, serif;\"><span style=\"font-size: 21px;\"><b>Ense\u00f1anzas de la Luz Cap\u00edtulo 44:<\/b><\/span><\/span><\/p>\n<p align=\"LEFT\"><span style=\"font-family: Georgia, serif;\"><span style=\"font-size: 21px;\"><i>La Madre de la Vida<\/i><\/span><\/span><\/p>\n<p align=\"LEFT\"><span style=\"font-family: Georgia, serif;\"><span style=\"font-size: 21px;\"><sup>1<\/sup> La Fuente de toda bendici\u00f3n y de todas las oraciones es la Madre de la Vida.<\/span><\/span><\/p>\n<p align=\"LEFT\"><span style=\"font-family: Georgia, serif;\"><span style=\"font-size: 21px;\"><sup>2<\/sup> La Madre de la Vida se apresura a proteger a los que est\u00e1n cerca del Padre de la Grandeza.<\/span><\/span><\/p>\n<p align=\"LEFT\"><span style=\"font-family: Georgia, serif;\"><span style=\"font-size: 21px;\"><sup>3<\/sup> La humanidad, que camina en el mundo de la oscuridad, est\u00e1 privada de la presencia de la Madre de la Vida porque no busca hacer la Voluntad del Gran Padre y debe buscar el perd\u00f3n a trav\u00e9s del arrepentimiento verdadero y a trav\u00e9s de la intercesi\u00f3n por los Elegidos Intercesores.<\/span><\/span><\/p>\n<p>&nbsp;<\/p>\n<p align=\"LEFT\"><span style=\"font-family: Georgia, serif;\"><span style=\"font-size: 21px;\"><strong>El Libro de la Verdad: Domingo por la Madrugada \u2013 145:5:<\/strong><\/span><\/span><\/p>\n<p align=\"LEFT\"><strong><span style=\"font-family: Georgia, serif;\"><span style=\"font-size: 21px;\">5. Domingo por la Madrugada<\/span><\/span><\/strong><\/p>\n<p align=\"LEFT\"><span style=\"font-family: Georgia, serif;\"><span style=\"font-size: 21px;\">145:5.1<\/span><\/span><\/p>\n<p align=\"LEFT\"><span style=\"font-family: Georgia, serif;\"><span style=\"font-size: 21px;\">Tampoco Jes\u00fas durmi\u00f3 mucho este s\u00e1bado por la noche. Se daba cuenta de que el mundo estaba lleno de sufrimiento f\u00edsico y repleto de dificultades materiales, y discurr\u00eda el grave peligro de verse obligado a dedicar mucho de su tiempo al cuidado de los enfermos y afligidos, que su misi\u00f3n de establecimiento del reino espiritual en el coraz\u00f3n de los hombres habr\u00eda de sufrir interferencias o por lo menos se subordinar\u00eda al ministerio de las cosas materiales. Por estos pensamientos y otros similares que ocupaban la mente mortal de Jes\u00fas durante la noche, se levant\u00f3 el domingo por la ma\u00f1ana mucho antes del amanecer y se fue a solas a uno de sus sitios favoritos para comunicarse con su Padre. El tema de la oraci\u00f3n de Jes\u00fas esta madrugada era pedir sabidur\u00eda y juicio suficientes para refrenar su compasi\u00f3n humana en combinaci\u00f3n con su misericordia divina, conmoverse tanto en presencia del sufrimiento mortal que lo llevara a dedicar todo su tiempo al ministerio f\u00edsico, descuidando el ministerio espiritual. Aunque no deseaba evitar por completo el ministerio a los enfermos, sab\u00eda que tambi\u00e9n ten\u00eda que hacer el trabajo m\u00e1s importante de la ense\u00f1anza espiritual y la capacitaci\u00f3n religiosa.<\/span><\/span><\/p>\n<p align=\"LEFT\"><span style=\"font-family: Georgia, serif;\"><span style=\"font-size: 21px;\">145:5.2<\/span><\/span><\/p>\n<p align=\"LEFT\"><span style=\"font-family: Georgia, serif;\"><span style=\"font-size: 21px;\">Jes\u00fas iba tan a menudo a las colinas para orar porque no hab\u00eda all\u00ed cuartos privados que se adecuaran a su devoci\u00f3n personal.<\/span><\/span><\/p>\n<p align=\"LEFT\"><span style=\"font-family: Georgia, serif;\"><span style=\"font-size: 21px;\">145:5.3<\/span><\/span><\/p>\n<p align=\"LEFT\"><span style=\"font-family: Georgia, serif;\"><span style=\"font-size: 21px;\">Pedro no pudo dormir esa noche; por eso, muy temprano, poco despu\u00e9s de que Jes\u00fas se hab\u00eda ido a orar, despert\u00f3 a Santiago y a Juan, y los tres se fueron a buscar al Maestro. Despu\u00e9s de buscarlo por m\u00e1s de una hora lo encontraron y le rogaron que les explicara la raz\u00f3n de su extra\u00f1a conducta. Deseaban saber por qu\u00e9 parec\u00eda estar preocupado por la erupci\u00f3n espectacular del esp\u00edritu de curaci\u00f3n, mientras que todo el mundo estaba tan lleno de dicha y los ap\u00f3stoles tanto se regocijaban.<\/span><\/span><\/p>\n<p align=\"LEFT\"><span style=\"font-family: Georgia, serif;\"><span style=\"font-size: 21px;\">145:5.4<\/span><\/span><\/p>\n<p align=\"LEFT\"><span style=\"font-family: Georgia, serif;\"><span style=\"font-size: 21px;\">Por m\u00e1s de cuatro horas trat\u00f3 Jes\u00fas de explicar a estos tres ap\u00f3stoles lo que hab\u00eda ocurrido. Les ense\u00f1\u00f3 lo que hab\u00eda acontecido y les explic\u00f3 los peligros de tales manifestaciones. Jes\u00fas les dijo en confianza el motivo por el cual hab\u00eda salido a orar. Trat\u00f3 de aclararles a sus asociados personales las razones reales de por qu\u00e9 el reino del Padre no se pod\u00eda construir sobre la base de portentos y curaciones f\u00edsicas. Pero ellos no pod\u00edan comprender sus ense\u00f1anzas.<\/span><\/span><\/p>\n<p align=\"LEFT\"><span style=\"font-family: Georgia, serif;\"><span style=\"font-size: 21px;\">145:5.5<\/span><\/span><\/p>\n<p align=\"LEFT\"><span style=\"font-family: Georgia, serif;\"><span style=\"font-size: 21px;\">Mientras tanto, temprano por la ma\u00f1ana del domingo, otras multitudes de almas afligidas y muchos curiosos empezaron a congregarse alrededor de la casa de Zebedeo. Clamaban que quer\u00edan ver a Jes\u00fas. Andr\u00e9s y los ap\u00f3stoles estaban tan perplejos que, mientras Sim\u00f3n el Zelote hablaba a la asamblea, Andr\u00e9s, con varios de sus asociados, fue a buscar a Jes\u00fas. Cuando Andr\u00e9s hubo ubicado a Jes\u00fas en compa\u00f1\u00eda de los tres, dijo: \u00abMaestro, \u00bfpor qu\u00e9 nos dejas solos con la multitud? He aqu\u00ed que todos los hombres te buscan; nunca antes tantos han buscado tus ense\u00f1anzas. Aun en este momento la casa est\u00e1 rodeada de los que han venido de lejos y de cerca por tus obras poderosas. \u00bfEs que no vas a volver con nosotros para ministrar a ellos?\u00bb<\/span><\/span><\/p>\n<p align=\"LEFT\"><span style=\"font-family: Georgia, serif;\"><span style=\"font-size: 21px;\">145:5.6<\/span><\/span><\/p>\n<p align=\"LEFT\"><span style=\"font-family: Georgia, serif;\"><span style=\"font-size: 21px;\">Cuando Jes\u00fas escuch\u00f3 esto, contest\u00f3: \u00abAndr\u00e9s, \u00bfacaso no te ense\u00f1\u00e9 a ti y a estos otros que mi misi\u00f3n en la tierra es la revelaci\u00f3n del Padre, y mi mensaje, la proclamaci\u00f3n del reino del cielo? \u00bfC\u00f3mo puede ser pues que quieras que yo me desv\u00ede de mi misi\u00f3n para gratificar a los curiosos y para satisfacer a los que buscan signos y portentos? \u00bfAcaso no hemos estado entre estas gentes durante todos estos meses? \u00bfAcaso han venido ellos antes en multitudes para escuchar la buena nueva del reino? \u00bfPor qu\u00e9 vienen ahora a importunarnos? \u00bfNo buscan acaso curar su cuerpo f\u00edsico en vez de regocijarse porque han recibido la verdad espiritual para la salvaci\u00f3n de su alma? Cuando los hombres son atra\u00eddos a nosotros por manifestaciones extraordinarias, muchos de ellos vienen buscando, no la verdad y la salvaci\u00f3n, sino m\u00e1s bien la curaci\u00f3n de sus dolencias f\u00edsicas y la redenci\u00f3n de sus dificultades materiales.<\/span><\/span><\/p>\n<p align=\"LEFT\"><span style=\"font-family: Georgia, serif;\"><span style=\"font-size: 21px;\">145:5.7<\/span><\/span><\/p>\n<p align=\"LEFT\"><span style=\"font-family: Georgia, serif;\"><span style=\"font-size: 21px;\">\u00abDurante todo este tiempo estuve en Capernaum, y tanto en la sinagoga como junto al mar he proclamado la buena nueva del reino a todos los que ten\u00edan o\u00eddos para escuchar y coraz\u00f3n para recibir la verdad. No es la voluntad de mi Padre que vuelva contigo para ocuparme de estos curiosos ni que me dedique al ministerio de las cosas materiales con exclusi\u00f3n de las espirituales. Os he ordenado para que prediqu\u00e9is el evangelio y para que ministr\u00e9is a los enfermos, pero no debo dedicar todos mis esfuerzos a sanar cuerpos, en vez de ense\u00f1ar la verdad. No, Andr\u00e9s, no voy a volver contigo. Vete y dile a la gente que crean en lo que les hemos ense\u00f1ado y que se regocijen en la libertad de los hijos de Dios, y prepara las cosas para nuestra partida a las otras ciudades de Galilea, donde ya ha sido preparado el camino para la predicaci\u00f3n de la buena nueva del reino. Con este prop\u00f3sito vine yo del Padre. Vete pues, y prepara nuestra partida inmediata, y yo aguardar\u00e9 aqu\u00ed tu retorno\u00bb.<\/span><\/span><\/p>\n<p align=\"LEFT\"><span style=\"font-family: Georgia, serif;\"><span style=\"font-size: 21px;\">145:5.8<\/span><\/span><\/p>\n<p align=\"LEFT\"><span style=\"font-family: Georgia, serif;\"><span style=\"font-size: 21px;\">Cuando Jes\u00fas hubo hablado, Andr\u00e9s y sus compa\u00f1eros ap\u00f3stoles tristemente se encaminaron de vuelta a la casa de Zebedeo, despidieron a la multitud reunida y r\u00e1pidamente se prepararon para el viaje, como Jes\u00fas les hab\u00eda mandado. As\u00ed pues, por la tarde del domingo 18 de enero del a\u00f1o 28 d. de J.C., Jes\u00fas y los ap\u00f3stoles comenzaron su primera gira realmente p\u00fablica y abierta de predicaci\u00f3n en las ciudades de Galilea. Durante esta primera gira predicaron el evangelio del reino en muchas ciudades, pero no visitaron a Nazaret.<\/span><\/span><\/p>\n<p align=\"LEFT\"><span style=\"font-family: Georgia, serif;\"><span style=\"font-size: 21px;\">145:5.9<\/span><\/span><\/p>\n<p align=\"LEFT\"><span style=\"font-family: Georgia, serif;\"><span style=\"font-size: 21px;\">Ese domingo por la tarde, poco despu\u00e9s de que Jes\u00fas y sus ap\u00f3stoles partieron en direcci\u00f3n a Rim\u00f3n, sus hermanos Santiago y Jud\u00e1 vinieron a visitarlo, present\u00e1ndose en la casa de Zebedeo. Alrededor del mediod\u00eda de ese d\u00eda Jud\u00e1 hab\u00eda buscado a su hermano Santiago e insistido en que fueran a ver a Jes\u00fas. Pero cuando Santiago finalmente consinti\u00f3 en ir con Jud\u00e1, Jes\u00fas ya hab\u00eda partido.<\/span><\/span><\/p>\n<p align=\"LEFT\"><span style=\"font-family: Georgia, serif;\"><span style=\"font-size: 21px;\">145:5.10<\/span><\/span><\/p>\n<p align=\"LEFT\"><span style=\"font-family: Georgia, serif;\"><span style=\"font-size: 21px;\">Los ap\u00f3stoles lamentaban abandonar el ambiente de gran inter\u00e9s que hab\u00eda surgido en Capernaum. Pedro calculaba que no menos de mil creyentes pudieron haber sido bautizados en el reino. Jes\u00fas les escuch\u00f3 pacientemente, pero no consinti\u00f3 en volver. Prevaleci\u00f3 el silencio por un rato, y luego Tom\u00e1s se dirigi\u00f3 a sus compa\u00f1eros ap\u00f3stoles diciendo: \u00ab\u00a1Vamos! El Maestro ha hablado. No importa que no comprendamos plenamente los misterios del reino de los cielos, pues una cosa es segura: Seguimos a un maestro que no busca la gloria para s\u00ed mismo\u00bb. Y a rega\u00f1adientes salieron para predicar la buena nueva en las ciudades de Galilea.<\/span><\/span><\/p>\n<\/div>\n","protected":false},"excerpt":{"rendered":"<p>Giliana Kudsha Los Fielistas Esenios \u2013 Una Tribu Unida Hablo al pueblo de Jehov\u00ed, a los Fielistas del Todopoderoso, y no al mundo. El Padre no est\u00e1 llamando a los uzianos, sino a Su pueblo. Jehov\u00ed os est\u00e1 convocando a vosotros que sois los verdaderos Israelitas. Vosotros sois Fielistas Esenios y pertenec\u00e9is a Jehov\u00ed. Sois &#8230;<\/p>\n","protected":false},"author":3,"featured_media":0,"comment_status":"closed","ping_status":"closed","sticky":false,"template":"","format":"standard","meta":{"footnotes":""},"categories":[9],"tags":[11,29,22,13,14,15,16,17,19,18,21,12,24,23,10,30,27,28,20,31,26,25],"class_list":{"0":"post-1313","1":"post","2":"type-post","3":"status-publish","4":"format-standard","6":"category-lecturas-del-leccionario","7":"tag-biblia-de-oahspe","8":"tag-calendario","9":"tag-eloi","10":"tag-era-kosmon","11":"tag-fideismo","12":"tag-fideistas","13":"tag-fielismo","14":"tag-fielistas","15":"tag-iglesia-fideista","16":"tag-iglesia-fielista","17":"tag-jehovi","18":"tag-la-biblia-oahspe","19":"tag-lecturas-del-leccionario","20":"tag-lecturas-diarias","21":"tag-oahspe","22":"tag-observancias","23":"tag-pacto-unido","24":"tag-pacto-unido-de-la-luz","25":"tag-religion-de-la-luz","26":"tag-shabbat","27":"tag-yeshua","28":"tag-yoshu","29":"anons"},"_links":{"self":[{"href":"https:\/\/covenantarian.org\/u\/wp-json\/wp\/v2\/posts\/1313","targetHints":{"allow":["GET"]}}],"collection":[{"href":"https:\/\/covenantarian.org\/u\/wp-json\/wp\/v2\/posts"}],"about":[{"href":"https:\/\/covenantarian.org\/u\/wp-json\/wp\/v2\/types\/post"}],"author":[{"embeddable":true,"href":"https:\/\/covenantarian.org\/u\/wp-json\/wp\/v2\/users\/3"}],"replies":[{"embeddable":true,"href":"https:\/\/covenantarian.org\/u\/wp-json\/wp\/v2\/comments?post=1313"}],"version-history":[{"count":1,"href":"https:\/\/covenantarian.org\/u\/wp-json\/wp\/v2\/posts\/1313\/revisions"}],"predecessor-version":[{"id":1315,"href":"https:\/\/covenantarian.org\/u\/wp-json\/wp\/v2\/posts\/1313\/revisions\/1315"}],"wp:attachment":[{"href":"https:\/\/covenantarian.org\/u\/wp-json\/wp\/v2\/media?parent=1313"}],"wp:term":[{"taxonomy":"category","embeddable":true,"href":"https:\/\/covenantarian.org\/u\/wp-json\/wp\/v2\/categories?post=1313"},{"taxonomy":"post_tag","embeddable":true,"href":"https:\/\/covenantarian.org\/u\/wp-json\/wp\/v2\/tags?post=1313"}],"curies":[{"name":"wp","href":"https:\/\/api.w.org\/{rel}","templated":true}]}}