{"id":1334,"date":"2025-06-30T22:52:34","date_gmt":"2025-06-30T22:52:34","guid":{"rendered":"https:\/\/covenantarian.org\/u\/?p=1334"},"modified":"2025-07-01T07:13:30","modified_gmt":"2025-07-01T07:13:30","slug":"lecturas-del-convenio-unido-para-el-martes-1-de-julio-2025","status":"publish","type":"post","link":"https:\/\/covenantarian.org\/u\/lecturas-del-leccionario\/lecturas-del-convenio-unido-para-el-martes-1-de-julio-2025\/","title":{"rendered":"Lecturas del Convenio Unido para el Martes, 1 de Julio, 2025"},"content":{"rendered":"<div class=\"entry\">\n<p><span style=\"font-size: 21px; font-family: georgia, palatino; color: #000000;\"><strong>Giliana Kudsha<\/strong><\/span><\/p>\n<p><span style=\"font-family: georgia, palatino; font-size: 21px; color: #000000;\"><b>Ofrece Tu Sufrimiento como una Ofrenda<\/b><\/span><\/p>\n<p><span style=\"font-family: georgia, palatino; font-size: 21px; color: #000000;\">Los momentos dif\u00edciles a los que te enfrentas pueden ayudar a fortalecerte en tu servicio al Padre. Ofrece tus sufrimientos a tu Padre en el cielo y \u00c9l los recibir\u00e1 como sacrificios perfectos.<\/span><\/p>\n<p><span style=\"font-family: georgia, palatino; font-size: 21px; color: #000000;\">No permitas que tus penas te agobien hasta tal punto que tu comuni\u00f3n espiritual con el Creador se haya disminuido.<\/span><\/p>\n<p><span style=\"font-family: georgia, palatino; font-size: 21px; color: #000000;\">Pon tu confianza en el brazo del Eterno y \u00c9l te ayudar\u00e1 a mantenerte firme y caminar\u00e1s con fuerza.<\/span><\/p>\n<p>&nbsp;<\/p>\n<p align=\"JUSTIFY\"><strong><span style=\"font-family: georgia, palatino; color: #000000; --darkreader-inline-color: #e8e6e3; font-size: 21px;\" data-darkreader-inline-color=\"\">Ense\u00f1anzas de la Luz Cap\u00edtulo 48:<\/span><\/strong><\/p>\n<p lang=\"es-ES\" align=\"LEFT\"><span style=\"font-family: georgia, palatino; color: #000000; --darkreader-inline-color: #e8e6e3; font-size: 21px;\" data-darkreader-inline-color=\"\"><i>La Luz, la Verdad, y el Mensaje de la Luz<\/i><\/span><\/p>\n<p lang=\"es-ES\" align=\"LEFT\"><span style=\"font-family: georgia, palatino; color: #000000; --darkreader-inline-color: #e8e6e3; font-size: 21px;\" data-darkreader-inline-color=\"\"><sup>1<\/sup> Siguiendo la \u00danica Luz, todas las cosas se aclaran.<\/span><\/p>\n<p lang=\"es-ES\" align=\"LEFT\"><span style=\"font-family: georgia, palatino; color: #000000; --darkreader-inline-color: #e8e6e3; font-size: 21px;\" data-darkreader-inline-color=\"\"><sup>2 <\/sup>La mentalidad de muchedumbre no es una cualidad de un maestro del Mensaje de la Luz; esta mentalidad tiene su origen en la oscuridad.<\/span><\/p>\n<p lang=\"es-ES\" align=\"LEFT\"><span style=\"font-family: georgia, palatino; color: #000000; --darkreader-inline-color: #e8e6e3; font-size: 21px;\" data-darkreader-inline-color=\"\"><sup>3<\/sup> El uso de lenguaje vulgar y altamente ofensivo nunca es necesario cuando se comparte la Verdad del Mensaje de la Luz con los dem\u00e1s.<\/span><\/p>\n<p lang=\"es-ES\" align=\"LEFT\"><span style=\"font-family: georgia, palatino; color: #000000; --darkreader-inline-color: #e8e6e3; font-size: 21px;\" data-darkreader-inline-color=\"\"><sup>4<\/sup> Sed siempre amables en vuestro acercamiento a los dem\u00e1s, utilizando siempre las Palabras de la Verdad en todo lo que dec\u00eds.<\/span><\/p>\n<p lang=\"es-ES\" align=\"LEFT\"><span style=\"font-family: georgia, palatino; color: #000000; --darkreader-inline-color: #e8e6e3; font-size: 21px;\" data-darkreader-inline-color=\"\"><sup>5<\/sup> No hay tal cosa como un servicio alternativo; cualquier manera de compartir el Mensaje de la Luz es servicio completo a la humanidad.<\/span><\/p>\n<p lang=\"es-ES\" align=\"LEFT\"><span style=\"font-family: georgia, palatino; color: #000000; --darkreader-inline-color: #e8e6e3; font-size: 21px;\" data-darkreader-inline-color=\"\"><sup>6<\/sup> El mundo ser\u00e1 envuelto \u2013 pronto \u2013 por la oscuridad, y el \u00fanico brillo de la Luz Sagrada que quede ser\u00e1 entre los que todav\u00eda est\u00e9n compartiendo el Buen Mensaje con otros \u2013 eso, hijos e hijas m\u00edos, es la \u00fanica esperanza para la humanidad \u2013 porque es ese mismo Mensaje el que dirige a la humanidad hacia el Reino de la Luz.<\/span><\/p>\n<p lang=\"es-ES\" align=\"LEFT\">\n<p lang=\"es-ES\" align=\"LEFT\"><span style=\"font-family: georgia, palatino; color: #000000; --darkreader-inline-color: #e8e6e3; font-size: 21px;\" data-darkreader-inline-color=\"\"><strong>El Libro de la Verdad, La Muerte de Zacar\u00edas \u2013 135:2.1-4:<\/strong><\/span><\/p>\n<p lang=\"es-ES\" align=\"LEFT\"><span style=\"font-family: georgia, palatino; color: #000000; --darkreader-inline-color: #e8e6e3; font-size: 21px;\" data-darkreader-inline-color=\"\">2. La Muerte de Zacar\u00edas<\/span><\/p>\n<p lang=\"es-ES\" align=\"LEFT\"><span style=\"font-family: georgia, palatino; color: #000000; --darkreader-inline-color: #e8e6e3; font-size: 21px;\" data-darkreader-inline-color=\"\">135:2.1<\/span><\/p>\n<p lang=\"es-ES\" align=\"LEFT\"><span style=\"font-family: georgia, palatino; color: #000000; --darkreader-inline-color: #e8e6e3; font-size: 21px;\" data-darkreader-inline-color=\"\">Despu\u00e9s de una enfermedad que dur\u00f3 varios meses, Zacar\u00edas muri\u00f3 en julio del a\u00f1o 12 d. de J. C., cuando Juan apenas contaba dieciocho a\u00f1os. Fue \u00e9ste un momento de gran desconcierto para Juan puesto que el voto nazareo le prohib\u00eda todo contacto con los muertos, incluso con los de la propia familia. Aunque Juan intent\u00f3 cumplir con las restricciones inherentes a su voto en cuanto a la contaminaci\u00f3n de los muertos, no estaba seguro de haber obedecido totalmente los requisitos de la orden nazarea; por lo tanto, despu\u00e9s del entierro de su padre, fue a Jerusal\u00e9n, donde, en el rinc\u00f3n de los nazareos del atrio de las mujeres, ofreci\u00f3 los sacrificios requeridos para su purificaci\u00f3n.<\/span><\/p>\n<p lang=\"es-ES\" align=\"LEFT\"><span style=\"font-family: georgia, palatino; color: #000000; --darkreader-inline-color: #e8e6e3; font-size: 21px;\" data-darkreader-inline-color=\"\">135:2.2<\/span><\/p>\n<p lang=\"es-ES\" align=\"LEFT\"><span style=\"font-family: georgia, palatino; color: #000000; --darkreader-inline-color: #e8e6e3; font-size: 21px;\" data-darkreader-inline-color=\"\">En septiembre de este a\u00f1o Elizabeth y Juan hicieron un viaje a Nazaret para visitar a Mar\u00eda y a Jes\u00fas. Juan estaba pr\u00e1cticamente decidido a dar comienzo a su obra, pero le convencieron no s\u00f3lo las exhortaciones de Jes\u00fas sino tambi\u00e9n su ejemplo de que era mejor regresar al hogar, dedicarse a cuidar a su madre, y aguardar \u00abla llegada de la hora del Padre\u00bb. Despu\u00e9s de despedirse de Jes\u00fas y de Mar\u00eda al final de esta agradable visita, Juan no volver\u00eda a ver a Jes\u00fas hasta el momento del bautismo de \u00e9ste en el Jord\u00e1n.<\/span><\/p>\n<p lang=\"es-ES\" align=\"LEFT\"><span style=\"font-family: georgia, palatino; color: #000000; --darkreader-inline-color: #e8e6e3; font-size: 21px;\" data-darkreader-inline-color=\"\">135:2.3<\/span><\/p>\n<p lang=\"es-ES\" align=\"LEFT\"><span style=\"font-family: georgia, palatino; color: #000000; --darkreader-inline-color: #e8e6e3; font-size: 21px;\" data-darkreader-inline-color=\"\">Juan y Elizabeth regresaron a su hogar y comenzaron a hacer planes para el futuro. Puesto que Juan rehus\u00f3 aceptar el estipendio de sacerdote que se le adeudaba de los fondos del templo, al cabo de dos a\u00f1os hab\u00edan perdido todo y estaban a punto de perder su casa; por eso decidieron trasladarse al sur con su reba\u00f1o de ovejas. Como consecuencia, el verano en que Juan cumpli\u00f3 veinte a\u00f1os presenci\u00f3 su traslado a Hebr\u00f3n. En el llamado \u00abdesierto de Judea\u00bb Juan cuidaba de sus ovejas junto a un arroyo que era tributario de una corriente de agua m\u00e1s grande que desembocaba en el Mar Muerto a la altura de En-Gedi. La colonia de En-Gedi inclu\u00eda no solamente a los nazareos de voto perpetuo y de consagraci\u00f3n temporal, sino tambi\u00e9n a otros numerosos pastores asc\u00e9ticos que se congregaban en esta regi\u00f3n con sus reba\u00f1os y fraternizaban con la hermandad de los nazareos. Se ganaban la vida con la cr\u00eda de las ovejas y con la ayuda de las d\u00e1divas que los ricos jud\u00edos le hac\u00edan a la orden.<\/span><\/p>\n<p lang=\"es-ES\" align=\"LEFT\"><span style=\"font-family: georgia, palatino; color: #000000; --darkreader-inline-color: #e8e6e3; font-size: 21px;\" data-darkreader-inline-color=\"\">135:2.4<\/span><\/p>\n<p lang=\"es-ES\" align=\"LEFT\"><span style=\"font-family: georgia, palatino; color: #000000; --darkreader-inline-color: #e8e6e3; font-size: 21px;\" data-darkreader-inline-color=\"\">Seg\u00fan pasaba el tiempo, Juan regresaba cada vez menos frecuentemente a Hebr\u00f3n, mientras que visitaba En-Gedi con frecuencia cada vez mayor. Era tan completamente diferente de la mayor\u00eda de los nazareos que le resultaba muy dif\u00edcil fraternizar en forma plena con la hermandad. Pero le ten\u00eda gran afecto a Abner, el reconocido l\u00edder y jefe de la colonia de En-Gedi.<\/span><\/p>\n<\/div>\n","protected":false},"excerpt":{"rendered":"<p>Giliana Kudsha Ofrece Tu Sufrimiento como una Ofrenda Los momentos dif\u00edciles a los que te enfrentas pueden ayudar a fortalecerte en tu servicio al Padre. Ofrece tus sufrimientos a tu Padre en el cielo y \u00c9l los recibir\u00e1 como sacrificios perfectos. No permitas que tus penas te agobien hasta tal punto que tu comuni\u00f3n espiritual &#8230;<\/p>\n","protected":false},"author":3,"featured_media":0,"comment_status":"closed","ping_status":"closed","sticky":false,"template":"","format":"standard","meta":{"footnotes":""},"categories":[9],"tags":[11,29,22,13,14,15,16,17,19,18,21,12,24,23,10,30,27,28,20,31,26,25],"class_list":{"0":"post-1334","1":"post","2":"type-post","3":"status-publish","4":"format-standard","6":"category-lecturas-del-leccionario","7":"tag-biblia-de-oahspe","8":"tag-calendario","9":"tag-eloi","10":"tag-era-kosmon","11":"tag-fideismo","12":"tag-fideistas","13":"tag-fielismo","14":"tag-fielistas","15":"tag-iglesia-fideista","16":"tag-iglesia-fielista","17":"tag-jehovi","18":"tag-la-biblia-oahspe","19":"tag-lecturas-del-leccionario","20":"tag-lecturas-diarias","21":"tag-oahspe","22":"tag-observancias","23":"tag-pacto-unido","24":"tag-pacto-unido-de-la-luz","25":"tag-religion-de-la-luz","26":"tag-shabbat","27":"tag-yeshua","28":"tag-yoshu","29":"anons"},"_links":{"self":[{"href":"https:\/\/covenantarian.org\/u\/wp-json\/wp\/v2\/posts\/1334","targetHints":{"allow":["GET"]}}],"collection":[{"href":"https:\/\/covenantarian.org\/u\/wp-json\/wp\/v2\/posts"}],"about":[{"href":"https:\/\/covenantarian.org\/u\/wp-json\/wp\/v2\/types\/post"}],"author":[{"embeddable":true,"href":"https:\/\/covenantarian.org\/u\/wp-json\/wp\/v2\/users\/3"}],"replies":[{"embeddable":true,"href":"https:\/\/covenantarian.org\/u\/wp-json\/wp\/v2\/comments?post=1334"}],"version-history":[{"count":3,"href":"https:\/\/covenantarian.org\/u\/wp-json\/wp\/v2\/posts\/1334\/revisions"}],"predecessor-version":[{"id":1337,"href":"https:\/\/covenantarian.org\/u\/wp-json\/wp\/v2\/posts\/1334\/revisions\/1337"}],"wp:attachment":[{"href":"https:\/\/covenantarian.org\/u\/wp-json\/wp\/v2\/media?parent=1334"}],"wp:term":[{"taxonomy":"category","embeddable":true,"href":"https:\/\/covenantarian.org\/u\/wp-json\/wp\/v2\/categories?post=1334"},{"taxonomy":"post_tag","embeddable":true,"href":"https:\/\/covenantarian.org\/u\/wp-json\/wp\/v2\/tags?post=1334"}],"curies":[{"name":"wp","href":"https:\/\/api.w.org\/{rel}","templated":true}]}}