{"id":1360,"date":"2025-07-10T21:32:24","date_gmt":"2025-07-10T21:32:24","guid":{"rendered":"https:\/\/covenantarian.org\/u\/?p=1360"},"modified":"2025-07-10T22:00:00","modified_gmt":"2025-07-10T22:00:00","slug":"lecturas-del-convenio-unido-para-el-viernes-11-de-julio-2025","status":"publish","type":"post","link":"https:\/\/covenantarian.org\/u\/lecturas-del-leccionario\/lecturas-del-convenio-unido-para-el-viernes-11-de-julio-2025\/","title":{"rendered":"Lecturas del Convenio Unido para el Viernes, 11 de Julio, 2025"},"content":{"rendered":"<div class=\"entry\">\n<p><span style=\"font-size: 21px; font-family: georgia, palatino; color: #000000;\"><strong>Giliana Kudsha<\/strong><\/span><\/p>\n<p><span style=\"font-family: georgia, palatino; font-size: 21px; color: #000000;\"><b>Vine a por Mis Ovejas<\/b><\/span><\/p>\n<p align=\"JUSTIFY\"><span style=\"font-family: georgia, palatino; font-size: 21px; color: #000000;\">No vine a llamar al mundo a mi redil. Vine a por mis propias ovejas que conocen la voz de su pastor. Venid a m\u00ed y os llevar\u00e9 a las refrescantes aguas establecidas desde el principio por el Padre de la Grandeza.<\/span><\/p>\n<p>&nbsp;<\/p>\n<p align=\"JUSTIFY\"><span style=\"font-size: 21px; color: #000000; --darkreader-inline-color: #e8e6e3; font-family: georgia, palatino;\" data-darkreader-inline-color=\"\"><strong>Ense\u00f1anzas de la Luz Cap\u00edtulo 58:<\/strong><\/span><\/p>\n<p lang=\"es-ES\" align=\"LEFT\"><span style=\"font-family: georgia, palatino; font-size: 21px; color: #000000; --darkreader-inline-color: #e8e6e3;\" data-darkreader-inline-color=\"\"><i>Un Nuevo Mundo<\/i><\/span><\/p>\n<p lang=\"es-ES\" align=\"LEFT\"><span style=\"font-family: georgia, palatino; font-size: 21px; color: #000000; --darkreader-inline-color: #e8e6e3;\" data-darkreader-inline-color=\"\"><sup>1<\/sup> Mientras que la vieja tierra se est\u00e1 muriendo, un nuevo mundo est\u00e1 siendo creado.<\/span><\/p>\n<p lang=\"es-ES\" align=\"LEFT\"><span style=\"font-family: georgia, palatino; font-size: 21px; color: #000000; --darkreader-inline-color: #e8e6e3;\" data-darkreader-inline-color=\"\"><sup>2<\/sup> El viejo mundo se est\u00e1 muriendo poco a poco, privado del Esp\u00edritu de la Vida \u2013 porque un mundo nuevo se ha establecido en la creaci\u00f3n superior del universo \u2013 y reemplazar\u00e1 a todos los gobiernos humanos.<\/span><\/p>\n<p lang=\"es-ES\" align=\"LEFT\"><span style=\"font-family: georgia, palatino; font-size: 21px; color: #000000; --darkreader-inline-color: #e8e6e3;\" data-darkreader-inline-color=\"\"><sup>3 <\/sup>El reino venidero no se puede comparar a cualquier sistema pol\u00edtico terrenal \u2013 porque tiene la Columna de la Luz y la Verdad como su enfoque.<\/span><\/p>\n<p lang=\"es-ES\" align=\"LEFT\">\n<p lang=\"es-ES\" align=\"LEFT\"><span style=\"font-family: georgia, palatino; font-size: 21px; color: #000000; --darkreader-inline-color: #e8e6e3;\" data-darkreader-inline-color=\"\"><strong>El Libro de la Verdad, La Fiesta de la Bondad Espiritual \u2013 147:8:<\/strong><\/span><\/p>\n<p lang=\"es-ES\" align=\"LEFT\"><strong><span style=\"font-family: georgia, palatino; font-size: 21px; color: #000000; --darkreader-inline-color: #e8e6e3;\" data-darkreader-inline-color=\"\">8. La Fiesta de la Bondad Espiritual<\/span><\/strong><\/p>\n<p lang=\"es-ES\" align=\"LEFT\"><span style=\"font-family: georgia, palatino; font-size: 21px; color: #000000; --darkreader-inline-color: #e8e6e3;\" data-darkreader-inline-color=\"\">147:8.1<\/span><\/p>\n<p lang=\"es-ES\" align=\"LEFT\"><span style=\"font-family: georgia, palatino; font-size: 21px; color: #000000; --darkreader-inline-color: #e8e6e3;\" data-darkreader-inline-color=\"\">Esa noche, mucho despu\u00e9s de que se hubieron retirado los oyentes habituales, Jes\u00fas continu\u00f3 ense\u00f1ando a sus ap\u00f3stoles. Comenz\u00f3 esta lecci\u00f3n especial citando al profeta Isa\u00edas:<\/span><\/p>\n<p lang=\"es-ES\" align=\"LEFT\"><span style=\"font-family: georgia, palatino; font-size: 21px; color: #000000; --darkreader-inline-color: #e8e6e3;\" data-darkreader-inline-color=\"\">147:8.2<\/span><\/p>\n<p lang=\"es-ES\" align=\"LEFT\"><span style=\"font-family: georgia, palatino; font-size: 21px; color: #000000; --darkreader-inline-color: #e8e6e3;\" data-darkreader-inline-color=\"\">\u00ab\u2018\u00bfPor qu\u00e9 hab\u00e9is ayunado? \u00bfPor qu\u00e9 raz\u00f3n aflig\u00eds vuestras almas mientras segu\u00eds encontrando placer en la opresi\u00f3n y regocijo en la injusticia? He aqu\u00ed, que ayun\u00e1is por amor a la contienda y a la disputa y para golpear con el pu\u00f1o de la maldad. Pero no ayunar\u00e9is de esta manera para que vuestras voces sean o\u00eddas en lo alto.<\/span><\/p>\n<p lang=\"es-ES\" align=\"LEFT\"><span style=\"font-family: georgia, palatino; font-size: 21px; color: #000000; --darkreader-inline-color: #e8e6e3;\" data-darkreader-inline-color=\"\">147:8.3<\/span><\/p>\n<p lang=\"es-ES\" align=\"LEFT\"><span style=\"font-family: georgia, palatino; font-size: 21px; color: #000000; --darkreader-inline-color: #e8e6e3;\" data-darkreader-inline-color=\"\">\u00ab\u2018\u00bfEs \u00e9ste el ayuno que yo he elegido\u2014un d\u00eda para que un hombre aflija su alma? \u00bfEs para que baje la cabeza como un junco, para que se humille vestido de saco y cenizas? \u00bfOs atrever\u00e9is a decir que \u00e9ste es un ayuno y un d\u00eda aceptable a los ojos del Se\u00f1or? \u00bfAcaso no es \u00e9ste el ayuno que yo elegir\u00eda: soltar las cadenas de la maldad, deshacer los nudos de las cargas pesadas, dejar ir libres a los oprimidos, y romper todo yugo? \u00bfNo es acaso compartir mi pan con el hambriento y traer bajo mi techo a los que no tienen casa y son pobres? Y cuando vea a los desnudos, los vestir\u00e9.<\/span><\/p>\n<p lang=\"es-ES\" align=\"LEFT\"><span style=\"font-family: georgia, palatino; font-size: 21px; color: #000000; --darkreader-inline-color: #e8e6e3;\" data-darkreader-inline-color=\"\">147:8.4<\/span><\/p>\n<p lang=\"es-ES\" align=\"LEFT\"><span style=\"font-family: georgia, palatino; font-size: 21px; color: #000000; --darkreader-inline-color: #e8e6e3;\" data-darkreader-inline-color=\"\">\u00ab\u2018Entonces vuestra luz brillar\u00e1 como la ma\u00f1ana y vuestro bienestar no tendr\u00e1 l\u00edmites. Vuestra rectitud os preceder\u00e1 mientras que la gloria del Se\u00f1or ser\u00e1 vuestra retaguardia. Entonces invocar\u00e9is al Se\u00f1or, y \u00e9l os responder\u00e1; clamar\u00e9is, y dir\u00e1 \u00e9l\u2014Heme aqu\u00ed. Y todo esto \u00e9l har\u00e1 si os neg\u00e1is a la opresi\u00f3n, a la condenaci\u00f3n y a la vanidad. El Padre desea que ofrezc\u00e1is vuestro coraz\u00f3n a los hambrientos, que administr\u00e9is a las almas afligidas; entonces vuestra luz brillar\u00e1 en la obscuridad; y aun vuestra obscuridad ser\u00e1 como el mediod\u00eda. Entonces el Se\u00f1or os guiar\u00e1 continuamente, satisfaciendo vuestra alma y renovando vuestra fortaleza. Y ser\u00e9is como huerto de riego, y como manantial cuyas aguas nunca faltan. Y los que hagan estas cosas restituir\u00e1n la gloria perdida; establecer\u00e1n los cimientos de muchas generaciones; se los llamar\u00e1 los reconstructores de los muros rotos, los restauradores de los caminos seguros en los cuales se puede habitar\u2019\u00bb.<\/span><\/p>\n<p lang=\"es-ES\" align=\"LEFT\"><span style=\"font-family: georgia, palatino; font-size: 21px; color: #000000; --darkreader-inline-color: #e8e6e3;\" data-darkreader-inline-color=\"\">147:8.5<\/span><\/p>\n<p lang=\"es-ES\" align=\"LEFT\"><span style=\"font-family: georgia, palatino; font-size: 21px; color: #000000; --darkreader-inline-color: #e8e6e3;\" data-darkreader-inline-color=\"\">Luego, hasta muy entrada la noche, expuso Jes\u00fas a sus ap\u00f3stoles la verdad de que era la fe de ellos la que les aseguraba el reino del presente y del futuro, y no la aflicci\u00f3n de su alma ni el ayuno de su cuerpo. Exhort\u00f3 a los ap\u00f3stoles a que por lo menos estuvieran a la altura de las ideas del antiguo profeta y expres\u00f3 la esperanza de que tambi\u00e9n progresar\u00edan mucho m\u00e1s all\u00e1 de los ideales de Isa\u00edas y de los antiguos profetas. Sus \u00faltimas palabras esa noche fueron: \u00abCreced en la gracia por medio de esa fe viviente que es capaz de comprender el hecho de que sois hijos de Dios y a la vez de reconocer a todos los hombres como hermanos\u00bb.<\/span><\/p>\n<p lang=\"es-ES\" align=\"LEFT\"><span style=\"font-family: georgia, palatino; font-size: 21px; color: #000000; --darkreader-inline-color: #e8e6e3;\" data-darkreader-inline-color=\"\">147:8.6<\/span><\/p>\n<p lang=\"es-ES\" align=\"LEFT\"><span style=\"font-family: georgia, palatino; font-size: 21px; color: #000000; --darkreader-inline-color: #e8e6e3;\" data-darkreader-inline-color=\"\">Eran m\u00e1s de las dos de la ma\u00f1ana cuando Jes\u00fas dej\u00f3 de hablar y cada uno se fue a su lugar de descanso.<\/span><\/p>\n<\/div>\n","protected":false},"excerpt":{"rendered":"<p>Giliana Kudsha Vine a por Mis Ovejas No vine a llamar al mundo a mi redil. Vine a por mis propias ovejas que conocen la voz de su pastor. Venid a m\u00ed y os llevar\u00e9 a las refrescantes aguas establecidas desde el principio por el Padre de la Grandeza. &nbsp; Ense\u00f1anzas de la Luz Cap\u00edtulo &#8230;<\/p>\n","protected":false},"author":3,"featured_media":0,"comment_status":"closed","ping_status":"closed","sticky":false,"template":"","format":"standard","meta":{"footnotes":""},"categories":[9],"tags":[11,29,22,13,14,15,16,17,19,18,21,12,24,23,10,30,27,28,20,31,26,25],"class_list":{"0":"post-1360","1":"post","2":"type-post","3":"status-publish","4":"format-standard","6":"category-lecturas-del-leccionario","7":"tag-biblia-de-oahspe","8":"tag-calendario","9":"tag-eloi","10":"tag-era-kosmon","11":"tag-fideismo","12":"tag-fideistas","13":"tag-fielismo","14":"tag-fielistas","15":"tag-iglesia-fideista","16":"tag-iglesia-fielista","17":"tag-jehovi","18":"tag-la-biblia-oahspe","19":"tag-lecturas-del-leccionario","20":"tag-lecturas-diarias","21":"tag-oahspe","22":"tag-observancias","23":"tag-pacto-unido","24":"tag-pacto-unido-de-la-luz","25":"tag-religion-de-la-luz","26":"tag-shabbat","27":"tag-yeshua","28":"tag-yoshu","29":"anons"},"_links":{"self":[{"href":"https:\/\/covenantarian.org\/u\/wp-json\/wp\/v2\/posts\/1360","targetHints":{"allow":["GET"]}}],"collection":[{"href":"https:\/\/covenantarian.org\/u\/wp-json\/wp\/v2\/posts"}],"about":[{"href":"https:\/\/covenantarian.org\/u\/wp-json\/wp\/v2\/types\/post"}],"author":[{"embeddable":true,"href":"https:\/\/covenantarian.org\/u\/wp-json\/wp\/v2\/users\/3"}],"replies":[{"embeddable":true,"href":"https:\/\/covenantarian.org\/u\/wp-json\/wp\/v2\/comments?post=1360"}],"version-history":[{"count":3,"href":"https:\/\/covenantarian.org\/u\/wp-json\/wp\/v2\/posts\/1360\/revisions"}],"predecessor-version":[{"id":1363,"href":"https:\/\/covenantarian.org\/u\/wp-json\/wp\/v2\/posts\/1360\/revisions\/1363"}],"wp:attachment":[{"href":"https:\/\/covenantarian.org\/u\/wp-json\/wp\/v2\/media?parent=1360"}],"wp:term":[{"taxonomy":"category","embeddable":true,"href":"https:\/\/covenantarian.org\/u\/wp-json\/wp\/v2\/categories?post=1360"},{"taxonomy":"post_tag","embeddable":true,"href":"https:\/\/covenantarian.org\/u\/wp-json\/wp\/v2\/tags?post=1360"}],"curies":[{"name":"wp","href":"https:\/\/api.w.org\/{rel}","templated":true}]}}