{"id":1387,"date":"2025-07-21T21:01:14","date_gmt":"2025-07-21T21:01:14","guid":{"rendered":"https:\/\/covenantarian.org\/u\/?p=1387"},"modified":"2025-07-21T21:01:14","modified_gmt":"2025-07-21T21:01:14","slug":"lecturas-del-convenio-unido-para-el-martes-22-de-julio-2025","status":"publish","type":"post","link":"https:\/\/covenantarian.org\/u\/lecturas-del-leccionario\/lecturas-del-convenio-unido-para-el-martes-22-de-julio-2025\/","title":{"rendered":"Lecturas del Convenio Unido para el Martes, 22 de Julio, 2025"},"content":{"rendered":"<div class=\"entry\">\n<p><span style=\"font-size: 21px; font-family: georgia, palatino; color: #000000;\"><strong>Giliana Kudsha<\/strong><\/span><\/p>\n<p><span style=\"font-family: georgia, palatino; font-size: 21px; color: #000000;\"><b>Dar a la Caridad<\/b><\/span><\/p>\n<p align=\"JUSTIFY\"><span style=\"font-family: georgia, palatino; font-size: 21px; color: #000000;\">Si dais caridad con la esperanza de que otros os vean u os elogien, no hab\u00e9is dado nada en absoluto.<\/span><\/p>\n<p align=\"JUSTIFY\">\n<p align=\"JUSTIFY\"><span style=\"font-size: 21px; font-family: georgia, palatino; color: #000000;\" data-darkreader-inline-color=\"\"><strong>Ense\u00f1anzas de la Luz Cap\u00edtulo 69:<\/strong><\/span><\/p>\n<p lang=\"es-ES\" align=\"LEFT\"><span style=\"font-family: georgia, palatino; font-size: 21px; color: #000000;\" data-darkreader-inline-color=\"\"><i>Prioridad de las Revelaciones Actuales <\/i><\/span><\/p>\n<p lang=\"es-ES\" align=\"LEFT\"><span style=\"font-family: georgia, palatino; font-size: 21px; color: #000000;\" data-darkreader-inline-color=\"\"><sup>1<\/sup> Mientras que el Creador es inmutable, \u00c9l proporciona un rayo de Su Luz en una manifestaci\u00f3n de acuerdo con la necesidad del momento. <\/span><\/p>\n<p lang=\"es-ES\" align=\"LEFT\"><span style=\"font-family: georgia, palatino; font-size: 21px; color: #000000;\" data-darkreader-inline-color=\"\"><sup>2<\/sup> \u00c9l sigue ofreciendo la oportunidad para que la humanidad absorba conocimiento que no fue manifestado en tiempos anteriores. <\/span><\/p>\n<p lang=\"es-ES\" align=\"LEFT\"><span style=\"font-family: georgia, palatino; font-size: 21px; color: #000000;\" data-darkreader-inline-color=\"\"><sup>3<\/sup> Confiar en una revelaci\u00f3n anterior sin tener en cuenta lo que \u00c9l ense\u00f1a en cada generaci\u00f3n posterior no es digno de un alma que desea desarrollarse en el Camino del Padre. <\/span><\/p>\n<p lang=\"es-ES\" align=\"LEFT\"><span style=\"font-family: georgia, palatino; font-size: 21px; color: #000000;\" data-darkreader-inline-color=\"\"><sup>4<\/sup> La semilla de la Verdad plantada dentro de vuestro coraz\u00f3n, por el Padre, est\u00e1 destinada a crecer y a convertirse en un gran \u00e1rbol; pero si no es alimentada con agua fresca, puede deformarse y finalmente se marchita y muere. <\/span><\/p>\n<p lang=\"es-ES\" align=\"LEFT\"><span style=\"font-family: georgia, palatino; font-size: 21px; color: #000000;\" data-darkreader-inline-color=\"\"><sup>5<\/sup> Si la Verdad que os ha sido proporcionada es debidamente cultivada dentro de vuestro coraz\u00f3n, la sabidur\u00eda, la fuerza espiritual y la fe aumentar\u00e1n y ser\u00e1n m\u00e1s brillantes cada d\u00eda \u2013 porque esta es la naturaleza de la Verdad y la Revelaci\u00f3n \u2013 es progresiva, es gradual.<\/span><\/p>\n<\/div>\n","protected":false},"excerpt":{"rendered":"<p>Giliana Kudsha Dar a la Caridad Si dais caridad con la esperanza de que otros os vean u os elogien, no hab\u00e9is dado nada en absoluto. Ense\u00f1anzas de la Luz Cap\u00edtulo 69: Prioridad de las Revelaciones Actuales 1 Mientras que el Creador es inmutable, \u00c9l proporciona un rayo de Su Luz en una manifestaci\u00f3n de &#8230;<\/p>\n","protected":false},"author":3,"featured_media":0,"comment_status":"closed","ping_status":"closed","sticky":false,"template":"","format":"standard","meta":{"footnotes":""},"categories":[9],"tags":[11,29,22,13,14,15,16,17,19,18,21,12,24,23,10,30,27,28,20,31,26,25],"class_list":{"0":"post-1387","1":"post","2":"type-post","3":"status-publish","4":"format-standard","6":"category-lecturas-del-leccionario","7":"tag-biblia-de-oahspe","8":"tag-calendario","9":"tag-eloi","10":"tag-era-kosmon","11":"tag-fideismo","12":"tag-fideistas","13":"tag-fielismo","14":"tag-fielistas","15":"tag-iglesia-fideista","16":"tag-iglesia-fielista","17":"tag-jehovi","18":"tag-la-biblia-oahspe","19":"tag-lecturas-del-leccionario","20":"tag-lecturas-diarias","21":"tag-oahspe","22":"tag-observancias","23":"tag-pacto-unido","24":"tag-pacto-unido-de-la-luz","25":"tag-religion-de-la-luz","26":"tag-shabbat","27":"tag-yeshua","28":"tag-yoshu","29":"anons"},"_links":{"self":[{"href":"https:\/\/covenantarian.org\/u\/wp-json\/wp\/v2\/posts\/1387","targetHints":{"allow":["GET"]}}],"collection":[{"href":"https:\/\/covenantarian.org\/u\/wp-json\/wp\/v2\/posts"}],"about":[{"href":"https:\/\/covenantarian.org\/u\/wp-json\/wp\/v2\/types\/post"}],"author":[{"embeddable":true,"href":"https:\/\/covenantarian.org\/u\/wp-json\/wp\/v2\/users\/3"}],"replies":[{"embeddable":true,"href":"https:\/\/covenantarian.org\/u\/wp-json\/wp\/v2\/comments?post=1387"}],"version-history":[{"count":2,"href":"https:\/\/covenantarian.org\/u\/wp-json\/wp\/v2\/posts\/1387\/revisions"}],"predecessor-version":[{"id":1503,"href":"https:\/\/covenantarian.org\/u\/wp-json\/wp\/v2\/posts\/1387\/revisions\/1503"}],"wp:attachment":[{"href":"https:\/\/covenantarian.org\/u\/wp-json\/wp\/v2\/media?parent=1387"}],"wp:term":[{"taxonomy":"category","embeddable":true,"href":"https:\/\/covenantarian.org\/u\/wp-json\/wp\/v2\/categories?post=1387"},{"taxonomy":"post_tag","embeddable":true,"href":"https:\/\/covenantarian.org\/u\/wp-json\/wp\/v2\/tags?post=1387"}],"curies":[{"name":"wp","href":"https:\/\/api.w.org\/{rel}","templated":true}]}}