{"id":1404,"date":"2025-07-29T20:17:28","date_gmt":"2025-07-29T20:17:28","guid":{"rendered":"https:\/\/covenantarian.org\/u\/?p=1404"},"modified":"2025-07-29T20:17:28","modified_gmt":"2025-07-29T20:17:28","slug":"lecturas-del-convenio-unido-para-el-miercoles-30-de-julio-2025","status":"publish","type":"post","link":"https:\/\/covenantarian.org\/u\/lecturas-del-leccionario\/lecturas-del-convenio-unido-para-el-miercoles-30-de-julio-2025\/","title":{"rendered":"Lecturas del Convenio Unido para el Mi\u00e9rcoles, 30 de Julio, 2025"},"content":{"rendered":"<div class=\"entry\">\n<p><span style=\"font-size: 21px; font-family: georgia, palatino; color: #000000;\"><strong>Giliana Kudsha <\/strong><\/span><\/p>\n<p><span style=\"font-family: georgia, palatino; font-size: 21px; color: #000000;\"><b>Hay Esperanza<\/b><\/span><\/p>\n<p><span style=\"font-family: georgia, palatino; font-size: 21px; color: #000000;\">Se ha prometido que el Esp\u00edritu de santidad descender\u00e1 sobre vosotros para daros conocimiento de la verdad. Es ese mismo Esp\u00edritu de santidad quien os consolar\u00e1 en momentos de necesidad.<\/span><\/p>\n<p><span style=\"font-family: georgia, palatino; font-size: 21px; color: #000000;\">En tiempos de pruebas y desilusiones, mientras os esforz\u00e1is por caminar por el sendero angosto, pedid al Padre de las Luces que env\u00ede al Esp\u00edritu de santidad. A trav\u00e9s del Esp\u00edritu ser\u00e9is animados y levantados.<\/span><\/p>\n<p><span style=\"font-family: georgia, palatino; font-size: 21px; color: #000000;\">A veces puede parecer que no hay esperanza, debido a las enfermedades descontroladas y a la muerte en vuestro mundo. Sin embargo, os digo que hay esperanza. Hay luz y se encuentra en las Escrituras; se encuentra en las palabras de los Mensajeros del Padre.<\/span><\/p>\n<p><span style=\"font-family: georgia, palatino; font-size: 21px; color: #000000;\">No os desesper\u00e9is. Mientras estudi\u00e1is las Escrituras, por la gu\u00eda del Esp\u00edritu, ser\u00e9is fortalecidos en las palabras de vuestro Creador.<\/span><\/p>\n<p align=\"JUSTIFY\"><span style=\"font-size: 21px; color: #000000;\"><em><span style=\"font-family: georgia, palatino;\">(V\u00e9ase Juan 14:26)<\/span><\/em><\/span><\/p>\n<p><span style=\"font-size: 21px; color: #000000; --darkreader-inline-color: #e8e6e3; font-family: georgia, palatino;\" data-darkreader-inline-color=\"\"><strong>Ense\u00f1anzas de la Luz Cap\u00edtulo 77:<\/strong><\/span><\/p>\n<p lang=\"es-ES\" align=\"LEFT\"><span style=\"font-family: georgia, palatino; font-size: 21px; color: #000000; --darkreader-inline-color: #e8e6e3;\" data-darkreader-inline-color=\"\"><i>El Alma<\/i><\/span><\/p>\n<p lang=\"es-ES\" align=\"LEFT\"><span style=\"font-family: georgia, palatino; font-size: 21px; color: #000000; --darkreader-inline-color: #e8e6e3;\" data-darkreader-inline-color=\"\"><sup>1<\/sup> El alma anhela naturalmente por la Luz de Dios y por estar unida con el Esp\u00edritu Viviente en todo momento.<\/span><\/p>\n<p lang=\"es-ES\" align=\"LEFT\"><span style=\"font-family: georgia, palatino; font-size: 21px; color: #000000; --darkreader-inline-color: #e8e6e3;\" data-darkreader-inline-color=\"\"><sup>2<\/sup> La adoraci\u00f3n de y oraci\u00f3n al \u00danico Dios, es el estado natural del alma.<\/span><\/p>\n<p lang=\"es-ES\" align=\"LEFT\"><span style=\"font-family: georgia, palatino; font-size: 21px; color: #000000; --darkreader-inline-color: #e8e6e3;\" data-darkreader-inline-color=\"\"><sup>3<\/sup> El viento siempre es invisible, pero lo sent\u00eds en vuestra cara; de la misma manera, Dios, aunque no es visible f\u00edsicamente, siempre est\u00e1 presente y se le puede sentir dentro de vuestra alma.<\/span><\/p>\n<p lang=\"es-ES\" align=\"LEFT\"><span style=\"font-family: georgia, palatino; font-size: 21px; color: #000000; --darkreader-inline-color: #e8e6e3;\" data-darkreader-inline-color=\"\"><sup>4<\/sup> Para que el alma entre en uni\u00f3n perfecta conmigo, uno debe practicar las Doce Virtudes con un coraz\u00f3n sincero y con manos honestas.<\/span><\/p>\n<p lang=\"es-ES\" align=\"LEFT\"><span style=\"font-family: georgia, palatino; font-size: 21px; color: #000000; --darkreader-inline-color: #e8e6e3;\" data-darkreader-inline-color=\"\"><sup>5 <\/sup>La mayor\u00eda de las almas que est\u00e1n en la tierra en este momento ya han sido marcadas como justas o malvadas. <\/span><\/p>\n<p lang=\"es-ES\" align=\"LEFT\"><span style=\"font-family: georgia, palatino; font-size: 21px; color: #000000; --darkreader-inline-color: #e8e6e3;\" data-darkreader-inline-color=\"\"><sup>6 <\/sup>Las almas malvadas experimentan la aniquilaci\u00f3n de la consciencia y son destruidas finalmente, si no se arrepienten despu\u00e9s de haber sido provistas con la oportunidad de hacerlo. <\/span><\/p>\n<p lang=\"es-ES\" align=\"LEFT\"><span style=\"font-family: georgia, palatino; font-size: 21px; color: #000000; --darkreader-inline-color: #e8e6e3;\" data-darkreader-inline-color=\"\"><sup>7<\/sup> En cuanto a las almas consideradas malvadas, hay algunas almas que el Padre sabe que tienen el potencial de la redenci\u00f3n \u2013 a tales se les ofrece la oportunidad de obtener la iluminaci\u00f3n y la perfecci\u00f3n. <\/span><\/p>\n<p lang=\"es-ES\" align=\"LEFT\"><span style=\"font-family: georgia, palatino; font-size: 21px; color: #000000; --darkreader-inline-color: #e8e6e3;\" data-darkreader-inline-color=\"\"><sup>8<\/sup> Todas las almas tienen la oportunidad de re-educaci\u00f3n \u2013 es decir, aquellas a las que a\u00fan no se les ha proporcionado la educaci\u00f3n adecuada. <\/span><\/p>\n<p lang=\"es-ES\" align=\"LEFT\"><span style=\"font-family: georgia, palatino; font-size: 21px; color: #000000; --darkreader-inline-color: #e8e6e3;\" data-darkreader-inline-color=\"\"><sup>9<\/sup> <i>[En respuesta a la pregunta: \u00bfA aquellas almas que est\u00e1n marcadas como malvadas, como esas almas que una vez estuvieron en el vac\u00edo, que no hab\u00edan sido cosechadas de un mundo anterior, se les permite en alg\u00fan momento empezar de nuevo?] <\/i>Esto depende de la situaci\u00f3n del alma en s\u00ed. A algunas se les ofrece curaci\u00f3n, re-educaci\u00f3n, mientras que otras caminan, por su propia elecci\u00f3n, hacia el Campo del Vac\u00edo, que es la aniquilaci\u00f3n. <\/span><\/p>\n<p lang=\"es-ES\" align=\"LEFT\"><span style=\"font-family: georgia, palatino; font-size: 21px; color: #000000; --darkreader-inline-color: #e8e6e3;\" data-darkreader-inline-color=\"\"><sup>10<\/sup> Aquellos que deliberadamente rechazan la Causa de la Creaci\u00f3n, la Fuente Divina Suprema, son destruidos junto con su consciencia. <\/span><\/p>\n<p lang=\"es-ES\" align=\"LEFT\"><span style=\"font-family: georgia, palatino; font-size: 21px; color: #000000; --darkreader-inline-color: #e8e6e3;\" data-darkreader-inline-color=\"\"><sup>11<\/sup> Si las almas malvadas rechazan deliberadamente a la Fuente Divina, esas almas son destruidas al igual que la malvada. El Padre, en Su Sabidur\u00eda Suprema, es consciente de sus propios pensamientos y es \u00c9l quien sabe si tienen el potencial de ser redimidas o no.<\/span><\/p>\n<p lang=\"es-ES\" align=\"LEFT\">\n<p lang=\"es-ES\" align=\"LEFT\"><span style=\"font-family: georgia, palatino; font-size: 21px; color: #000000; --darkreader-inline-color: #e8e6e3;\" data-darkreader-inline-color=\"\"><strong>La Biblia Oahspe, Libro de la Disciplina Cap\u00edtulo 10:<\/strong><\/span><\/p>\n<p><span style=\"font-family: Georgia, serif;\"><span style=\"font-size: 21px;\">DIOS REVELA LA CURA PARA EL REMORDIMIENTO.<\/span><\/span><\/p>\n<p lang=\"en-US\"><span style=\"font-family: Georgia, serif;\"><span style=\"font-size: 21px;\">1. Ten paciencia, oh hombre, con tu pr\u00f3jimo y tu hermano.<\/span><\/span><\/p>\n<p lang=\"en-US\"><span style=\"font-family: Georgia, serif;\"><span style=\"font-size: 21px;\">2. Muchos hombres carecen de rectitud y no tienen fuerzas para cumplir en la medida que concibe la mente;<\/span><\/span><\/p>\n<p lang=\"en-US\"><span style=\"font-family: Georgia, serif;\"><span style=\"font-size: 21px;\">3. Y por haber hecho el mal, sufren lamentablemente, sin que nadie los alivie;<\/span><\/span><\/p>\n<p lang=\"en-US\"><span style=\"font-family: Georgia, serif;\"><span style=\"font-size: 21px;\">4. Raz\u00f3n por la cual les dar\u00e1s un consuelo honorable.<\/span><\/span><\/p>\n<p lang=\"en-US\"><span style=\"font-family: Georgia, serif;\"><span style=\"font-size: 21px;\">5. En la antig\u00fcedad, tales personas confesaban a un sacerdote, y \u00e9l los perdonaba, por lo que se calmaban y eran aliviados de una gran angustia.<\/span><\/span><\/p>\n<p lang=\"en-US\"><span style=\"font-family: Georgia, serif;\"><span style=\"font-size: 21px;\">6. En un tiempo posterior, se dijo: Confesaos los unos a los otros.<\/span><\/span><\/p>\n<p lang=\"en-US\"><span style=\"font-family: Georgia, serif;\"><span style=\"font-size: 21px;\">7. Pero en este d\u00eda ninguno de estos es compatible con la inteligencia de los que ser\u00e1n del Reino de Jehov\u00ed.<\/span><\/span><\/p>\n<p lang=\"en-US\"><span style=\"font-family: Georgia, serif;\"><span style=\"font-size: 21px;\">8. Si entonces un hombre tiene remordimiento por haber ofendido a un hermano o vecino, as\u00ed se lo reconocer\u00e1 a ese miembro, y esto ser\u00e1 restituci\u00f3n, incluso como si el da\u00f1o no se hubiera cometido.<\/span><\/span><\/p>\n<p lang=\"en-US\"><span style=\"font-family: Georgia, serif;\"><span style=\"font-size: 21px;\">9. Pero si ha hecho da\u00f1o a la comunidad, entonces se lo reconocer\u00e1 a toda la asamblea, y eso ser\u00e1 restituci\u00f3n, incluso como si el mal no se hubiera cometido.<\/span><\/span><\/p>\n<p lang=\"en-US\"><span style=\"font-family: Georgia, serif;\"><span style=\"font-size: 21px;\">10. Y en ambos casos, no tendr\u00e1 m\u00e1s tristeza o remordimiento o verg\u00fcenza, ni ning\u00fan miembro hablar\u00e1 del asunto despu\u00e9s, salvo para consolarlo.<\/span><\/span><\/p>\n<p lang=\"en-US\"><span style=\"font-family: Georgia, serif;\"><span style=\"font-size: 21px;\">11. Pero en todos los casos la confesi\u00f3n se har\u00e1 en el nombre de Jehov\u00ed, y el perd\u00f3n igualmente. Pero quien busque justificarse a s\u00ed mismo, o hacer parecer que solo era culpable en parte, o que otro lo indujo a ello, ese hombre no ser\u00e1 perdonado.<\/span><\/span><\/p>\n<p lang=\"en-US\"><span style=\"font-family: Georgia, serif;\"><span style=\"font-size: 21px;\">12. Si fue guiado a ello \u2013 entonces el que lo guio lo sabe y lo exculpar\u00e1.<\/span><\/span><\/p>\n<p lang=\"en-US\"><span style=\"font-family: Georgia, serif;\"><span style=\"font-size: 21px;\">13. Los que Jehov\u00ed ha creado cerca en cuanto al tiempo, al pa\u00eds, al lugar y a la asociaci\u00f3n, los mismos no estar\u00e1n muy distantes en muchas ocasiones en el mundo siguiente; y en el futuro estar\u00e1n como en una casa de cristal, y todas las acciones realizadas mientras estuvieron en la mortalidad ser\u00e1n le\u00eddas como en un libro abierto.<\/span><\/span><\/p>\n<p lang=\"en-US\"><span style=\"font-family: Georgia, serif;\"><span style=\"font-size: 21px;\">14. Por lo cual no te demorar\u00e1s por el camino cuando hayas agraviado a alg\u00fan hombre o a la comunidad, sino ve r\u00e1pido y confiesa para que tu esp\u00edritu se vuelva puro a la vista de Jehov\u00ed.<\/span><\/span><\/p>\n<p lang=\"en-US\"><span style=\"font-family: Georgia, serif;\"><span style=\"font-size: 21px;\">15. Aunque est\u00e9s apenado, diciendo: \u00bfDebo humillarme a m\u00ed mismo? Yo te digo, esto es la Devoci\u00f3n, porque es la purificaci\u00f3n de ti mismo y el comienzo del poder. Pero si un hombre se da\u00f1a a s\u00ed mismo, como por la contaminaci\u00f3n, la disipaci\u00f3n o de otra manera, esto es pecado contra Jehov\u00ed; y a \u00c9l le confesar\u00e1 en privado, haciendo un pacto con su Creador de no hacerlo m\u00e1s, que si lo guarda, entonces el mal le es perdonado y tendr\u00e1 tranquilidad de esp\u00edritu.<\/span><\/span><\/p>\n<\/div>\n","protected":false},"excerpt":{"rendered":"<p>Giliana Kudsha Hay Esperanza Se ha prometido que el Esp\u00edritu de santidad descender\u00e1 sobre vosotros para daros conocimiento de la verdad. Es ese mismo Esp\u00edritu de santidad quien os consolar\u00e1 en momentos de necesidad. En tiempos de pruebas y desilusiones, mientras os esforz\u00e1is por caminar por el sendero angosto, pedid al Padre de las Luces &#8230;<\/p>\n","protected":false},"author":3,"featured_media":0,"comment_status":"closed","ping_status":"closed","sticky":false,"template":"","format":"standard","meta":{"footnotes":""},"categories":[9],"tags":[11,29,22,13,14,15,16,17,19,18,21,12,24,23,10,30,27,28,20,31,26,25],"class_list":{"0":"post-1404","1":"post","2":"type-post","3":"status-publish","4":"format-standard","6":"category-lecturas-del-leccionario","7":"tag-biblia-de-oahspe","8":"tag-calendario","9":"tag-eloi","10":"tag-era-kosmon","11":"tag-fideismo","12":"tag-fideistas","13":"tag-fielismo","14":"tag-fielistas","15":"tag-iglesia-fideista","16":"tag-iglesia-fielista","17":"tag-jehovi","18":"tag-la-biblia-oahspe","19":"tag-lecturas-del-leccionario","20":"tag-lecturas-diarias","21":"tag-oahspe","22":"tag-observancias","23":"tag-pacto-unido","24":"tag-pacto-unido-de-la-luz","25":"tag-religion-de-la-luz","26":"tag-shabbat","27":"tag-yeshua","28":"tag-yoshu","29":"anons"},"_links":{"self":[{"href":"https:\/\/covenantarian.org\/u\/wp-json\/wp\/v2\/posts\/1404","targetHints":{"allow":["GET"]}}],"collection":[{"href":"https:\/\/covenantarian.org\/u\/wp-json\/wp\/v2\/posts"}],"about":[{"href":"https:\/\/covenantarian.org\/u\/wp-json\/wp\/v2\/types\/post"}],"author":[{"embeddable":true,"href":"https:\/\/covenantarian.org\/u\/wp-json\/wp\/v2\/users\/3"}],"replies":[{"embeddable":true,"href":"https:\/\/covenantarian.org\/u\/wp-json\/wp\/v2\/comments?post=1404"}],"version-history":[{"count":1,"href":"https:\/\/covenantarian.org\/u\/wp-json\/wp\/v2\/posts\/1404\/revisions"}],"predecessor-version":[{"id":1405,"href":"https:\/\/covenantarian.org\/u\/wp-json\/wp\/v2\/posts\/1404\/revisions\/1405"}],"wp:attachment":[{"href":"https:\/\/covenantarian.org\/u\/wp-json\/wp\/v2\/media?parent=1404"}],"wp:term":[{"taxonomy":"category","embeddable":true,"href":"https:\/\/covenantarian.org\/u\/wp-json\/wp\/v2\/categories?post=1404"},{"taxonomy":"post_tag","embeddable":true,"href":"https:\/\/covenantarian.org\/u\/wp-json\/wp\/v2\/tags?post=1404"}],"curies":[{"name":"wp","href":"https:\/\/api.w.org\/{rel}","templated":true}]}}