{"id":1413,"date":"2025-07-31T22:27:35","date_gmt":"2025-07-31T22:27:35","guid":{"rendered":"https:\/\/covenantarian.org\/u\/?p=1413"},"modified":"2025-07-31T22:27:35","modified_gmt":"2025-07-31T22:27:35","slug":"lecturas-del-convenio-unido-para-el-viernes-1-de-agosto-2025","status":"publish","type":"post","link":"https:\/\/covenantarian.org\/u\/lecturas-del-leccionario\/lecturas-del-convenio-unido-para-el-viernes-1-de-agosto-2025\/","title":{"rendered":"Lecturas del Convenio Unido para el Viernes, 1 de Agosto, 2025"},"content":{"rendered":"<div class=\"entry\">\n<p><span style=\"font-size: 21px; font-family: georgia, palatino; color: #000000;\"><strong>Giliana Kudsha<\/strong><\/span><\/p>\n<p><span style=\"font-family: georgia, palatino; font-size: 21px; color: #000000;\"><b>Los Mandamientos no son Demasiado Dif\u00edciles<\/b><\/span><\/p>\n<p><span style=\"font-family: georgia, palatino; font-size: 21px; color: #000000;\">Los mandamientos del Padre no son demasiado dif\u00edciles de observar, pero para algunos del Remanente, no son capaces de cumplirlos a la perfecci\u00f3n. El Padre es consciente de los que se esfuerzan por la perfecci\u00f3n y de los que practican la farsa religiosa. No os encontr\u00e9is entre estos \u00faltimos.<\/span><\/p>\n<p><span style=\"font-family: georgia, palatino; font-size: 21px; color: #000000;\">Las leyes universales se han dado como un est\u00e1ndar para la evaluaci\u00f3n de la humanidad, pero los mandamientos se han dado como un est\u00e1ndar para la evaluaci\u00f3n del Remanente.<\/span><\/p>\n<p><span style=\"font-family: georgia, palatino; font-size: 21px; color: #000000;\">Mis amados hermanos y hermanas, no llor\u00e9is porque no pod\u00e9is cumplir todos los mandamientos del Padre. Mi Padre que est\u00e1 en los cielos conoce vuestro coraz\u00f3n y sabe cu\u00e1les son vuestras capacidades. Haced todo lo posible por cumplir todo lo que pod\u00e1is, y \u00c9l os evaluar\u00e1 seg\u00fan Su conocimiento, y no seg\u00fan vuestra debilidad.<\/span><\/p>\n<p align=\"JUSTIFY\"><span style=\"font-family: georgia, palatino; font-size: 21px; color: #000000;\">Estad en paz y sabed que el Padre ama a cada uno de vosotros. \u00c9l os conoce individualmente y el juicio se hace conforme a Su propia sabidur\u00eda.<\/span><\/p>\n<p><span style=\"font-size: 21px; font-family: georgia, palatino; color: #000000;\" data-darkreader-inline-color=\"\"><strong>Ense\u00f1anzas de la Luz Cap\u00edtulo 79:<\/strong><\/span><\/p>\n<p lang=\"es-ES\" align=\"LEFT\"><span style=\"font-family: georgia, palatino; font-size: 21px; color: #000000;\" data-darkreader-inline-color=\"\"><i>Pr\u00e1cticas Espirituales<\/i><\/span><\/p>\n<p lang=\"es-ES\" align=\"LEFT\"><span style=\"font-family: georgia, palatino; font-size: 21px; color: #000000;\" data-darkreader-inline-color=\"\"><sup>1<\/sup> Establecer una pr\u00e1ctica espiritual diaria es saludable, pero solo si es desde el coraz\u00f3n y para el beneficio de todos los seres vivos.<\/span><\/p>\n<p lang=\"es-ES\" align=\"LEFT\"><span style=\"font-family: georgia, palatino; font-size: 21px; color: #000000;\" data-darkreader-inline-color=\"\"><sup>2<\/sup> En cualquier pr\u00e1ctica espiritual que decid\u00e1is adoptar, aseguraos que proviene de la Verdad y que no se basa en las ideas y creencias religiosas falsas de quienes no son de la Luz.<\/span><\/p>\n<p lang=\"es-ES\" align=\"LEFT\"><span style=\"font-family: georgia, palatino; font-size: 21px; color: #000000;\" data-darkreader-inline-color=\"\"><sup>3<\/sup> No descuid\u00e9is la pr\u00e1ctica del arrepentimiento, la oraci\u00f3n, la meditaci\u00f3n, la contemplaci\u00f3n y el estudio. Estas, hijos e hijas m\u00edos, os llevar\u00e1n a la perfecci\u00f3n.<\/span><\/p>\n<p lang=\"es-ES\" align=\"LEFT\"><span style=\"font-size: 21px; font-family: georgia, palatino; color: #000000;\" data-darkreader-inline-color=\"\"><sup>4\u00a0<\/sup>La pr\u00e1ctica constante de las Doce Virtudes, la oraci\u00f3n regular, el estudio de las Sagradas Escrituras, el ayuno, dar Limosna, el canto de himnos y el servir a los dem\u00e1s de manera altruista, son algunas de las pr\u00e1cticas espirituales centrales de los Pactarios de Jehov\u00e1.<\/span><\/p>\n<p lang=\"es-ES\" align=\"LEFT\">\n<p lang=\"es-ES\" align=\"LEFT\"><span style=\"font-size: 21px; font-family: georgia, palatino; color: #000000;\" data-darkreader-inline-color=\"\"><strong>El Libro de la Verdad: \u00bfQu\u00e9 Debo Hacer para Ser Salvada? \u2013<\/strong><strong>150:5; El Regreso de Fenicia \u2013 156:6.7-10:<\/strong><\/span><\/p>\n<p lang=\"es-ES\" align=\"LEFT\"><span style=\"font-size: 21px; font-family: georgia, palatino; color: #000000;\" data-darkreader-inline-color=\"\">5. \u00bfQu\u00e9 Debo Hacer para Ser Salvada?<\/span><\/p>\n<p lang=\"es-ES\" align=\"LEFT\"><span style=\"font-size: 21px; font-family: georgia, palatino; color: #000000;\" data-darkreader-inline-color=\"\">150:5.1<\/span><\/p>\n<p lang=\"es-ES\" align=\"LEFT\"><span style=\"font-size: 21px; font-family: georgia, palatino; color: #000000;\" data-darkreader-inline-color=\"\">Cierta tarde en Sunem, despu\u00e9s del regreso a Hebr\u00f3n de los ap\u00f3stoles de Juan, y despu\u00e9s de que los ap\u00f3stoles de Jes\u00fas hab\u00edan sido enviados en grupos de dos en dos, cuando el Maestro estaba ocupado en ense\u00f1ar a un grupo de doce de los evangelistas m\u00e1s j\u00f3venes que laboraban bajo la direcci\u00f3n de Jacob, juntamente con las doce mujeres, Raquel hizo a Jes\u00fas esta pregunta: \u00abMaestro, qu\u00e9 debemos responder cuando las mujeres nos preguntan \u00bfqu\u00e9 debo hacer para ser salvada?\u00bb Cuando Jes\u00fas escuch\u00f3 esta pregunta, respondi\u00f3:<\/span><\/p>\n<p lang=\"es-ES\" align=\"LEFT\"><span style=\"font-size: 21px; font-family: georgia, palatino; color: #000000;\" data-darkreader-inline-color=\"\">150:5.2<\/span><\/p>\n<p lang=\"es-ES\" align=\"LEFT\"><span style=\"font-size: 21px; font-family: georgia, palatino; color: #000000;\" data-darkreader-inline-color=\"\">\u00abCuando los hombres y las mujeres preguntan qu\u00e9 deben hacer para ser salvados, vosotras contestar\u00e9is: cree en este evangelio del reino; acepta el perd\u00f3n divino. Por la fe reconoce el esp\u00edritu residente de Dios, cuya aceptaci\u00f3n te hace hijo de Dios. Acaso no hab\u00e9is le\u00eddo en las Escrituras donde dice: \u2018en el Se\u00f1or encuentro yo rectitud y fuerza\u2019. Tambi\u00e9n all\u00ed donde el Padre dice: \u2018cercana est\u00e1 mi rectitud se acerca; ha salido mi salvaci\u00f3n, y mis brazos abrazar\u00e1n a mi pueblo\u2019. \u2018Mi alma se alegrar\u00e1 en el amor de mi Dios, porque me visti\u00f3 con vestiduras de salvaci\u00f3n y me rode\u00f3 de manto de su rectitud\u2019. Acaso no hab\u00e9is le\u00eddo tambi\u00e9n del Padre que su nombre \u2018ser\u00e1 el Se\u00f1or de nuestra rectitud\u2019. \u2018Llevad estos harapos sucios de presunci\u00f3n y vestid a mi hijo con el manto de rectitud divina y de salvaci\u00f3n eterna\u2019. Es para siempre verdad que, \u2018el justo por su fe vivir\u00e1\u2019. El ingreso en el reino del Padre es completamente libre, pero el progreso\u2014el crecimiento en la gracia\u2013 es esencial para seguir permaneciendo all\u00ed.<\/span><\/p>\n<p lang=\"es-ES\" align=\"LEFT\"><span style=\"font-size: 21px; font-family: georgia, palatino; color: #000000;\" data-darkreader-inline-color=\"\">150:5.3<\/span><\/p>\n<p lang=\"es-ES\" align=\"LEFT\"><span style=\"font-size: 21px; font-family: georgia, palatino; color: #000000;\" data-darkreader-inline-color=\"\">\u00abLa salvaci\u00f3n es el don del Padre, y es revelada por sus Hijos. Vuestra aceptaci\u00f3n mediante la fe os permite compartir de la naturaleza divina, ser hijo o hija de Dios. Por la fe est\u00e1is justificados; por la fe sois salvados; y por la misma fe avanzar\u00e9is eternamente en el camino de la perfecci\u00f3n progresiva y divina. Por la fe Abraham fue justificado y tom\u00f3 conciencia de la salvaci\u00f3n por las ense\u00f1anzas de Melquisedek. A trav\u00e9s de todas las edades esta misma fe ha salvado a los hijos del hombre, pero ahora ha venido un Hijo de donde el Padre para hacer que esa salvaci\u00f3n sea m\u00e1s real y aceptable\u00bb.<\/span><\/p>\n<p lang=\"es-ES\" align=\"LEFT\"><span style=\"font-size: 21px; font-family: georgia, palatino; color: #000000;\" data-darkreader-inline-color=\"\">150:5.4<\/span><\/p>\n<p lang=\"es-ES\" align=\"LEFT\"><span style=\"font-size: 21px; font-family: georgia, palatino; color: #000000;\" data-darkreader-inline-color=\"\">Cuando Jes\u00fas termin\u00f3 de hablar, hubo gran regocijo entre los que hab\u00edan o\u00eddo sus reconfortantes palabras, y en los d\u00edas que siguieron, todos ellos proclamaron el evangelio del reino con nueva fuerza y renovada energ\u00eda y entusiasmo. Las mujeres se regocijaron a\u00fan m\u00e1s al saber que se las hab\u00eda incluido en estos planes para el establecimiento del reino en la tierra.<\/span><\/p>\n<p lang=\"es-ES\" align=\"LEFT\"><span style=\"font-size: 21px; font-family: georgia, palatino; color: #000000;\" data-darkreader-inline-color=\"\">150:5.5<\/span><\/p>\n<p lang=\"es-ES\" align=\"LEFT\"><span style=\"font-size: 21px; font-family: georgia, palatino; color: #000000;\" data-darkreader-inline-color=\"\">Al resumir su declaraci\u00f3n final, Jes\u00fas dijo: \u00abNo pod\u00e9is comprar la salvaci\u00f3n; no pod\u00e9is ganar la rectitud. La salvaci\u00f3n es el don de Dios, y la rectitud es el fruto natural de la vida nacida del esp\u00edritu de la filiaci\u00f3n en el reino. No ser\u00e9is salvados porque viv\u00e1is una vida recta, sino que vivir\u00e9is una vida recta porque ya hab\u00e9is sido salvados, hab\u00e9is reconocido la filiaci\u00f3n como un don de Dios y el servicio en el reino como el gozo supremo de la vida en la tierra. Cuando los hombres creen en este evangelio, que es una revelaci\u00f3n de la bondad de Dios, ser\u00e1n conducidos al arrepentimiento voluntario de todo pecado conocido. La comprensi\u00f3n de la filiaci\u00f3n es incompatible con el deseo de pecar. Los creyentes en el reino tienen sed de rectitud y hambre de perfecci\u00f3n divina\u00bb.<\/span><\/p>\n<p lang=\"es-ES\" align=\"LEFT\"><strong><span style=\"font-size: 21px; font-family: georgia, palatino; color: #000000;\" data-darkreader-inline-color=\"\">El Regreso de Fenicia<\/span><\/strong><\/p>\n<p lang=\"es-ES\" align=\"LEFT\"><span style=\"font-size: 21px; font-family: georgia, palatino; color: #000000;\" data-darkreader-inline-color=\"\">156:6.7<br \/>\n<\/span><\/p>\n<p lang=\"es-ES\" align=\"LEFT\"><span style=\"font-size: 21px; font-family: georgia, palatino; color: #000000;\" data-darkreader-inline-color=\"\">El mandato de cerrar las sinagogas de todo el mundo jud\u00edo a las ense\u00f1anzas de Jes\u00fas y sus seguidores hab\u00eda tenido un efecto adverso sobre los escribas y fariseos. Al desaparecer Jes\u00fas como objeto de controversia, inmediatamente se produjo una reacci\u00f3n en todo el pueblo jud\u00edo; hubo un resentimiento general contra los fariseos y los l\u00edderes del sanedr\u00edn de Jerusal\u00e9n. Muchos de los rectores de las sinagogas comenzaron subrepticiamente a abrir sus sinagogas a Abner y a sus asociados, declarando que estos instructores eran seguidores de Juan y no disc\u00edpulos de Jes\u00fas.<\/span><\/p>\n<p lang=\"es-ES\" align=\"LEFT\"><span style=\"font-size: 21px; font-family: georgia, palatino; color: #000000;\" data-darkreader-inline-color=\"\">156:6.8<\/span><\/p>\n<p lang=\"es-ES\" align=\"LEFT\"><span style=\"font-size: 21px; font-family: georgia, palatino; color: #000000;\" data-darkreader-inline-color=\"\">Aun Herodes Antipas experiment\u00f3 un cambio de sentimiento y, al enterarse de que Jes\u00fas estaba residiendo al otro lado el lago en el territorio de su hermano Felipe, le envi\u00f3 un mensaje que dec\u00eda que, aunque \u00e9l hab\u00eda firmado \u00f3rdenes para su captura en Galilea, no hab\u00eda autorizado su arresto en Perea, indicando de esta manera que Jes\u00fas no ser\u00eda molestado si permanec\u00eda fuera de Galilea; y comunic\u00f3 esta misma decisi\u00f3n a los jud\u00edos de Jerusal\u00e9n.<\/span><\/p>\n<p lang=\"es-ES\" align=\"LEFT\"><span style=\"font-size: 21px; font-family: georgia, palatino; color: #000000;\" data-darkreader-inline-color=\"\">156:6.9<\/span><\/p>\n<p lang=\"es-ES\" align=\"LEFT\"><span style=\"font-size: 21px; font-family: georgia, palatino; color: #000000;\" data-darkreader-inline-color=\"\">\u00c9sa era pues la situaci\u00f3n alrededor del 1 de agosto del a\u00f1o 29 d. de J.C., cuando el Maestro retorn\u00f3 de la misi\u00f3n fenicia y comenz\u00f3 la reorganizaci\u00f3n de sus fuerzas desparramadas, probadas y diezmadas para el \u00faltimo y memorable a\u00f1o de su misi\u00f3n en la tierra.<\/span><\/p>\n<p lang=\"es-ES\" align=\"LEFT\"><span style=\"font-size: 21px; font-family: georgia, palatino; color: #000000;\" data-darkreader-inline-color=\"\">156:6.10<\/span><\/p>\n<p lang=\"es-ES\" align=\"LEFT\"><span style=\"font-size: 21px; font-family: georgia, palatino; color: #000000;\" data-darkreader-inline-color=\"\">Al prepararse el Maestro y sus asociados para comenzar la proclamaci\u00f3n de una nueva religi\u00f3n, la religi\u00f3n del esp\u00edritu del Dios viviente que reside en la mente de los hombres, las cuestiones a batallarse est\u00e1n bien definidas.<\/span><\/p>\n<\/div>\n","protected":false},"excerpt":{"rendered":"<p>Giliana Kudsha Los Mandamientos no son Demasiado Dif\u00edciles Los mandamientos del Padre no son demasiado dif\u00edciles de observar, pero para algunos del Remanente, no son capaces de cumplirlos a la perfecci\u00f3n. El Padre es consciente de los que se esfuerzan por la perfecci\u00f3n y de los que practican la farsa religiosa. No os encontr\u00e9is entre &#8230;<\/p>\n","protected":false},"author":3,"featured_media":0,"comment_status":"closed","ping_status":"closed","sticky":false,"template":"","format":"standard","meta":{"footnotes":""},"categories":[9],"tags":[11,29,22,13,14,15,16,17,19,18,21,12,24,23,10,30,27,28,20,31,26,25],"class_list":{"0":"post-1413","1":"post","2":"type-post","3":"status-publish","4":"format-standard","6":"category-lecturas-del-leccionario","7":"tag-biblia-de-oahspe","8":"tag-calendario","9":"tag-eloi","10":"tag-era-kosmon","11":"tag-fideismo","12":"tag-fideistas","13":"tag-fielismo","14":"tag-fielistas","15":"tag-iglesia-fideista","16":"tag-iglesia-fielista","17":"tag-jehovi","18":"tag-la-biblia-oahspe","19":"tag-lecturas-del-leccionario","20":"tag-lecturas-diarias","21":"tag-oahspe","22":"tag-observancias","23":"tag-pacto-unido","24":"tag-pacto-unido-de-la-luz","25":"tag-religion-de-la-luz","26":"tag-shabbat","27":"tag-yeshua","28":"tag-yoshu","29":"anons"},"_links":{"self":[{"href":"https:\/\/covenantarian.org\/u\/wp-json\/wp\/v2\/posts\/1413","targetHints":{"allow":["GET"]}}],"collection":[{"href":"https:\/\/covenantarian.org\/u\/wp-json\/wp\/v2\/posts"}],"about":[{"href":"https:\/\/covenantarian.org\/u\/wp-json\/wp\/v2\/types\/post"}],"author":[{"embeddable":true,"href":"https:\/\/covenantarian.org\/u\/wp-json\/wp\/v2\/users\/3"}],"replies":[{"embeddable":true,"href":"https:\/\/covenantarian.org\/u\/wp-json\/wp\/v2\/comments?post=1413"}],"version-history":[{"count":1,"href":"https:\/\/covenantarian.org\/u\/wp-json\/wp\/v2\/posts\/1413\/revisions"}],"predecessor-version":[{"id":1414,"href":"https:\/\/covenantarian.org\/u\/wp-json\/wp\/v2\/posts\/1413\/revisions\/1414"}],"wp:attachment":[{"href":"https:\/\/covenantarian.org\/u\/wp-json\/wp\/v2\/media?parent=1413"}],"wp:term":[{"taxonomy":"category","embeddable":true,"href":"https:\/\/covenantarian.org\/u\/wp-json\/wp\/v2\/categories?post=1413"},{"taxonomy":"post_tag","embeddable":true,"href":"https:\/\/covenantarian.org\/u\/wp-json\/wp\/v2\/tags?post=1413"}],"curies":[{"name":"wp","href":"https:\/\/api.w.org\/{rel}","templated":true}]}}