{"id":1418,"date":"2025-08-02T22:26:55","date_gmt":"2025-08-02T22:26:55","guid":{"rendered":"https:\/\/covenantarian.org\/u\/?p=1418"},"modified":"2025-08-03T08:15:32","modified_gmt":"2025-08-03T08:15:32","slug":"lecturas-del-convenio-unido-para-el-domingo-3-de-agosto-2025","status":"publish","type":"post","link":"https:\/\/covenantarian.org\/u\/lecturas-del-leccionario\/lecturas-del-convenio-unido-para-el-domingo-3-de-agosto-2025\/","title":{"rendered":"Lecturas del Convenio Unido para el Domingo, 3 de Agosto, 2025"},"content":{"rendered":"<div class=\"entry\">\n<p><span style=\"font-size: 21px; font-family: georgia, palatino; color: #000000;\"><strong>Giliana Kudsha<\/strong><\/span><\/p>\n<p><span style=\"font-family: georgia, palatino; font-size: 21px; color: #000000;\"><b>Una Advertencia sobre la Variante Delta <\/b><\/span><\/p>\n<p><span style=\"font-family: georgia, palatino; font-size: 21px; color: #000000;\">Mis queridos hermanos y hermanas, fieles ovejas de la casa de mi Padre. La paz sea con vosotros.<\/span><\/p>\n<p><span style=\"font-family: georgia, palatino; font-size: 21px; color: #000000;\">Con la variante actual de COVID que se llama Delta, es probable que cause la muerte de m\u00e1s j\u00f3venes y ancianos. Es importante que aquellos de vosotros con ni\u00f1os y ni\u00f1as teng\u00e1is m\u00e1s precauci\u00f3n de lo habitual. Los que son ancianos o con enfermedades cr\u00f3nicas y sistemas inmunes debilitados tambi\u00e9n deben tomar muchas precauciones con respecto a su seguridad. Esta variante puede ser la m\u00e1s contagiosa y mortal hasta la fecha. Me entristece decir que un n\u00famero sin precedentes de ni\u00f1os, ni\u00f1as y otros morir\u00e1n en esta temporada de la nueva variante. Os ruego a cada uno de vosotros que no pens\u00e9is que el Creador es la causa. \u00c9l no es la causa de esta enfermedad. La malvada ha desatado, mediante las manos de sus propios siervos humanos, esta enfermedad, y la malvada tiene planes para que se desarrollen enfermedades adicionales.<\/span><\/p>\n<p><span style=\"font-family: georgia, palatino; font-size: 21px; color: #000000;\">Los cient\u00edficos y los funcionarios de la salud del mundo han confirmado que las vacunas anteriores no tienen ning\u00fan efecto sobre la variante Delta. En otras palabras, si recibisteis una vacuna para ayudar a prevenir el COVID, se cree que es in\u00fatil contra la variante Delta. Si se hace una vacuna, es una elecci\u00f3n personal aceptarla o no. Sin embargo, si una vacuna contiene ingredientes de fetos abortados, ser\u00eda una violaci\u00f3n de las Escrituras de todas las Comunidades Espirituales dentro de la Religi\u00f3n de la Luz recibir tal vacuna.<\/span><\/p>\n<p><span style=\"font-family: georgia, palatino; font-size: 21px; color: #000000;\">No solo deb\u00e9is orar por la seguridad y protecci\u00f3n de vosotros mismos y de vuestras familias y amigos, sino tambi\u00e9n por toda la asamblea del pueblo de mi Padre \u2013 vuestros hermanos y hermanas espirituales en la fe.<\/span><\/p>\n<p><span style=\"font-family: georgia, palatino; font-size: 21px; color: #000000;\">Si sois fieles en vuestra andadura por el camino santo del Padre, y perd\u00e9is vuestra vida por cualquier motivo, vuestra alma ser\u00e1 protegida y ser\u00e1 llevada a Su reba\u00f1o espiritual y ser\u00e1 dada curaci\u00f3n y descanso en el para\u00edso. Esto lo prometo, porque no es de mi boca, sino de la mism\u00edsima palabra de mi Padre que est\u00e1 en los cielos.<\/span><\/p>\n<p align=\"JUSTIFY\"><span style=\"font-family: georgia, palatino; font-size: 21px; color: #000000;\">Estoy siempre con vosotros.<\/span><\/p>\n<p><span style=\"font-family: georgia, palatino; font-size: 21px; color: #000000;\" data-darkreader-inline-color=\"\"><strong>Ense\u00f1anzas de la Luz Cap\u00edtulo 81:<\/strong><\/span><\/p>\n<p lang=\"es-ES\" align=\"LEFT\"><span style=\"font-family: georgia, palatino; font-size: 21px; color: #000000;\" data-darkreader-inline-color=\"\"><i>La Quietud<\/i><\/span><\/p>\n<p lang=\"es-ES\" align=\"LEFT\"><span style=\"font-family: georgia, palatino; font-size: 21px; color: #000000;\" data-darkreader-inline-color=\"\"><sup>1<\/sup> La voz de la verdad se encuentra dentro de los recovecos m\u00e1s profundos de vuestro coraz\u00f3n.<\/span><\/p>\n<p lang=\"es-ES\" align=\"LEFT\"><span style=\"font-family: georgia, palatino; font-size: 21px; color: #000000;\" data-darkreader-inline-color=\"\"><sup>2<\/sup> Si est\u00e1is escuchando de verdad, oir\u00e9is su latido.<\/span><\/p>\n<p lang=\"es-ES\" align=\"LEFT\"><span style=\"font-family: georgia, palatino; font-size: 21px; color: #000000;\" data-darkreader-inline-color=\"\"><sup>3<\/sup> Uno de los primeros pasos para experimentar la Presencia de Dios en vuestra vida es reconocer que \u00c9l ya est\u00e1 al lado de vosotros.<\/span><\/p>\n<p lang=\"es-ES\" align=\"LEFT\"><span style=\"font-family: georgia, palatino; font-size: 21px; color: #000000;\" data-darkreader-inline-color=\"\"><sup>4<\/sup> Menos \u00e9nfasis sobre el mundo que os rodea con vuestros ojos f\u00edsicos os abrir\u00e1 los ojos de vuestra alma a la Presencia de Dios.<\/span><\/p>\n<p lang=\"es-ES\" align=\"LEFT\"><span style=\"font-family: georgia, palatino; font-size: 21px; color: #000000;\" data-darkreader-inline-color=\"\"><sup>5<\/sup> Tranquilizad vuestra mente del caos del mundo y escuchad la voz del Padre que est\u00e1 con vosotros.<\/span><\/p>\n<p lang=\"es-ES\" align=\"LEFT\"><span style=\"font-family: georgia, palatino; font-size: 21px; color: #000000;\" data-darkreader-inline-color=\"\"><sup>6<\/sup> Sentid Su Presencia y adorarle con fe, alabanza, oraci\u00f3n y con obras de servicio a \u00c9l y a los seres humanos.<\/span><\/p>\n<p lang=\"es-ES\" align=\"LEFT\">\n<p lang=\"es-ES\" align=\"LEFT\"><span style=\"font-family: georgia, palatino; font-size: 21px; color: #000000;\" data-darkreader-inline-color=\"\"><strong>Didach\u00e9 Cap\u00edtulo 13:<\/strong><\/span><\/p>\n<p lang=\"es-ES\"><span style=\"font-family: Georgia, serif;\"><span style=\"font-size: 21px;\"><b>Apoyo de los Verdaderos Profetas y Ap\u00f3stoles<\/b><\/span><\/span><\/p>\n<p lang=\"es-ES\"><span style=\"font-family: Georgia, serif;\"><span style=\"font-size: 21px;\"><sup>1 <\/sup>Pero todo verdadero Ap\u00f3stol o Profeta que quiera vivir con ustedes o en su comunidad es digno de su apoyo. Las ense\u00f1anzas del verdadero Ap\u00f3stol o Profeta ser\u00e1n su trabajo si no tienen una habilidad espec\u00edfica.<\/span><\/span><\/p>\n<p lang=\"es-ES\"><span style=\"font-family: Georgia, serif;\"><span style=\"font-size: 21px;\"><sup>2 <\/sup>Del mismo modo, un verdadero maestro es digno, al igual que el trabajador, de su apoyo.<\/span><\/span><\/p>\n<p lang=\"es-ES\"><span style=\"font-family: Georgia, serif;\"><span style=\"font-size: 21px;\"><sup>3 <\/sup>Todo primer fruto, por lo tanto, de los productos de la prensa de vino y de la trilla, de los bueyes y de las ovejas, lo tomar\u00e1n y lo dar\u00e1n a los profetas, porque son sus sumos sacerdotes bajo el Mes\u00edas.<\/span><\/span><\/p>\n<p lang=\"es-ES\"><span style=\"font-family: Georgia, serif;\"><span style=\"font-size: 21px;\"><sup>4 <\/sup>Pero si no tienen un Profeta, den lo que puedan a los que ustedes saben que tienen necesidad.<\/span><\/span><\/p>\n<p lang=\"es-ES\"><span style=\"font-family: Georgia, serif;\"><span style=\"font-size: 21px;\"><sup>5 <\/sup>Si hacen un lote de masa, tomen el primer fruto y den de acuerdo con el Mandamiento.<\/span><\/span><\/p>\n<p lang=\"es-ES\"><span style=\"font-family: Georgia, serif;\"><span style=\"font-size: 21px;\"><sup>6 <\/sup>Del mismo modo, cuando abran un frasco de vino o de aceite o de cualquier cosa nueva, tomen el primer fruto y d\u00e9nselo a los Ap\u00f3stoles y a los Profetas. <\/span><\/span><\/p>\n<p lang=\"es-ES\"><span style=\"font-family: Georgia, serif;\"><span style=\"font-size: 21px;\"><sup>7 <\/sup>Y del dinero y de la ropa y de todas las posesiones que tienen, cojan el primer fruto, lo que puedan, y den de acuerdo al Mandamiento.<\/span><\/span><\/p>\n<\/div>\n","protected":false},"excerpt":{"rendered":"<p>Giliana Kudsha Una Advertencia sobre la Variante Delta Mis queridos hermanos y hermanas, fieles ovejas de la casa de mi Padre. La paz sea con vosotros. Con la variante actual de COVID que se llama Delta, es probable que cause la muerte de m\u00e1s j\u00f3venes y ancianos. Es importante que aquellos de vosotros con ni\u00f1os &#8230;<\/p>\n","protected":false},"author":3,"featured_media":0,"comment_status":"closed","ping_status":"closed","sticky":false,"template":"","format":"standard","meta":{"footnotes":""},"categories":[9],"tags":[11,29,22,13,14,15,16,17,19,18,21,12,24,23,10,30,27,28,20,31,26,25],"class_list":{"0":"post-1418","1":"post","2":"type-post","3":"status-publish","4":"format-standard","6":"category-lecturas-del-leccionario","7":"tag-biblia-de-oahspe","8":"tag-calendario","9":"tag-eloi","10":"tag-era-kosmon","11":"tag-fideismo","12":"tag-fideistas","13":"tag-fielismo","14":"tag-fielistas","15":"tag-iglesia-fideista","16":"tag-iglesia-fielista","17":"tag-jehovi","18":"tag-la-biblia-oahspe","19":"tag-lecturas-del-leccionario","20":"tag-lecturas-diarias","21":"tag-oahspe","22":"tag-observancias","23":"tag-pacto-unido","24":"tag-pacto-unido-de-la-luz","25":"tag-religion-de-la-luz","26":"tag-shabbat","27":"tag-yeshua","28":"tag-yoshu","29":"anons"},"_links":{"self":[{"href":"https:\/\/covenantarian.org\/u\/wp-json\/wp\/v2\/posts\/1418","targetHints":{"allow":["GET"]}}],"collection":[{"href":"https:\/\/covenantarian.org\/u\/wp-json\/wp\/v2\/posts"}],"about":[{"href":"https:\/\/covenantarian.org\/u\/wp-json\/wp\/v2\/types\/post"}],"author":[{"embeddable":true,"href":"https:\/\/covenantarian.org\/u\/wp-json\/wp\/v2\/users\/3"}],"replies":[{"embeddable":true,"href":"https:\/\/covenantarian.org\/u\/wp-json\/wp\/v2\/comments?post=1418"}],"version-history":[{"count":3,"href":"https:\/\/covenantarian.org\/u\/wp-json\/wp\/v2\/posts\/1418\/revisions"}],"predecessor-version":[{"id":1421,"href":"https:\/\/covenantarian.org\/u\/wp-json\/wp\/v2\/posts\/1418\/revisions\/1421"}],"wp:attachment":[{"href":"https:\/\/covenantarian.org\/u\/wp-json\/wp\/v2\/media?parent=1418"}],"wp:term":[{"taxonomy":"category","embeddable":true,"href":"https:\/\/covenantarian.org\/u\/wp-json\/wp\/v2\/categories?post=1418"},{"taxonomy":"post_tag","embeddable":true,"href":"https:\/\/covenantarian.org\/u\/wp-json\/wp\/v2\/tags?post=1418"}],"curies":[{"name":"wp","href":"https:\/\/api.w.org\/{rel}","templated":true}]}}