{"id":1445,"date":"2025-08-14T18:55:26","date_gmt":"2025-08-14T18:55:26","guid":{"rendered":"https:\/\/covenantarian.org\/u\/?p=1445"},"modified":"2025-08-14T18:55:26","modified_gmt":"2025-08-14T18:55:26","slug":"lecturas-del-convenio-unido-para-el-viernes-15-de-agosto-2025","status":"publish","type":"post","link":"https:\/\/covenantarian.org\/u\/lecturas-del-leccionario\/lecturas-del-convenio-unido-para-el-viernes-15-de-agosto-2025\/","title":{"rendered":"Lecturas del Convenio Unido para el Viernes, 15 de Agosto, 2025"},"content":{"rendered":"<div class=\"entry\">\n<p><span style=\"font-family: georgia, palatino; font-size: 21px; color: #000000;\"><strong>Giliana Kudsha<\/strong><\/span><\/p>\n<p><strong style=\"font-family: 'PT Serif', TimesNewRoman, 'Times New Roman', Times, Baskerville, Georgia, serif; font-size: 36px;\"><span style=\"font-family: georgia, palatino; font-size: 21px; color: #000000;\">Abriendo el Coraz\u00f3n<\/span><\/strong><\/p>\n<div class=\"entry-content\">\n<p><span style=\"font-family: georgia, palatino; font-size: 21px; color: #000000;\">No permitan que los prejuicios obstaculicen el amor hacia sus semejantes de otras partes del mundo, aquellos que provienen de culturas distintas a las suyas.<\/span><\/p>\n<p><span style=\"font-family: georgia, palatino; font-size: 21px; color: #000000;\">Es fundamental abrir el coraz\u00f3n y reconocer la riqueza que la diversidad cultural aporta a la vida. Al aceptar y valorar las diferencias, fortalecemos los lazos de fraternidad y entendimiento entre todos los habitantes de este planeta. La verdadera grandeza reside en la capacidad de amar y respetar a quienes son diferentes, reconociendo que, a pesar de las variaciones, todos ustedes son parte de la misma humanidad.<\/span><br \/>\n<span id=\"more-486\" style=\"font-family: georgia, palatino; font-size: 21px; color: #000000;\"><\/span><\/p>\n<p><span style=\"font-family: georgia, palatino; font-size: 21px; color: #000000;\">El Cor\u00e1n purificado es parte de sus escrituras, junto con el Tanaj, el Nuevo Testamento, el Evangelio del Profeta Mani, el Oahspe, el Libro de la Verdad y otros.<\/span><\/p>\n<p><span style=\"font-family: georgia, palatino; font-size: 21px; color: #000000;\">Estos son sus hermanos y hermanas en la Religi\u00f3n de la Luz. Ellos forman parte del Pacto Unido. Son amados por el Padre de la Grandeza.<\/span><\/p>\n<p><span style=\"font-family: georgia, palatino; font-size: 21px; color: #000000;\">Si deseas leer y comprender mejor el Cor\u00e1n en su estado purificado, puedes hablar conmigo al respecto.<\/span><\/p>\n<p>&nbsp;<\/p>\n<p lang=\"es-ES\" align=\"LEFT\"><span style=\"font-size: 21px; font-family: georgia, palatino; color: #000000;\" data-darkreader-inline-color=\"\"><strong>Ense\u00f1anzas de la Luz Cap\u00edtulo 93:<\/strong><\/span><\/p>\n<p lang=\"es-ES\" align=\"LEFT\"><span style=\"font-family: georgia, palatino; font-size: 21px; color: #000000;\" data-darkreader-inline-color=\"\"><i>L\u00edderes Mundiales<\/i><\/span><\/p>\n<p lang=\"es-ES\" align=\"LEFT\"><span style=\"font-family: georgia, palatino; font-size: 21px; color: #000000;\" data-darkreader-inline-color=\"\"><sup>1<\/sup> Poned vuestra confianza en Dios, porque ning\u00fan l\u00edder elegido puede perfeccionar vuestra alma o concederos la vida eterna.<\/span><\/p>\n<p lang=\"es-ES\" align=\"LEFT\"><span style=\"font-family: georgia, palatino; font-size: 21px; color: #000000;\" data-darkreader-inline-color=\"\"><sup>2<\/sup> Los l\u00edderes mundiales nunca os pueden dar la salvaci\u00f3n de vuestra alma, ni tampoco los l\u00edderes religiosos falsos.<\/span><\/p>\n<p lang=\"es-ES\" align=\"LEFT\"><span style=\"font-family: georgia, palatino; font-size: 21px; color: #000000;\" data-darkreader-inline-color=\"\"><sup>3<\/sup> Detesto a todos los dictadores malvados, porque no existen para servir a los dem\u00e1s seres humanos, sino que se colocan a s\u00ed mismos para gobernar con orgullo y arrogancia. Tales personas no tienen ning\u00fan lugar en el Reino de la Luz.<\/span><\/p>\n<p lang=\"es-ES\" align=\"LEFT\"><span style=\"font-family: georgia, palatino; font-size: 21px; color: #000000;\" data-darkreader-inline-color=\"\"><sup>4<\/sup> El Reino de la Luz llevar\u00e1 a la destrucci\u00f3n a toda clase de l\u00edderes mundiales que no adoren al Padre de la Grandeza y que no sirvan a Su gente.<\/span><\/p>\n<p lang=\"es-ES\" align=\"LEFT\">\n<p lang=\"es-ES\" align=\"LEFT\"><span style=\"font-family: georgia, palatino; font-size: 21px; color: #000000;\" data-darkreader-inline-color=\"\"><strong>El Libro de la Verdad: El Episodio de la Coronaci\u00f3n \u2013 152:3; La Transfiguraci\u00f3n \u2013 \u00a0158:1.1-10 (suplementario: 158:2.1-158:3.6):<\/strong><\/span><\/p>\n<p lang=\"es-ES\" align=\"LEFT\"><span style=\"font-family: georgia, palatino; font-size: 21px; color: #000000;\" data-darkreader-inline-color=\"\">3. El Episodio de la Coronaci\u00f3n<\/span><\/p>\n<p lang=\"es-ES\" align=\"LEFT\"><span style=\"font-family: georgia, palatino; font-size: 21px; color: #000000;\" data-darkreader-inline-color=\"\">152:3.1<\/span><\/p>\n<p lang=\"es-ES\" align=\"LEFT\"><span style=\"font-family: georgia, palatino; font-size: 21px; color: #000000;\" data-darkreader-inline-color=\"\">Este fest\u00edn para las cinco mil personas, mediante la energ\u00eda sobrenatural, fue otro de esos casos en los que la piedad humana se sum\u00f3 al poder creador para dar como resultado lo que sucedi\u00f3. Ya la multitud hab\u00eda sido saciada, y all\u00ed mismo y en ese instante la fama de Jes\u00fas tanto se acrecent\u00f3 por este extraordinario portento, que la idea de apoderarse del Maestro y proclamarlo rey ya no necesitaba de ning\u00fan cabecilla. La idea pareci\u00f3 propagarse como un contagio entre la muchedumbre. La reacci\u00f3n de la multitud ante esta satisfacci\u00f3n repentina y espectacular de sus necesidades f\u00edsicas fue profunda y sobrecogedora. Por mucho tiempo a los jud\u00edos se les hab\u00eda ense\u00f1ado que el Mes\u00edas, el hijo de David, cuando viniera, inundar\u00eda la tierra, nuevamente, con leche y miel, y que el pan de la vida llover\u00eda sobre ellos como hab\u00eda supuestamente ca\u00eddo el man\u00e1 del cielo sobre sus antepasados en el desierto. \u00bfAcaso todas estas expectativas no hab\u00edan sido plenamente satisfechas ante sus ojos? Cuando esta multitud hambrienta y sin alimentos se saci\u00f3 de alimento milagroso, tan s\u00f3lo hubo una reacci\u00f3n un\u00e1nime: \u00abHe aqu\u00ed a nuestro rey\u00bb. Hab\u00eda llegado el liberador portentoso de Israel. En los ojos de esta gente de mente sencilla, el poder de dar de comer llevaba en s\u00ed mismo el derecho al gobierno. No es pues de extra\u00f1ar que la multitud, en cuanto termin\u00f3 su fest\u00edn, se puso de pie al un\u00edsono clamando: \u00ab\u00a1Hacedlo rey!\u00bb.<\/span><\/p>\n<p lang=\"es-ES\" align=\"LEFT\"><span style=\"font-family: georgia, palatino; font-size: 21px; color: #000000;\" data-darkreader-inline-color=\"\">152:3.2<\/span><\/p>\n<p lang=\"es-ES\" align=\"LEFT\"><span style=\"font-family: georgia, palatino; font-size: 21px; color: #000000;\" data-darkreader-inline-color=\"\">Este poderoso grito entusiasm\u00f3 a Pedro y a los entre los ap\u00f3stoles que a\u00fan manten\u00edan la esperanza de que Jes\u00fas afirmara su derecho a gobernar. Pero, poco durar\u00edan estas falsas esperanzas. A\u00fan se o\u00edan los ecos de este poderoso grito de la multitud que rebotaban de las rocas cercanas, cuando Jes\u00fas se trep\u00f3 a una enorme piedra y, levantando la mano derecha para imponer silencio, dijo: \u00abHijitos m\u00edos, vosotros ten\u00e9is buenas intenciones, pero sois de vista corta y de mentalidad material\u00bb. Hubo una corta pausa; este fornido galileo se ergu\u00eda majestuoso contra el resplandor encantador del atardecer oriental. Cada cent\u00edmetro de su semblante se ve\u00eda verdaderamente como el de un rey mientras sigui\u00f3 hablando a la multitud que lo contemplaba sin aliento: \u00abVosotros quer\u00e9is hacerme rey, no porque vuestra alma se haya iluminado de una gran verdad, sino porque vuestro est\u00f3mago est\u00e1 lleno de pan. \u00bfCu\u00e1ntas veces os he dicho que mi reino no es de este mundo? Este reino del cielo que nosotros proclamamos es una hermandad espiritual, y ning\u00fan hombre gobierna sobre este reino sentado en un trono material. Mi Padre en el cielo es el omnisapiente y todopoderoso Gobernante de esta hermandad espiritual de los hijos de Dios en la tierra. \u00bfEs que tanto he fallado en revelaros al Padre de los esp\u00edritus, que vosotros quer\u00e9is hacer de su Hijo en la carne un rey? Idos pues todos a casa. Si deb\u00e9is tener rey, que el Padre de las luces sea coronado en el coraz\u00f3n de cada uno de vosotros como el esp\u00edritu Gobernante de todas las cosas\u00bb.<\/span><\/p>\n<p lang=\"es-ES\" align=\"LEFT\"><span style=\"font-family: georgia, palatino; font-size: 21px; color: #000000;\" data-darkreader-inline-color=\"\">152:3.3<\/span><\/p>\n<p lang=\"es-ES\" align=\"LEFT\"><span style=\"font-family: georgia, palatino; font-size: 21px; color: #000000;\" data-darkreader-inline-color=\"\">Estas palabras de Jes\u00fas despidieron a la multitud, pasmada y desilusionada. Muchos de los que hab\u00edan cre\u00eddo en \u00e9l, se fueron y, a partir de ese d\u00eda, ya no le siguieron. Los ap\u00f3stoles estaban anonadados; permanecieron de pie en silencio, reunidos alrededor de los doce canastos llenos de trozos de comida; s\u00f3lo el mandadero, el mancebo Marcos, dijo: \u00abY se neg\u00f3 a ser nuestro rey\u00bb. Jes\u00fas, antes de irse por su cuenta a las colinas, se volvi\u00f3 hacia Andr\u00e9s y dijo: \u00abLleva a tus hermanos de vuelta a la casa de Zebedeo y ora con ellos, especialmente por tu hermano, Sim\u00f3n Pedro\u00bb.<\/span><\/p>\n<h2>1. La Transfiguraci\u00f3n<\/h2>\n<p lang=\"es-ES\" align=\"LEFT\"><span style=\"font-family: georgia, palatino; font-size: 21px; color: #000000;\" data-darkreader-inline-color=\"\">158:1.1<\/span><\/p>\n<p lang=\"es-ES\" align=\"LEFT\"><span style=\"font-family: georgia, palatino; font-size: 21px; color: #000000;\" data-darkreader-inline-color=\"\">Temprano por la ma\u00f1ana del lunes 15 de agosto, Jes\u00fas y los tres ap\u00f3stoles comenzaron su ascensi\u00f3n al Monte Herm\u00f3n, seis d\u00edas despu\u00e9s de la memorable confesi\u00f3n de Pedro, un mediod\u00eda a la orilla del camino bajo las moreras.<\/span><\/p>\n<p lang=\"es-ES\" align=\"LEFT\"><span style=\"font-family: georgia, palatino; font-size: 21px; color: #000000;\" data-darkreader-inline-color=\"\">158:1.2<\/span><\/p>\n<p lang=\"es-ES\" align=\"LEFT\"><span style=\"font-family: georgia, palatino; font-size: 21px; color: #000000;\" data-darkreader-inline-color=\"\">Jes\u00fas hab\u00eda sido llamado para ascender solo a la monta\u00f1a, para tratar importantes asuntos que ten\u00edan que ver con el progreso de su autootorgamiento, en cuanto se relacionaba esta experiencia con el universo de su creaci\u00f3n. Es significativo que este extraordinario evento aconteciera precisamente cuando Jes\u00fas y los ap\u00f3stoles estaban en tierra de los gentiles, y que efectivamente ocurri\u00f3 en una monta\u00f1a de gentiles.<\/span><\/p>\n<p lang=\"es-ES\" align=\"LEFT\"><span style=\"font-family: georgia, palatino; font-size: 21px; color: #000000;\" data-darkreader-inline-color=\"\">158:1.3<\/span><\/p>\n<p lang=\"es-ES\" align=\"LEFT\"><span style=\"font-family: georgia, palatino; font-size: 21px; color: #000000;\" data-darkreader-inline-color=\"\">Llegaron a su destino, aproximadamente a mitad de camino por la monta\u00f1a, poco despu\u00e9s de mediod\u00eda, y mientras almorzaban, Jes\u00fas relat\u00f3 a los tres ap\u00f3stoles algo de su experiencia en las colinas al este del Jord\u00e1n, poco despu\u00e9s de su bautismo, as\u00ed como tambi\u00e9n un poco m\u00e1s de su experiencia en el Monte Herm\u00f3n en relaci\u00f3n con su visita anterior a este retiro solitario.<\/span><\/p>\n<p lang=\"es-ES\" align=\"LEFT\"><span style=\"font-family: georgia, palatino; font-size: 21px; color: #000000;\" data-darkreader-inline-color=\"\">158:1.4<\/span><\/p>\n<p lang=\"es-ES\" align=\"LEFT\"><span style=\"font-family: georgia, palatino; font-size: 21px; color: #000000;\" data-darkreader-inline-color=\"\">Cuando era ni\u00f1o, Jes\u00fas acostumbraba ascender a las colinas cerca de su casa y so\u00f1ar con las batallas de los ej\u00e9rcitos de los imperios en las planicies de Esdrael\u00f3n; ahora, ascend\u00eda el Monte Herm\u00f3n para recibir la dotaci\u00f3n que lo preparar\u00eda para descender a las planicies del Jord\u00e1n y ejecutar las escenas finales del drama de su autootorgamiento en Urantia. El Maestro podr\u00eda haber abandonado la lucha este d\u00eda en el Monte Herm\u00f3n, volviendo al gobierno de sus dominios universales, pero no solamente eligi\u00f3 cumplir con los requisitos de su orden de filiaci\u00f3n divina, comprendidos en el mandato del Hijo Eterno del Para\u00edso, sino que tambi\u00e9n eligi\u00f3 enfrentarse con la \u00faltima y plena medida de la voluntad presente de su Padre del Para\u00edso. En este d\u00eda de agosto, tres de sus ap\u00f3stoles le vieron rehusar que le confirieran la autoridad plena del universo. Ellos contemplaron pasmados mientras part\u00edan los mensajeros celestiales, dej\u00e1ndolo solo para terminar su vida terrenal como Hijo del Hombre y como Hijo de Dios.<\/span><\/p>\n<p lang=\"es-ES\" align=\"LEFT\"><span style=\"font-family: georgia, palatino; font-size: 21px; color: #000000;\" data-darkreader-inline-color=\"\">158:1.5<\/span><\/p>\n<p lang=\"es-ES\" align=\"LEFT\"><span style=\"font-family: georgia, palatino; font-size: 21px; color: #000000;\" data-darkreader-inline-color=\"\">La fe de los ap\u00f3stoles lleg\u00f3 a su cumbre en el momento del episodio de la alimentaci\u00f3n de los cinco mil, habiendo ca\u00eddo despu\u00e9s r\u00e1pidamente hasta casi cero. Pero ahora, debido a que el Maestro hab\u00eda admitido su divinidad, la retardada fe de los doce se elev\u00f3 hasta su m\u00e1s alta c\u00faspide en las siguientes pocas semanas, s\u00f3lo para declinar despu\u00e9s progresivamente. La tercera revitalizaci\u00f3n de su fe no ocurri\u00f3 hasta despu\u00e9s de la resurrecci\u00f3n del Maestro.<\/span><\/p>\n<p lang=\"es-ES\" align=\"LEFT\"><span style=\"font-family: georgia, palatino; font-size: 21px; color: #000000;\" data-darkreader-inline-color=\"\">158:1.6<\/span><\/p>\n<p lang=\"es-ES\" align=\"LEFT\"><span style=\"font-family: georgia, palatino; font-size: 21px; color: #000000;\" data-darkreader-inline-color=\"\">Eran aproximadamente las tres de esta bella tarde cuando Jes\u00fas se despidi\u00f3 de los tres ap\u00f3stoles, diciendo: \u00abMe alejo a solas por un tiempo, para comulgar con el Padre y sus mensajeros; os exhort\u00f3 que os qued\u00e9is aqu\u00ed y, mientras aguard\u00e1is mi retorno, or\u00e9is porque se haga la voluntad del Padre en toda vuestra experiencia en relaci\u00f3n con el resto de la misi\u00f3n autootorgadora del Hijo del Hombre\u00bb. Despu\u00e9s de hablarles as\u00ed, Jes\u00fas se retir\u00f3 para conferenciar largamente con Gabriel y con el Padre Melquisedek, y no retorn\u00f3 hasta aproximadamente las seis de la tarde. Cuando Jes\u00fas vio la ansiedad de sus ap\u00f3stoles por su prolongada ausencia, dijo: \u00ab\u00bfPor qu\u00e9 tem\u00edais? Bien sab\u00e9is que debo ocuparme de los asuntos de mi Padre; \u00bfpor qu\u00e9 dud\u00e1is cuando yo no estoy con vosotros? Declaro ahora que el Hijo del Hombre ha elegido continuar con su vida plena en vuestro medio y como uno de vosotros. Estad de buen \u00e1nimo; no os abandonar\u00e9 hasta no haber terminado mi obra\u00bb.<\/span><\/p>\n<p lang=\"es-ES\" align=\"LEFT\"><span style=\"font-family: georgia, palatino; font-size: 21px; color: #000000;\" data-darkreader-inline-color=\"\">158:1.7<\/span><\/p>\n<p lang=\"es-ES\" align=\"LEFT\"><span style=\"font-family: georgia, palatino; font-size: 21px; color: #000000;\" data-darkreader-inline-color=\"\">Mientras compart\u00edan la escasa cena, Pedro pregunt\u00f3 al Maestro: \u00ab\u00bfPor cu\u00e1nto tiempo nos quedaremos en esta monta\u00f1a, lejos de nuestros hermanos?\u00bb Jes\u00fas contest\u00f3: \u00abHasta que ve\u00e1is la gloria del Hijo del Hombre y conozc\u00e1is que todo lo que os he declarado es verdad\u00bb. Hablaron pues de los asuntos de la rebeli\u00f3n de Lucifer mientras estaban sentados alrededor de las brasas centelleantes del fuego que hab\u00edan encendido, hasta que los envolvieron las tinieblas y los p\u00e1rpados de los ap\u00f3stoles se hicieron pesados porque hab\u00edan empezado su viaje muy temprano esa ma\u00f1ana.<\/span><\/p>\n<p lang=\"es-ES\" align=\"LEFT\"><span style=\"font-family: georgia, palatino; font-size: 21px; color: #000000;\" data-darkreader-inline-color=\"\">158:1.8<\/span><\/p>\n<p lang=\"es-ES\" align=\"LEFT\"><span style=\"font-family: georgia, palatino; font-size: 21px; color: #000000;\" data-darkreader-inline-color=\"\">Los tres dorm\u00edan profundamente desde hac\u00eda una media hora, cuando fueron repentinamente despertados por un cercano ruido chispeante, y ante su maravilla y consternaci\u00f3n, al mirar a su alrededor, contemplaron a Jes\u00fas en \u00edntima conversaci\u00f3n con dos seres resplandecientes vestidos con los indumentos de luz del mundo celestial. Y el rostro y la silueta de Jes\u00fas brillaban con la luminosidad de una luz celestial. Estos tres conversaban en un extra\u00f1o idioma, pero por ciertas cosas dichas, Pedro conjetur\u00f3 err\u00f3neamente que los seres con Jes\u00fas eran Mois\u00e9s y El\u00edas; en realidad, eran Gabriel y el Padre Melquisedek. Los controladores f\u00edsicos hab\u00edan dispuesto, por solicitud de Jes\u00fas, que los ap\u00f3stoles presenciaran esta escena.<\/span><\/p>\n<p lang=\"es-ES\" align=\"LEFT\"><span style=\"font-family: georgia, palatino; font-size: 21px; color: #000000;\" data-darkreader-inline-color=\"\">158:1.9<\/span><\/p>\n<p lang=\"es-ES\" align=\"LEFT\"><span style=\"font-family: georgia, palatino; font-size: 21px; color: #000000;\" data-darkreader-inline-color=\"\">Los tres ap\u00f3stoles estaban tan asustados que les llev\u00f3 un tiempo en recuperarse completamente, pero Pedro, que fue el primero en volver en s\u00ed, dijo, mientras la deslumbrante visi\u00f3n se desvanec\u00eda ante ellos y observaban a Jes\u00fas, de pie solo: \u00abJes\u00fas, Maestro, es bueno haber estado aqu\u00ed. Nos regocijamos de ver esta gloria. No queremos volver a descender al mundo ignominioso. Si t\u00fa quieres, d\u00e9janos morar aqu\u00ed, y erigiremos tres tiendas, una para ti, una para Mois\u00e9s, y otra para El\u00edas\u00bb. Pedro dijo esto debido a su confusi\u00f3n y porque en ese momento no se le ocurr\u00eda ninguna otra cosa.<\/span><\/p>\n<p lang=\"es-ES\" align=\"LEFT\"><span style=\"font-family: georgia, palatino; font-size: 21px; color: #000000;\" data-darkreader-inline-color=\"\">158:1.10<\/span><\/p>\n<p lang=\"es-ES\" align=\"LEFT\"><span style=\"font-family: georgia, palatino; font-size: 21px; color: #000000;\" data-darkreader-inline-color=\"\">Mientras Pedro a\u00fan estaba hablando, cay\u00f3 una nube plateada que los envolvi\u00f3 a los cuatro en sombras. Los ap\u00f3stoles se aterrorizaron aun m\u00e1s, y al caer de bruces para adorar, oyeron una voz, la misma que hab\u00eda hablado en ocasi\u00f3n del bautismo de Jes\u00fas, decir: \u00ab\u00c9ste es mi Hijo amado; prestadle atenci\u00f3n\u00bb. Y cuando se hubo desvanecido la nube, nuevamente estuvo Jes\u00fas solo con los tres y se inclin\u00f3 y los toc\u00f3, diciendo: \u00abLevantaos y no tem\u00e1is; ver\u00e9is cosas aun m\u00e1s grandes que \u00e9sta\u00bb. Pero los ap\u00f3stoles estaban verdaderamente aterrorizados; al prepararse para descender la monta\u00f1a, poco antes de la medianoche, formaban un tr\u00edo silencioso y pensativo.<\/span><\/p>\n<\/div>\n<\/div>\n","protected":false},"excerpt":{"rendered":"<p>Giliana Kudsha Abriendo el Coraz\u00f3n No permitan que los prejuicios obstaculicen el amor hacia sus semejantes de otras partes del mundo, aquellos que provienen de culturas distintas a las suyas. Es fundamental abrir el coraz\u00f3n y reconocer la riqueza que la diversidad cultural aporta a la vida. Al aceptar y valorar las diferencias, fortalecemos los &#8230;<\/p>\n","protected":false},"author":3,"featured_media":0,"comment_status":"closed","ping_status":"closed","sticky":false,"template":"","format":"standard","meta":{"footnotes":""},"categories":[9],"tags":[11,29,22,13,14,15,16,17,19,18,21,12,24,23,10,30,27,28,20,31,26,25],"class_list":{"0":"post-1445","1":"post","2":"type-post","3":"status-publish","4":"format-standard","6":"category-lecturas-del-leccionario","7":"tag-biblia-de-oahspe","8":"tag-calendario","9":"tag-eloi","10":"tag-era-kosmon","11":"tag-fideismo","12":"tag-fideistas","13":"tag-fielismo","14":"tag-fielistas","15":"tag-iglesia-fideista","16":"tag-iglesia-fielista","17":"tag-jehovi","18":"tag-la-biblia-oahspe","19":"tag-lecturas-del-leccionario","20":"tag-lecturas-diarias","21":"tag-oahspe","22":"tag-observancias","23":"tag-pacto-unido","24":"tag-pacto-unido-de-la-luz","25":"tag-religion-de-la-luz","26":"tag-shabbat","27":"tag-yeshua","28":"tag-yoshu","29":"anons"},"_links":{"self":[{"href":"https:\/\/covenantarian.org\/u\/wp-json\/wp\/v2\/posts\/1445","targetHints":{"allow":["GET"]}}],"collection":[{"href":"https:\/\/covenantarian.org\/u\/wp-json\/wp\/v2\/posts"}],"about":[{"href":"https:\/\/covenantarian.org\/u\/wp-json\/wp\/v2\/types\/post"}],"author":[{"embeddable":true,"href":"https:\/\/covenantarian.org\/u\/wp-json\/wp\/v2\/users\/3"}],"replies":[{"embeddable":true,"href":"https:\/\/covenantarian.org\/u\/wp-json\/wp\/v2\/comments?post=1445"}],"version-history":[{"count":1,"href":"https:\/\/covenantarian.org\/u\/wp-json\/wp\/v2\/posts\/1445\/revisions"}],"predecessor-version":[{"id":1446,"href":"https:\/\/covenantarian.org\/u\/wp-json\/wp\/v2\/posts\/1445\/revisions\/1446"}],"wp:attachment":[{"href":"https:\/\/covenantarian.org\/u\/wp-json\/wp\/v2\/media?parent=1445"}],"wp:term":[{"taxonomy":"category","embeddable":true,"href":"https:\/\/covenantarian.org\/u\/wp-json\/wp\/v2\/categories?post=1445"},{"taxonomy":"post_tag","embeddable":true,"href":"https:\/\/covenantarian.org\/u\/wp-json\/wp\/v2\/tags?post=1445"}],"curies":[{"name":"wp","href":"https:\/\/api.w.org\/{rel}","templated":true}]}}