{"id":1484,"date":"2025-08-28T22:34:45","date_gmt":"2025-08-28T22:34:45","guid":{"rendered":"https:\/\/covenantarian.org\/u\/?p=1484"},"modified":"2025-08-29T11:50:26","modified_gmt":"2025-08-29T11:50:26","slug":"lecturas-del-convenio-unido-para-el-viernes-29-de-agosto-2025","status":"publish","type":"post","link":"https:\/\/covenantarian.org\/u\/lecturas-del-leccionario\/lecturas-del-convenio-unido-para-el-viernes-29-de-agosto-2025\/","title":{"rendered":"Lecturas del Convenio Unido para el Viernes, 29 de Agosto, 2025"},"content":{"rendered":"<div class=\"entry\">\n<p><span style=\"font-size: 21px; font-family: georgia, palatino; color: #000000;\" data-darkreader-inline-color=\"\"><strong>Giliana Kudsha <\/strong><\/span><\/p>\n<p><span style=\"font-family: georgia, palatino; font-size: 21px; color: #000000;\" data-darkreader-inline-color=\"\"><b>Buscad lo Bueno en Todos<\/b><\/span><\/p>\n<p align=\"JUSTIFY\"><span style=\"font-family: georgia, palatino; font-size: 21px; color: #000000;\" data-darkreader-inline-color=\"\">Tratad de buscar lo bueno en todas las personas. No asum\u00e1is nada sobre los dem\u00e1s. Orad por los que os odian y los que os persiguen.<\/span><\/p>\n<p align=\"JUSTIFY\"><span style=\"font-family: georgia, palatino; font-size: 21px; color: #000000;\" data-darkreader-inline-color=\"\"><strong>Ense\u00f1anzas de la Luz Cap\u00edtulo 7:<\/strong><\/span><\/p>\n<p lang=\"es-ES\" align=\"LEFT\"><span style=\"font-family: Georgia, serif;\"><span style=\"font-size: 21px;\"><i>La Mala Asociaci\u00f3n<\/i><\/span><\/span><\/p>\n<p lang=\"es-ES\" align=\"LEFT\"><sup><span style=\"font-family: Georgia, serif;\"><span style=\"font-size: 21px;\"><sup>1<\/sup><\/span><\/span><\/sup><span style=\"font-family: Georgia, serif;\"><span style=\"font-size: 21px;\"> Acercaos a los que son de la misma fe \u2013 porque son vuestros verdaderos hermanos y hermanas y vuestras verdaderas madres y padres.<\/span><\/span><\/p>\n<p lang=\"es-ES\" align=\"LEFT\"><span style=\"font-family: Georgia, serif;\"><span style=\"font-size: 21px;\"><sup>2<\/sup> No permit\u00e1is volveros enredados en el mundo debido a la mala asociaci\u00f3n con aquellos que no aprecian la Luz.<\/span><\/span><\/p>\n<p lang=\"es-ES\" align=\"LEFT\"><span style=\"font-family: Georgia, serif;\"><span style=\"font-size: 21px;\"><sup>3<\/sup> La malvada usar\u00e1 a vuestra familia y a vuestros amigos para alejaros de Dios, pero hag\u00e1is lo que hag\u00e1is, permaneced fuertes en vuestra fe y en el servicio en la Luz.<\/span><\/span><\/p>\n<p lang=\"es-ES\" align=\"LEFT\"><span style=\"font-family: Georgia, serif;\"><span style=\"font-size: 21px;\"><sup>4<\/sup> Si los que os rodean os est\u00e1n controlando vuestra vida y emociones de una manera negativa, detrayendo de vuestro servicio a Dios, puede ser el momento de alejaros de tales personas.<\/span><\/span><\/p>\n<p lang=\"es-ES\" align=\"LEFT\"><span style=\"font-family: Georgia, serif;\"><span style=\"font-size: 21px;\"><sup>5<\/sup> No hay ninguna verdad en el mundo. No es vuestro verdadero hogar. No hay ninguna luz que se pueda generar a partir de la oscuridad.<\/span><\/span><\/p>\n<p lang=\"es-ES\" align=\"LEFT\"><span style=\"font-family: Georgia, serif;\"><span style=\"font-size: 21px;\"><sup>6<\/sup> Nunca os asoci\u00e9is con aquellos que prefieren difamar al Nombre de Abba d&#8217;Rabbuta o a mi siervo Mani o a cualquiera de los otros Mensajeros que escuchar incluso una buena palabra de verdad.<\/span><\/span><\/p>\n<p lang=\"es-ES\" align=\"LEFT\"><span style=\"font-family: Georgia, serif;\"><span style=\"font-size: 21px;\"><strong>El Libro de la Verdad: El S\u00e1bado por la Noche en Capernaum \u2013 154:4:<\/strong><\/span><\/span><\/p>\n<p lang=\"es-ES\" align=\"LEFT\"><span style=\"font-family: Georgia, serif;\"><span style=\"font-size: 21px;\">4. El S\u00e1bado por la Noche en Capernaum<\/span><\/span><\/p>\n<p lang=\"es-ES\" align=\"LEFT\"><span style=\"font-family: Georgia, serif;\"><span style=\"font-size: 21px;\">154:4.1<\/span><\/span><\/p>\n<p lang=\"es-ES\" align=\"LEFT\"><span style=\"font-family: Georgia, serif;\"><span style=\"font-size: 21px;\">Este mismo s\u00e1bado por la noche, se reuni\u00f3 en la sinagoga de Capernaum un grupo de cincuenta ciudadanos sobresalientes para discutir la cuesti\u00f3n candente del momento: \u00ab\u00bfQu\u00e9 hemos de hacer con Jes\u00fas?\u00bb Hablaron y discutieron hasta despu\u00e9s de la medianoche, pero no pudieron encontrar un terreno com\u00fan para el acuerdo. Aparte de unas pocas personas que se inclinaban a creer que Jes\u00fas tal vez fuera el Mes\u00edas, al menos un santo var\u00f3n, o tal vez un profeta, la asamblea estaba dividida en cuatro grupos casi iguales que sosten\u00edan, respectivamente, los siguientes puntos de vista sobre Jes\u00fas:<\/span><\/span><\/p>\n<p lang=\"es-ES\" align=\"LEFT\"><span style=\"font-family: Georgia, serif;\"><span style=\"font-size: 21px;\">154:4.2<\/span><\/span><\/p>\n<p lang=\"es-ES\" align=\"LEFT\"><span style=\"font-family: Georgia, serif;\"><span style=\"font-size: 21px;\">1. Que era un fan\u00e1tico religioso iluso e inocuo.<\/span><\/span><\/p>\n<p lang=\"es-ES\" align=\"LEFT\"><span style=\"font-family: Georgia, serif;\"><span style=\"font-size: 21px;\">154:4.3<\/span><\/span><\/p>\n<p lang=\"es-ES\" align=\"LEFT\"><span style=\"font-family: Georgia, serif;\"><span style=\"font-size: 21px;\">2. Que era un agitador peligroso y alevoso, capaz de incitar a la rebeli\u00f3n.<\/span><\/span><\/p>\n<p lang=\"es-ES\" align=\"LEFT\"><span style=\"font-family: Georgia, serif;\"><span style=\"font-size: 21px;\">154:4.4<\/span><\/span><\/p>\n<p lang=\"es-ES\" align=\"LEFT\"><span style=\"font-family: Georgia, serif;\"><span style=\"font-size: 21px;\">3. Que estaba aliado con los diablos, que pod\u00eda aun ser un pr\u00edncipe de los diablos.<\/span><\/span><\/p>\n<p lang=\"es-ES\" align=\"LEFT\"><span style=\"font-family: Georgia, serif;\"><span style=\"font-size: 21px;\">154:4.5<\/span><\/span><\/p>\n<p lang=\"es-ES\" align=\"LEFT\"><span style=\"font-family: Georgia, serif;\"><span style=\"font-size: 21px;\">4. Que estaba fuera de s\u00ed, que estaba loco, mentalmente desequilibrado.<\/span><\/span><\/p>\n<p lang=\"es-ES\" align=\"LEFT\"><span style=\"font-family: Georgia, serif;\"><span style=\"font-size: 21px;\">154:4.6<\/span><\/span><\/p>\n<p lang=\"es-ES\" align=\"LEFT\"><span style=\"font-family: Georgia, serif;\"><span style=\"font-size: 21px;\">Mucho se habl\u00f3 sobre el que Jes\u00fas predicaba doctrinas con efecto perturbador sobre la gente com\u00fan; sus enemigos sosten\u00edan que sus ense\u00f1anzas no eran pr\u00e1cticas, que se correr\u00eda el peligro de una desintegraci\u00f3n total si todo el mundo decidiera esforzarse honestamente por vivir de acuerdo con sus ideas. Y los hombres de muchas generaciones subsiguientes han dicho las mismas cosas. Muchos hombres inteligentes y con buenas intenciones, aun en las edades m\u00e1s esclarecidas de estas revelaciones, sostienen que no se podr\u00eda haber construido la civilizaci\u00f3n moderna sobre las ense\u00f1anzas de Jes\u00fas; y en parte tienen raz\u00f3n. Pero todos estos descre\u00eddos olvidan que se podr\u00eda haber construido una civilizaci\u00f3n mucho mejor sobre sus ense\u00f1anzas, y que alguna vez as\u00ed se har\u00e1. Este mundo no ha intentado nunca llevar a cabo seriamente y en gran escala las ense\u00f1anzas de Jes\u00fas, a pesar de los muchos intentos semientusiastas por seguir las doctrinas del as\u00ed llamado cristianismo.<\/span><\/span><\/p>\n<\/div>\n","protected":false},"excerpt":{"rendered":"<p>Giliana Kudsha Buscad lo Bueno en Todos Tratad de buscar lo bueno en todas las personas. No asum\u00e1is nada sobre los dem\u00e1s. Orad por los que os odian y los que os persiguen. Ense\u00f1anzas de la Luz Cap\u00edtulo 7: La Mala Asociaci\u00f3n 1 Acercaos a los que son de la misma fe \u2013 porque son &#8230;<\/p>\n","protected":false},"author":3,"featured_media":0,"comment_status":"closed","ping_status":"closed","sticky":false,"template":"","format":"standard","meta":{"footnotes":""},"categories":[9],"tags":[11,29,22,13,14,15,16,17,19,18,21,12,24,23,10,30,27,28,20,31,26,25],"class_list":{"0":"post-1484","1":"post","2":"type-post","3":"status-publish","4":"format-standard","6":"category-lecturas-del-leccionario","7":"tag-biblia-de-oahspe","8":"tag-calendario","9":"tag-eloi","10":"tag-era-kosmon","11":"tag-fideismo","12":"tag-fideistas","13":"tag-fielismo","14":"tag-fielistas","15":"tag-iglesia-fideista","16":"tag-iglesia-fielista","17":"tag-jehovi","18":"tag-la-biblia-oahspe","19":"tag-lecturas-del-leccionario","20":"tag-lecturas-diarias","21":"tag-oahspe","22":"tag-observancias","23":"tag-pacto-unido","24":"tag-pacto-unido-de-la-luz","25":"tag-religion-de-la-luz","26":"tag-shabbat","27":"tag-yeshua","28":"tag-yoshu","29":"anons"},"_links":{"self":[{"href":"https:\/\/covenantarian.org\/u\/wp-json\/wp\/v2\/posts\/1484","targetHints":{"allow":["GET"]}}],"collection":[{"href":"https:\/\/covenantarian.org\/u\/wp-json\/wp\/v2\/posts"}],"about":[{"href":"https:\/\/covenantarian.org\/u\/wp-json\/wp\/v2\/types\/post"}],"author":[{"embeddable":true,"href":"https:\/\/covenantarian.org\/u\/wp-json\/wp\/v2\/users\/3"}],"replies":[{"embeddable":true,"href":"https:\/\/covenantarian.org\/u\/wp-json\/wp\/v2\/comments?post=1484"}],"version-history":[{"count":2,"href":"https:\/\/covenantarian.org\/u\/wp-json\/wp\/v2\/posts\/1484\/revisions"}],"predecessor-version":[{"id":1486,"href":"https:\/\/covenantarian.org\/u\/wp-json\/wp\/v2\/posts\/1484\/revisions\/1486"}],"wp:attachment":[{"href":"https:\/\/covenantarian.org\/u\/wp-json\/wp\/v2\/media?parent=1484"}],"wp:term":[{"taxonomy":"category","embeddable":true,"href":"https:\/\/covenantarian.org\/u\/wp-json\/wp\/v2\/categories?post=1484"},{"taxonomy":"post_tag","embeddable":true,"href":"https:\/\/covenantarian.org\/u\/wp-json\/wp\/v2\/tags?post=1484"}],"curies":[{"name":"wp","href":"https:\/\/api.w.org\/{rel}","templated":true}]}}