{"id":1509,"date":"2025-09-03T18:53:04","date_gmt":"2025-09-03T18:53:04","guid":{"rendered":"https:\/\/covenantarian.org\/u\/?p=1509"},"modified":"2025-09-03T18:53:04","modified_gmt":"2025-09-03T18:53:04","slug":"lecturas-del-convenio-unido-para-el-jueves-4-de-septiembre-2025","status":"publish","type":"post","link":"https:\/\/covenantarian.org\/u\/lecturas-del-leccionario\/lecturas-del-convenio-unido-para-el-jueves-4-de-septiembre-2025\/","title":{"rendered":"Lecturas del Convenio Unido para el Jueves, 4 de Septiembre, 2025"},"content":{"rendered":"<div class=\"entry\">\n<p><span style=\"font-size: 21px; font-family: georgia, palatino; color: #000000;\"><strong>Giliana Kudsha <\/strong><\/span><\/p>\n<p><span style=\"font-family: georgia, palatino; font-size: 21px; color: #000000;\"><b>Las Palabras que Hablo<\/b><\/span><\/p>\n<p><span style=\"font-family: georgia, palatino; font-size: 21px; color: #000000;\">Si le\u00e9is, estudi\u00e1is, contempl\u00e1is o escuch\u00e1is Mis palabras con devoci\u00f3n y a diario, vuestros pecados ser\u00e1n eliminados. Las palabras que hablo son del Padre que me las da a M\u00ed para beneficio de Su Remanente.<\/span><\/p>\n<p align=\"JUSTIFY\"><span style=\"font-family: georgia, palatino; font-size: 21px; color: #000000;\">Cuando le\u00e1is o escuch\u00e9is Mis palabras junto con las experiencias de devotos con una actitud seria, Yo estar\u00e9 con vosotros.<\/span><\/p>\n<p lang=\"es-ES\" align=\"LEFT\"><span style=\"font-family: Georgia, serif;\"><span style=\"font-size: 21px;\"><b>Ense\u00f1anzas de la Luz Cap\u00edtulo 13<\/b><\/span><\/span><\/p>\n<p lang=\"es-ES\" align=\"LEFT\"><span style=\"font-family: Georgia, serif;\"><span style=\"font-size: 21px;\"><i>Valent\u00eda<\/i><\/span><\/span><\/p>\n<p lang=\"es-ES\" align=\"LEFT\"><span style=\"font-family: Georgia, serif;\"><span style=\"font-size: 21px;\"><sup>1<\/sup> El que no permite que el miedo aprisione sus facultades mentales demuestra una gran sabidur\u00eda ante la muerte.<\/span><\/span><\/p>\n<p lang=\"es-ES\" align=\"LEFT\"><span style=\"font-family: Georgia, serif;\"><span style=\"font-size: 21px;\"><sup>2<\/sup> Caminad por el mundo como un soldado de la Verdad, sed valientes como un le\u00f3n, pero pac\u00edficos como una paloma.<\/span><\/span><\/p>\n<p lang=\"es-ES\" align=\"LEFT\"><span style=\"font-family: Georgia, serif;\"><span style=\"font-size: 21px;\"><sup>3<\/sup> Vuestros hermanos y hermanas en la Fe son todos soldados en el Ej\u00e9rcito de la Luz.<\/span><\/span><\/p>\n<p lang=\"es-ES\" align=\"LEFT\"><span style=\"font-family: Georgia, serif;\"><span style=\"font-size: 21px;\"><sup>4 <\/sup>Sed valientes, pero tambi\u00e9n humildes y seguid teniendo compasi\u00f3n por aquellos en el mundo que no tienen ninguna comprensi\u00f3n de la Verdad.<\/span><\/span><\/p>\n<\/div>\n","protected":false},"excerpt":{"rendered":"<p>Giliana Kudsha Las Palabras que Hablo Si le\u00e9is, estudi\u00e1is, contempl\u00e1is o escuch\u00e1is Mis palabras con devoci\u00f3n y a diario, vuestros pecados ser\u00e1n eliminados. Las palabras que hablo son del Padre que me las da a M\u00ed para beneficio de Su Remanente. Cuando le\u00e1is o escuch\u00e9is Mis palabras junto con las experiencias de devotos con una &#8230;<\/p>\n","protected":false},"author":3,"featured_media":0,"comment_status":"closed","ping_status":"closed","sticky":false,"template":"","format":"standard","meta":{"footnotes":""},"categories":[9],"tags":[11,29,22,13,14,15,16,17,19,18,21,12,24,23,10,30,27,28,20,31,26,25],"class_list":{"0":"post-1509","1":"post","2":"type-post","3":"status-publish","4":"format-standard","6":"category-lecturas-del-leccionario","7":"tag-biblia-de-oahspe","8":"tag-calendario","9":"tag-eloi","10":"tag-era-kosmon","11":"tag-fideismo","12":"tag-fideistas","13":"tag-fielismo","14":"tag-fielistas","15":"tag-iglesia-fideista","16":"tag-iglesia-fielista","17":"tag-jehovi","18":"tag-la-biblia-oahspe","19":"tag-lecturas-del-leccionario","20":"tag-lecturas-diarias","21":"tag-oahspe","22":"tag-observancias","23":"tag-pacto-unido","24":"tag-pacto-unido-de-la-luz","25":"tag-religion-de-la-luz","26":"tag-shabbat","27":"tag-yeshua","28":"tag-yoshu","29":"anons"},"_links":{"self":[{"href":"https:\/\/covenantarian.org\/u\/wp-json\/wp\/v2\/posts\/1509","targetHints":{"allow":["GET"]}}],"collection":[{"href":"https:\/\/covenantarian.org\/u\/wp-json\/wp\/v2\/posts"}],"about":[{"href":"https:\/\/covenantarian.org\/u\/wp-json\/wp\/v2\/types\/post"}],"author":[{"embeddable":true,"href":"https:\/\/covenantarian.org\/u\/wp-json\/wp\/v2\/users\/3"}],"replies":[{"embeddable":true,"href":"https:\/\/covenantarian.org\/u\/wp-json\/wp\/v2\/comments?post=1509"}],"version-history":[{"count":1,"href":"https:\/\/covenantarian.org\/u\/wp-json\/wp\/v2\/posts\/1509\/revisions"}],"predecessor-version":[{"id":1510,"href":"https:\/\/covenantarian.org\/u\/wp-json\/wp\/v2\/posts\/1509\/revisions\/1510"}],"wp:attachment":[{"href":"https:\/\/covenantarian.org\/u\/wp-json\/wp\/v2\/media?parent=1509"}],"wp:term":[{"taxonomy":"category","embeddable":true,"href":"https:\/\/covenantarian.org\/u\/wp-json\/wp\/v2\/categories?post=1509"},{"taxonomy":"post_tag","embeddable":true,"href":"https:\/\/covenantarian.org\/u\/wp-json\/wp\/v2\/tags?post=1509"}],"curies":[{"name":"wp","href":"https:\/\/api.w.org\/{rel}","templated":true}]}}