{"id":1527,"date":"2025-09-12T09:18:38","date_gmt":"2025-09-12T09:18:38","guid":{"rendered":"https:\/\/covenantarian.org\/u\/?p=1527"},"modified":"2025-09-12T09:18:38","modified_gmt":"2025-09-12T09:18:38","slug":"lecturas-del-convenio-unido-para-el-viernes-12-de-septiembre-2025","status":"publish","type":"post","link":"https:\/\/covenantarian.org\/u\/lecturas-del-leccionario\/lecturas-del-convenio-unido-para-el-viernes-12-de-septiembre-2025\/","title":{"rendered":"Lecturas del Convenio Unido para el Viernes, 12 de Septiembre, 2025"},"content":{"rendered":"<div class=\"entry\">\n<p><span style=\"font-size: 21px; font-family: georgia, palatino; color: #000000;\"><strong>Giliana Kudsha<\/strong><\/span><\/p>\n<p><span style=\"font-family: georgia, palatino; font-size: 21px; color: #000000;\"><b>Los Mandamientos no son Demasiado Dif\u00edciles<\/b><\/span><\/p>\n<p><span style=\"font-family: georgia, palatino; font-size: 21px; color: #000000;\">Los mandamientos del Padre no son demasiado dif\u00edciles de observar, pero para algunos del Remanente, no son capaces de cumplirlos a la perfecci\u00f3n. El Padre es consciente de los que se esfuerzan por la perfecci\u00f3n y de los que practican la farsa religiosa. No os encontr\u00e9is entre estos \u00faltimos.<\/span><\/p>\n<p><span style=\"font-family: georgia, palatino; font-size: 21px; color: #000000;\">Las leyes universales se han dado como un est\u00e1ndar para la evaluaci\u00f3n de la humanidad, pero los mandamientos se han dado como un est\u00e1ndar para la evaluaci\u00f3n del Remanente.<\/span><\/p>\n<p><span style=\"font-family: georgia, palatino; font-size: 21px; color: #000000;\">Mis amados hermanos y hermanas, no llor\u00e9is porque no pod\u00e9is cumplir todos los mandamientos del Padre. Mi Padre que est\u00e1 en los cielos conoce vuestro coraz\u00f3n y sabe cu\u00e1les son vuestras capacidades. Haced todo lo posible por cumplir todo lo que pod\u00e1is, y \u00c9l os evaluar\u00e1 seg\u00fan Su conocimiento, y no seg\u00fan vuestra debilidad.<\/span><\/p>\n<p align=\"JUSTIFY\"><span style=\"font-family: georgia, palatino; font-size: 21px; color: #000000;\">Estad en paz y sabed que el Padre ama a cada uno de vosotros. \u00c9l os conoce individualmente y el juicio se hace conforme a Su propia sabidur\u00eda.<\/span><\/p>\n<p lang=\"es-ES\" align=\"LEFT\"><span style=\"font-family: Georgia, serif;\"><span style=\"font-size: 21px;\"><b>Ense\u00f1anzas de la Luz Cap\u00edtulo 21:<\/b><\/span><\/span><\/p>\n<p lang=\"es-ES\" align=\"LEFT\"><span style=\"font-family: Georgia, serif;\"><span style=\"font-size: 21px;\"><i>El Ego<\/i><\/span><\/span><\/p>\n<p lang=\"es-ES\" align=\"LEFT\"><span style=\"font-family: Georgia, serif;\"><span style=\"font-size: 21px;\"><sup>1<\/sup> Si am\u00e1is a vuestro ego m\u00e1s que a otras personas, acabar\u00e9is estando muy solos.<\/span><\/span><\/p>\n<p lang=\"es-ES\" align=\"LEFT\"><span style=\"font-family: Georgia, serif;\"><span style=\"font-size: 21px;\"><sup>2<\/sup> Poner el ego por encima de todo causa ceguera a la conciencia que el alma tiene de la Presencia de Dios.<\/span><\/span><\/p>\n<p lang=\"es-ES\" align=\"LEFT\"><span style=\"font-family: Georgia, serif;\"><span style=\"font-size: 21px;\"><sup>3<\/sup> Dejad de lado al ego y poneos, m\u00e1s bien, la conciencia de la Presencia de Dios y haced Su Voluntad humill\u00e1ndoos y aprendiendo de las ense\u00f1anzas de la Verdad y la Luz.<\/span><\/span><\/p>\n<p lang=\"es-ES\" align=\"LEFT\">\n<p lang=\"es-ES\" align=\"LEFT\"><span style=\"font-family: Georgia, serif;\"><span style=\"font-size: 21px;\"><strong>El Libro de la Verdad, Los Di\u00e1logos de Andr\u00e9s \u2013 157:7:<\/strong><\/span><\/span><\/p>\n<p lang=\"es-ES\" align=\"LEFT\"><strong><span style=\"font-family: Georgia, serif;\"><span style=\"font-size: 21px;\">7. Los Di\u00e1logos de Andr\u00e9s<\/span><\/span><\/strong><\/p>\n<p lang=\"es-ES\" align=\"LEFT\"><span style=\"font-family: Georgia, serif;\"><span style=\"font-size: 21px;\">157:7.1<\/span><\/span><\/p>\n<p lang=\"es-ES\" align=\"LEFT\"><span style=\"font-family: Georgia, serif;\"><span style=\"font-size: 21px;\">Esa noche Andr\u00e9s decidi\u00f3 celebrar di\u00e1logos personales indagatorios con cada uno de sus hermanos, y tuvo conversaciones provechosas y consoladoras con todos sus asociados, excepto con Judas Iscariote. Andr\u00e9s no hab\u00eda tenido nunca con Judas la asociaci\u00f3n personal e \u00edntima que compart\u00eda con los dem\u00e1s ap\u00f3stoles; por consiguiente, no le hab\u00eda dado importancia al hecho de que Judas no abr\u00eda nunca su coraz\u00f3n libre y confidencialmente al jefe del cuerpo apost\u00f3lico. Pero en esta ocasi\u00f3n estaba Andr\u00e9s tan preocupado por la actitud de Judas que, m\u00e1s tarde esa noche, cuando todos los ap\u00f3stoles estuvieron profundamente dormidos, busc\u00f3 a Jes\u00fas y le plante\u00f3 la causa de su ansiedad. Dijo Jes\u00fas: \u00abNo es err\u00f3neo, Andr\u00e9s, que t\u00fa vengas a m\u00ed con este asunto; pero ya no podemos hacer nada m\u00e1s. Tan s\u00f3lo sigue brind\u00e1ndole la m\u00e1xima confianza a este ap\u00f3stol. Y nada digas a tus hermanos sobre esta conversaci\u00f3n conmigo\u00bb.<\/span><\/span><\/p>\n<p lang=\"es-ES\" align=\"LEFT\"><span style=\"font-family: Georgia, serif;\"><span style=\"font-size: 21px;\">157:7.2<\/span><\/span><\/p>\n<p lang=\"es-ES\" align=\"LEFT\"><span style=\"font-family: Georgia, serif;\"><span style=\"font-size: 21px;\">Esto fue todo lo que pudo sacarle Andr\u00e9s a Jes\u00fas. Siempre hab\u00eda habido una sensaci\u00f3n extra\u00f1a entre este jud\u00edo y sus hermanos galileos. Judas mucho sufri\u00f3 por la muerte de Juan el Bautista, se sinti\u00f3 gravemente herido por los reproches del Maestro en varias ocasiones, sufri\u00f3 gran desencanto cuando Jes\u00fas se neg\u00f3 a ser rey, se sinti\u00f3 humillado cuando Jes\u00fas huy\u00f3 de los fariseos, dolorido porque se neg\u00f3 a aceptar el desaf\u00edo de los fariseos que le ped\u00edan un signo, confundido porque su Maestro no quer\u00eda manifestar su poder, y m\u00e1s recientemente, deprimido y a veces desalentado porque las arcas estaban vac\u00edas. Adem\u00e1s, Judas extra\u00f1aba el est\u00edmulo de las multitudes.<\/span><\/span><\/p>\n<p lang=\"es-ES\" align=\"LEFT\"><span style=\"font-family: Georgia, serif;\"><span style=\"font-size: 21px;\">157:7.3<\/span><\/span><\/p>\n<p lang=\"es-ES\" align=\"LEFT\"><span style=\"font-family: Georgia, serif;\"><span style=\"font-size: 21px;\">Los dem\u00e1s ap\u00f3stoles tambi\u00e9n estaban afectados en mayor o menor grado por estas mismas pruebas y tribulaciones, pero amaban a Jes\u00fas. Por lo menos, deben haber amado al Maestro m\u00e1s de lo que lo amaba Judas, porque le siguieron hasta el amargo fin.<\/span><\/span><\/p>\n<p lang=\"es-ES\" align=\"LEFT\"><span style=\"font-family: Georgia, serif;\"><span style=\"font-size: 21px;\">157:7.4<\/span><\/span><\/p>\n<p lang=\"es-ES\" align=\"LEFT\"><span style=\"font-family: Georgia, serif;\"><span style=\"font-size: 21px;\">Siendo de Judea, Judas tom\u00f3 como ofensa personal la reciente advertencia de Jes\u00fas a los ap\u00f3stoles, \u00abguardaos del fermento de los fariseos\u00bb; se inclinaba a considerar esta declaraci\u00f3n como una referencia velada a \u00e9l mismo. Pero el gran error de Judas fue: una y otra vez, cuando Jes\u00fas enviaba a sus ap\u00f3stoles a que oraran a solas, Judas, en vez de buscar una comuni\u00f3n sincera con las fuerzas espirituales del universo, se dejaba llevar por pensamientos basados en el temor humano y persist\u00eda en albergar dudas insidiosas sobre la misi\u00f3n de Jes\u00fas, dej\u00e1ndose llevar por su tendencia desafortunada a cobijar sentimientos de venganza.<\/span><\/span><\/p>\n<p lang=\"es-ES\" align=\"LEFT\"><span style=\"font-family: Georgia, serif;\"><span style=\"font-size: 21px;\">157:7.5<\/span><\/span><\/p>\n<p lang=\"es-ES\" align=\"LEFT\"><span style=\"font-family: Georgia, serif;\"><span style=\"font-size: 21px;\">Ahora pues, Jes\u00fas quer\u00eda llevar a sus ap\u00f3stoles consigo al Monte Herm\u00f3n, donde hab\u00eda decidido inaugurar la cuarta fase de su ministerio terrenal como Hijo de Dios. Algunos de ellos hab\u00edan estado presentes en su bautismo en el Jord\u00e1n y hab\u00edan presenciado el comienzo de su carrera como Hijo del Hombre, y \u00e9l deseaba que algunos de ellos tambi\u00e9n estuvieran presentes para escuchar su autoridad para la asunci\u00f3n del nuevo y p\u00fablico papel de Hijo de Dios. Por consiguiente, en la ma\u00f1ana del viernes 12 de agosto, Jes\u00fas dijo a los doce: \u00abPreparad provisiones y preparaos para viajar allende la monta\u00f1a, donde el esp\u00edritu me pide que vaya para ser provisto para terminar mi obra en la tierra. Y deseo llevar conmigo a mis hermanos para que tambi\u00e9n puedan ser fortalecidos para los tiempos dif\u00edciles de esta experiencia que se aproxima\u00bb.<\/span><\/span><\/p>\n<\/div>\n","protected":false},"excerpt":{"rendered":"<p>Giliana Kudsha Los Mandamientos no son Demasiado Dif\u00edciles Los mandamientos del Padre no son demasiado dif\u00edciles de observar, pero para algunos del Remanente, no son capaces de cumplirlos a la perfecci\u00f3n. El Padre es consciente de los que se esfuerzan por la perfecci\u00f3n y de los que practican la farsa religiosa. No os encontr\u00e9is entre &#8230;<\/p>\n","protected":false},"author":3,"featured_media":0,"comment_status":"closed","ping_status":"closed","sticky":false,"template":"","format":"standard","meta":{"footnotes":""},"categories":[9],"tags":[11,29,22,13,14,15,16,17,19,18,21,12,24,23,10,30,27,28,20,31,26,25],"class_list":{"0":"post-1527","1":"post","2":"type-post","3":"status-publish","4":"format-standard","6":"category-lecturas-del-leccionario","7":"tag-biblia-de-oahspe","8":"tag-calendario","9":"tag-eloi","10":"tag-era-kosmon","11":"tag-fideismo","12":"tag-fideistas","13":"tag-fielismo","14":"tag-fielistas","15":"tag-iglesia-fideista","16":"tag-iglesia-fielista","17":"tag-jehovi","18":"tag-la-biblia-oahspe","19":"tag-lecturas-del-leccionario","20":"tag-lecturas-diarias","21":"tag-oahspe","22":"tag-observancias","23":"tag-pacto-unido","24":"tag-pacto-unido-de-la-luz","25":"tag-religion-de-la-luz","26":"tag-shabbat","27":"tag-yeshua","28":"tag-yoshu","29":"anons"},"_links":{"self":[{"href":"https:\/\/covenantarian.org\/u\/wp-json\/wp\/v2\/posts\/1527","targetHints":{"allow":["GET"]}}],"collection":[{"href":"https:\/\/covenantarian.org\/u\/wp-json\/wp\/v2\/posts"}],"about":[{"href":"https:\/\/covenantarian.org\/u\/wp-json\/wp\/v2\/types\/post"}],"author":[{"embeddable":true,"href":"https:\/\/covenantarian.org\/u\/wp-json\/wp\/v2\/users\/3"}],"replies":[{"embeddable":true,"href":"https:\/\/covenantarian.org\/u\/wp-json\/wp\/v2\/comments?post=1527"}],"version-history":[{"count":1,"href":"https:\/\/covenantarian.org\/u\/wp-json\/wp\/v2\/posts\/1527\/revisions"}],"predecessor-version":[{"id":1528,"href":"https:\/\/covenantarian.org\/u\/wp-json\/wp\/v2\/posts\/1527\/revisions\/1528"}],"wp:attachment":[{"href":"https:\/\/covenantarian.org\/u\/wp-json\/wp\/v2\/media?parent=1527"}],"wp:term":[{"taxonomy":"category","embeddable":true,"href":"https:\/\/covenantarian.org\/u\/wp-json\/wp\/v2\/categories?post=1527"},{"taxonomy":"post_tag","embeddable":true,"href":"https:\/\/covenantarian.org\/u\/wp-json\/wp\/v2\/tags?post=1527"}],"curies":[{"name":"wp","href":"https:\/\/api.w.org\/{rel}","templated":true}]}}