{"id":1531,"date":"2025-09-14T09:44:25","date_gmt":"2025-09-14T09:44:25","guid":{"rendered":"https:\/\/covenantarian.org\/u\/?p=1531"},"modified":"2025-09-14T09:44:25","modified_gmt":"2025-09-14T09:44:25","slug":"lecturas-del-convenio-unido-para-el-domingo-14-de-septiembre-2025","status":"publish","type":"post","link":"https:\/\/covenantarian.org\/u\/lecturas-del-leccionario\/lecturas-del-convenio-unido-para-el-domingo-14-de-septiembre-2025\/","title":{"rendered":"Lecturas del Convenio Unido para el Domingo, 14 de Septiembre, 2025"},"content":{"rendered":"<div class=\"entry\">\n<p><span style=\"font-size: 21px; font-family: georgia, palatino; color: #000000;\"><strong>Giliana Kudsha<\/strong><\/span><\/p>\n<p><span style=\"font-family: georgia, palatino; font-size: 21px; color: #000000;\"><b>Una Advertencia sobre la Variante Delta <\/b><\/span><\/p>\n<p><span style=\"font-family: georgia, palatino; font-size: 21px; color: #000000;\">Mis queridos hermanos y hermanas, fieles ovejas de la casa de mi Padre. La paz sea con vosotros.<\/span><\/p>\n<p><span style=\"font-family: georgia, palatino; font-size: 21px; color: #000000;\">Con la variante actual de COVID que se llama Delta, es probable que cause la muerte de m\u00e1s j\u00f3venes y ancianos. Es importante que aquellos de vosotros con ni\u00f1os y ni\u00f1as teng\u00e1is m\u00e1s precauci\u00f3n de lo habitual. Los que son ancianos o con enfermedades cr\u00f3nicas y sistemas inmunes debilitados tambi\u00e9n deben tomar muchas precauciones con respecto a su seguridad. Esta variante puede ser la m\u00e1s contagiosa y mortal hasta la fecha. Me entristece decir que un n\u00famero sin precedentes de ni\u00f1os, ni\u00f1as y otros morir\u00e1n en esta temporada de la nueva variante. Os ruego a cada uno de vosotros que no pens\u00e9is que el Creador es la causa. \u00c9l no es la causa de esta enfermedad. La malvada ha desatado, mediante las manos de sus propios siervos humanos, esta enfermedad, y la malvada tiene planes para que se desarrollen enfermedades adicionales.<\/span><\/p>\n<p><span style=\"font-family: georgia, palatino; font-size: 21px; color: #000000;\">Los cient\u00edficos y los funcionarios de la salud del mundo han confirmado que las vacunas anteriores no tienen ning\u00fan efecto sobre la variante Delta. En otras palabras, si recibisteis una vacuna para ayudar a prevenir el COVID, se cree que es in\u00fatil contra la variante Delta. Si se hace una vacuna, es una elecci\u00f3n personal aceptarla o no. Sin embargo, si una vacuna contiene ingredientes de fetos abortados, ser\u00eda una violaci\u00f3n de las Escrituras de todas las Comunidades Espirituales dentro de la Religi\u00f3n de la Luz recibir tal vacuna.<\/span><\/p>\n<p><span style=\"font-family: georgia, palatino; font-size: 21px; color: #000000;\">No solo deb\u00e9is orar por la seguridad y protecci\u00f3n de vosotros mismos y de vuestras familias y amigos, sino tambi\u00e9n por toda la asamblea del pueblo de mi Padre \u2013 vuestros hermanos y hermanas espirituales en la fe.<\/span><\/p>\n<p><span style=\"font-family: georgia, palatino; font-size: 21px; color: #000000;\">Si sois fieles en vuestra andadura por el camino santo del Padre, y perd\u00e9is vuestra vida por cualquier motivo, vuestra alma ser\u00e1 protegida y ser\u00e1 llevada a Su reba\u00f1o espiritual y ser\u00e1 dada curaci\u00f3n y descanso en el para\u00edso. Esto lo prometo, porque no es de mi boca, sino de la mism\u00edsima palabra de mi Padre que est\u00e1 en los cielos.<\/span><\/p>\n<p align=\"JUSTIFY\"><span style=\"font-family: georgia, palatino; font-size: 21px; color: #000000;\">Estoy siempre con vosotros.<\/span><\/p>\n<p lang=\"es-ES\" align=\"LEFT\"><span style=\"font-family: Georgia, serif;\"><span style=\"font-size: 21px;\"><b>Ense\u00f1anzas de la Luz Cap\u00edtulo 23:<\/b><\/span><\/span><\/p>\n<p lang=\"es-ES\" align=\"LEFT\"><span style=\"font-family: Georgia, serif;\"><span style=\"font-size: 21px;\"><i>Animar a Otros<\/i><\/span><\/span><\/p>\n<p lang=\"es-ES\" align=\"LEFT\"><span style=\"font-family: Georgia, serif;\"><span style=\"font-size: 21px;\"><sup>1<\/sup> Nunca permit\u00e1is que se os pase una oportunidad sin animar a alguien.<\/span><\/span><\/p>\n<p lang=\"es-ES\" align=\"LEFT\"><span style=\"font-family: Georgia, serif;\"><span style=\"font-size: 21px;\"><sup>2<\/sup> Animad y haced feliz a alguien cada d\u00eda.<\/span><\/span><\/p>\n<p lang=\"es-ES\" align=\"LEFT\"><span style=\"font-family: Georgia, serif;\"><span style=\"font-size: 21px;\"><sup>3<\/sup> Si cre\u00e9is que vuestro mundo no es m\u00e1s que un desierto \u00e1rido, plantad algunas flores; si vuestro camino en la fe es solitario, plantad semillas de fe en los dem\u00e1s.<\/span><\/span><\/p>\n<p lang=\"es-ES\" align=\"LEFT\"><span style=\"font-family: Georgia, serif;\"><span style=\"font-size: 21px;\"><sup>4<\/sup> Sed una luz de \u00e1nimo y un escudo de protecci\u00f3n para los humildes.<\/span><\/span><\/p>\n<p>&nbsp;<\/p>\n<p lang=\"es-ES\" align=\"LEFT\"><span style=\"font-family: Georgia, serif;\"><span style=\"font-size: 21px;\"><strong>Didach\u00e9 Cap\u00edtulo 3:<\/strong><\/span><\/span><\/p>\n<p lang=\"es-ES\"><span style=\"font-family: Georgia, serif;\"><span style=\"font-size: 21px;\"><b>Otros Pecados Prohibidos<\/b><\/span><\/span><\/p>\n<p lang=\"es-ES\"><span style=\"font-family: Georgia, serif;\"><span style=\"font-size: 21px;\"><sup>1<\/sup> Hijo m\u00edo, huya de todo lo malvado y de todo lo que se asemeja al mal.<\/span><\/span><\/p>\n<p lang=\"es-ES\"><span style=\"font-family: Georgia, serif;\"><span style=\"font-size: 21px;\"><sup>2<\/sup> No viva una vida llena de ira, porque la ira conduce al asesinato.<\/span><\/span><\/p>\n<p lang=\"es-ES\"><span style=\"font-family: Georgia, serif;\"><span style=\"font-size: 21px;\"><sup>3 <\/sup>Ni tampoco ser\u00e1 celoso, ni combativo, ni iracundo, porque de todas estas cosas nacen los asesinatos y no son apropiadas en un seguidor del Mes\u00edas.<\/span><\/span><\/p>\n<p lang=\"es-ES\"><span style=\"font-family: Georgia, serif;\"><span style=\"font-size: 21px;\"><sup>4<\/sup> Hijo m\u00edo, no se llene de lujuria, porque la lujuria lleva a la fornicaci\u00f3n.<\/span><\/span><\/p>\n<p lang=\"es-ES\"><span style=\"font-family: Georgia, serif;\"><span style=\"font-size: 21px;\"><sup>5 <\/sup>Ni tampoco hablar\u00e1 de manera grosera ni tendr\u00e1 la mirada altiva porque todas estas cosas llevan a la infidelidad y no son apropiadas en un seguidor del Mes\u00edas.<\/span><\/span><\/p>\n<p lang=\"es-ES\"><span style=\"font-family: Georgia, serif;\"><span style=\"font-size: 21px;\"><sup>6<\/sup> Hijo m\u00edo, no sea uno que trata con la brujer\u00eda porque estas pr\u00e1cticas conducen a la idolatr\u00eda. <\/span><\/span><\/p>\n<p lang=\"es-ES\"><span style=\"font-family: Georgia, serif;\"><span style=\"font-size: 21px;\"><sup>7 <\/sup>Tampoco ser\u00e1 un hechicero, ni un astr\u00f3logo, ni ser\u00e1 un mago, y ni siquiera buscar\u00e1 a los que practican estas cosas ni permanecer\u00e1 en su compa\u00f1\u00eda, pues todas estas cosas conducen a la idolatr\u00eda y no son apropiadas en un seguidor del Mes\u00edas.<\/span><\/span><\/p>\n<p lang=\"es-ES\"><span style=\"font-family: Georgia, serif;\"><span style=\"font-size: 21px;\"><sup>8<\/sup> Hijo m\u00edo, no diga mentiras, ya que mentir lleva al robo.<\/span><\/span><\/p>\n<p lang=\"es-ES\"><span style=\"font-family: Georgia, serif;\"><span style=\"font-size: 21px;\"><sup>9 <\/sup>Ni tampoco ser\u00e1 avaricioso por el dinero ni presuntuoso, porque todas estas cosas llevan al robo y no son apropiadas en un seguidor del Mes\u00edas.<\/span><\/span><\/p>\n<p lang=\"es-ES\"><span style=\"font-family: Georgia, serif;\"><span style=\"font-size: large;\"><sup>10<\/sup> Hijo m\u00edo, no ande murmurando, ya que esto lleva a la blasfemia.<\/span><\/span><\/p>\n<p lang=\"es-ES\"><span style=\"font-family: Georgia, serif;\"><span style=\"font-size: 21px;\"><sup>11 <\/sup>Ni tampoco ser\u00e1 obstinado, y ni tendr\u00e1 pensamientos malvados, porque todas estas cosas hacen que se desarrolle la blasfemia.<\/span><\/span><\/p>\n<p lang=\"es-ES\"><span style=\"font-family: Georgia, serif;\"><span style=\"font-size: 21px;\"><sup>12<\/sup> Pero sea manso, porque son los mansos los que heredar\u00e1n la tierra.<\/span><\/span><\/p>\n<p lang=\"es-ES\"><span style=\"font-family: Georgia, serif;\"><span style=\"font-size: 21px;\"><sup>13<\/sup> Sea paciente cuando sufra injusticias y sea compasivo y sin enga\u00f1o y sea pac\u00edfico y amable con todos, siempre prestando mucha atenci\u00f3n a lo que ha escuchado.<\/span><\/span><\/p>\n<p lang=\"es-ES\"><span style=\"font-family: Georgia, serif;\"><span style=\"font-size: 21px;\"><sup>14<\/sup> No se ensalzar\u00e1 a s\u00ed mismo, ni se permitir\u00e1 a s\u00ed mismo ser audaz.<\/span><\/span><\/p>\n<p lang=\"es-ES\"><span style=\"font-family: Georgia, serif;\"><span style=\"font-size: 21px;\"><sup>15<\/sup> No caminar\u00e1 con los soberbios, sino que permanecer\u00e1 en la compa\u00f1\u00eda de los justos y humildes.<\/span><\/span><\/p>\n<p lang=\"es-ES\"><span style=\"font-family: Georgia, serif;\"><span style=\"font-size: 21px;\"><sup>16<\/sup> Cualquiera que sean las pruebas y tribulaciones que vengan sobre usted, las recibir\u00e1 para su propio bien, sabiendo que nada se lleva a cabo sin el conocimiento del Creador.<\/span><\/span><\/p>\n<p lang=\"es-ES\" align=\"LEFT\">\n<p lang=\"es-ES\" align=\"LEFT\"><span style=\"font-family: Georgia, serif;\"><span style=\"font-size: 21px;\"><strong>El Libro de la Verdad, M\u00e1s Sobre la Oraci\u00f3n \u2013 144:4.1-11:<\/strong><\/span><\/span><\/p>\n<p lang=\"es-ES\" align=\"LEFT\"><strong><span style=\"font-family: Georgia, serif;\"><span style=\"font-size: 21px;\">4. M\u00e1s Sobre la Oraci\u00f3n<\/span><\/span><\/strong><\/p>\n<p lang=\"es-ES\" align=\"LEFT\"><span style=\"font-family: Georgia, serif;\"><span style=\"font-size: 21px;\">144:4.1<\/span><\/span><\/p>\n<p lang=\"es-ES\" align=\"LEFT\"><span style=\"font-family: Georgia, serif;\"><span style=\"font-size: 21px;\">Durante varios d\u00edas despu\u00e9s del discurso sobre la oraci\u00f3n, los ap\u00f3stoles continuaron preguntando al Maestro sobre esta pr\u00e1ctica important\u00edsima y adoradora. Las ense\u00f1anzas de Jes\u00fas sobre la oraci\u00f3n y la adoraci\u00f3n impartidas a los ap\u00f3stoles durante estos d\u00edas pueden ser resumidas y expuestas en lenguaje moderno, como sigue:<\/span><\/span><\/p>\n<p lang=\"es-ES\" align=\"LEFT\"><span style=\"font-family: Georgia, serif;\"><span style=\"font-size: 21px;\">144:4.2<\/span><\/span><\/p>\n<p lang=\"es-ES\" align=\"LEFT\"><span style=\"font-family: Georgia, serif;\"><span style=\"font-size: 21px;\">La repetici\u00f3n sincera y honesta de una s\u00faplica, cuando esta oraci\u00f3n es la expresi\u00f3n sincera de un hijo de Dios y es pronunciada con fe, aunque desatinada o imposible de responder directamente, siempre servir\u00e1 para expandir la capacidad de recepci\u00f3n espiritual del alma.<\/span><\/span><\/p>\n<p lang=\"es-ES\" align=\"LEFT\"><span style=\"font-family: Georgia, serif;\"><span style=\"font-size: 21px;\">144:4.3<\/span><\/span><\/p>\n<p lang=\"es-ES\" align=\"LEFT\"><span style=\"font-family: Georgia, serif;\"><span style=\"font-size: 21px;\">En toda oraci\u00f3n, recordad que la filiaci\u00f3n es un\u00a0<em>don.<\/em>\u00a0Ning\u00fan ni\u00f1o tiene que hacer nada para\u00a0<em>ganar<\/em>\u00a0el estado de hijo o hija. El hijo terrestre adquiere el ser por voluntad de sus padres. De la misma manera llega el hijo de Dios a la gracia y a la nueva vida del esp\u00edritu por voluntad del Padre en el cielo. Por consiguiente, el reino del cielo\u2014la filiaci\u00f3n divina\u2013 debe ser\u00a0<em>recibida<\/em>\u00a0por el hijo como si fuese un ni\u00f1o peque\u00f1o. La rectitud\u2014el desarrollo progresivo del car\u00e1cter\u2013 se gana, pero la filiaci\u00f3n se recibe mediante la gracia y por la fe.<\/span><\/span><\/p>\n<p lang=\"es-ES\" align=\"LEFT\"><span style=\"font-family: Georgia, serif;\"><span style=\"font-size: 21px;\">144:4.4<\/span><\/span><\/p>\n<p lang=\"es-ES\" align=\"LEFT\"><span style=\"font-family: Georgia, serif;\"><span style=\"font-size: 21px;\">La oraci\u00f3n condujo a Jes\u00fas a la supercomuni\u00f3n de su alma con los Gobernantes Supremos del universo de los universos. La oraci\u00f3n conducir\u00e1 a los mortales de la tierra a la comuni\u00f3n de una verdadera adoraci\u00f3n. La capacidad espiritual del alma para recibir determina la cantidad de bendiciones celestiales que pueden conseguirse personalmente y que se pueden percibir conscientemente como respuesta a la oraci\u00f3n.<\/span><\/span><\/p>\n<p lang=\"es-ES\" align=\"LEFT\"><span style=\"font-family: Georgia, serif;\"><span style=\"font-size: 21px;\">144:4.5<\/span><\/span><\/p>\n<p lang=\"es-ES\" align=\"LEFT\"><span style=\"font-family: Georgia, serif;\"><span style=\"font-size: 21px;\">La oraci\u00f3n, y la adoraci\u00f3n con que \u00e9sta se vincula, es una t\u00e9cnica para apartarse de la rutina diaria de la vida, del agobio y monoton\u00eda de la existencia material. Es un camino para acercarse a la autorrealizaci\u00f3n y la individualidad espiritualizadas que constituyen un logro intelectual y religioso.<\/span><\/span><\/p>\n<p lang=\"es-ES\" align=\"LEFT\"><span style=\"font-family: Georgia, serif;\"><span style=\"font-size: 21px;\">144:4.6<\/span><\/span><\/p>\n<p lang=\"es-ES\" align=\"LEFT\"><span style=\"font-family: Georgia, serif;\"><span style=\"font-size: 21px;\">La oraci\u00f3n es el ant\u00eddoto contra la introspecci\u00f3n nociva; por lo menos, el rezo as\u00ed como el Maestro lo ense\u00f1\u00f3 es tal ministerio beneficioso para el alma. Jes\u00fas siempre us\u00f3 la influencia ben\u00e9fica de la oraci\u00f3n para sus semejantes. El Maestro generalmente rezaba en plural, no en singular. S\u00f3lo en las grandes crisis de su vida terrestre rez\u00f3 Jes\u00fas para s\u00ed mismo.<\/span><\/span><\/p>\n<p lang=\"es-ES\" align=\"LEFT\"><span style=\"font-family: Georgia, serif;\"><span style=\"font-size: 21px;\">144:4.7<\/span><\/span><\/p>\n<p lang=\"es-ES\" align=\"LEFT\"><span style=\"font-family: Georgia, serif;\"><span style=\"font-size: 21px;\">La oraci\u00f3n es el aliento de la vida del esp\u00edritu en medio de la civilizaci\u00f3n material de las razas humanas. La adoraci\u00f3n es la salvaci\u00f3n para las generaciones de mortales en busca de placer.<\/span><\/span><\/p>\n<p lang=\"es-ES\" align=\"LEFT\"><span style=\"font-family: Georgia, serif;\"><span style=\"font-size: 21px;\">144:4.8<\/span><\/span><\/p>\n<p lang=\"es-ES\" align=\"LEFT\"><span style=\"font-family: Georgia, serif;\"><span style=\"font-size: 21px;\">Orar es como recargar las bater\u00edas espirituales del alma, y adorar ser\u00eda como sintonizar el alma para captar las transmisiones universales del esp\u00edritu infinito del Padre Universal.<\/span><\/span><\/p>\n<p lang=\"es-ES\" align=\"LEFT\"><span style=\"font-family: Georgia, serif;\"><span style=\"font-size: 21px;\">144:4.9<\/span><\/span><\/p>\n<p lang=\"es-ES\" align=\"LEFT\"><span style=\"font-family: Georgia, serif;\"><span style=\"font-size: 21px;\">La oraci\u00f3n es la mirada sincera y anhelante del hijo dirigida a su Padre esp\u00edritu; es el proceso psicol\u00f3gico de intercambio de la voluntad humana por la voluntad divina. La oraci\u00f3n es una parte del plan divino para transformar lo que es en lo que deber\u00eda ser.<\/span><\/span><\/p>\n<p lang=\"es-ES\" align=\"LEFT\"><span style=\"font-family: Georgia, serif;\"><span style=\"font-size: 21px;\">144:4.10<\/span><\/span><\/p>\n<p lang=\"es-ES\" align=\"LEFT\"><span style=\"font-family: Georgia, serif;\"><span style=\"font-size: 21px;\">Una de las razones por las cuales Pedro, Santiago y Juan, quienes con frecuencia acompa\u00f1aron a Jes\u00fas en sus largas noches de vigilia, nunca le escucharon rezar, fue porque su Maestro no sol\u00eda pronunciar con palabras sus oraciones. Casi todo su orar, Jes\u00fas lo hizo en el esp\u00edritu y en el coraz\u00f3n\u2014en silencio.<\/span><\/span><\/p>\n<p lang=\"es-ES\" align=\"LEFT\"><span style=\"font-family: Georgia, serif;\"><span style=\"font-size: 21px;\">144:4.11<\/span><\/span><\/p>\n<p lang=\"es-ES\" align=\"LEFT\"><span style=\"font-family: Georgia, serif;\"><span style=\"font-size: 21px;\">De todos los ap\u00f3stoles, Pedro y Santiago estuvieron m\u00e1s cerca de comprender las ense\u00f1anzas del Maestro sobre la oraci\u00f3n y la adoraci\u00f3n.<\/span><\/span><\/p>\n<\/div>\n","protected":false},"excerpt":{"rendered":"<p>Giliana Kudsha Una Advertencia sobre la Variante Delta Mis queridos hermanos y hermanas, fieles ovejas de la casa de mi Padre. La paz sea con vosotros. Con la variante actual de COVID que se llama Delta, es probable que cause la muerte de m\u00e1s j\u00f3venes y ancianos. Es importante que aquellos de vosotros con ni\u00f1os &#8230;<\/p>\n","protected":false},"author":3,"featured_media":0,"comment_status":"closed","ping_status":"closed","sticky":false,"template":"","format":"standard","meta":{"footnotes":""},"categories":[9],"tags":[11,29,22,13,14,15,16,17,19,18,21,12,24,23,10,30,27,28,20,31,26,25],"class_list":{"0":"post-1531","1":"post","2":"type-post","3":"status-publish","4":"format-standard","6":"category-lecturas-del-leccionario","7":"tag-biblia-de-oahspe","8":"tag-calendario","9":"tag-eloi","10":"tag-era-kosmon","11":"tag-fideismo","12":"tag-fideistas","13":"tag-fielismo","14":"tag-fielistas","15":"tag-iglesia-fideista","16":"tag-iglesia-fielista","17":"tag-jehovi","18":"tag-la-biblia-oahspe","19":"tag-lecturas-del-leccionario","20":"tag-lecturas-diarias","21":"tag-oahspe","22":"tag-observancias","23":"tag-pacto-unido","24":"tag-pacto-unido-de-la-luz","25":"tag-religion-de-la-luz","26":"tag-shabbat","27":"tag-yeshua","28":"tag-yoshu","29":"anons"},"_links":{"self":[{"href":"https:\/\/covenantarian.org\/u\/wp-json\/wp\/v2\/posts\/1531","targetHints":{"allow":["GET"]}}],"collection":[{"href":"https:\/\/covenantarian.org\/u\/wp-json\/wp\/v2\/posts"}],"about":[{"href":"https:\/\/covenantarian.org\/u\/wp-json\/wp\/v2\/types\/post"}],"author":[{"embeddable":true,"href":"https:\/\/covenantarian.org\/u\/wp-json\/wp\/v2\/users\/3"}],"replies":[{"embeddable":true,"href":"https:\/\/covenantarian.org\/u\/wp-json\/wp\/v2\/comments?post=1531"}],"version-history":[{"count":1,"href":"https:\/\/covenantarian.org\/u\/wp-json\/wp\/v2\/posts\/1531\/revisions"}],"predecessor-version":[{"id":1532,"href":"https:\/\/covenantarian.org\/u\/wp-json\/wp\/v2\/posts\/1531\/revisions\/1532"}],"wp:attachment":[{"href":"https:\/\/covenantarian.org\/u\/wp-json\/wp\/v2\/media?parent=1531"}],"wp:term":[{"taxonomy":"category","embeddable":true,"href":"https:\/\/covenantarian.org\/u\/wp-json\/wp\/v2\/categories?post=1531"},{"taxonomy":"post_tag","embeddable":true,"href":"https:\/\/covenantarian.org\/u\/wp-json\/wp\/v2\/tags?post=1531"}],"curies":[{"name":"wp","href":"https:\/\/api.w.org\/{rel}","templated":true}]}}