{"id":1768,"date":"2025-10-30T10:00:35","date_gmt":"2025-10-30T10:00:35","guid":{"rendered":"https:\/\/covenantarian.org\/u\/?p=1768"},"modified":"2025-10-30T10:00:35","modified_gmt":"2025-10-30T10:00:35","slug":"lecturas-del-convenio-unido-para-el-jueves-30-de-octubre-2025","status":"publish","type":"post","link":"https:\/\/covenantarian.org\/u\/lecturas-del-leccionario\/lecturas-del-convenio-unido-para-el-jueves-30-de-octubre-2025\/","title":{"rendered":"Lecturas del Convenio Unido para el Jueves, 30 de Octubre, 2025"},"content":{"rendered":"<div class=\"entry\">\n<p><span style=\"font-size: 21px; font-family: georgia, palatino; color: #000000;\"><strong>Giliana Kudsha<\/strong><\/span><\/p>\n<p><strong><span style=\"font-family: georgia, palatino; font-size: 21px; color: #000000;\">La Marca de la Bestia<\/span><\/strong><\/p>\n<p><span style=\"font-family: georgia, palatino; font-size: 21px; color: #000000;\">El t\u00e9rmino \u201cbestia\u201d, usado en el libro del Apocalipsis de la Biblia cristiana, es la misma bestia mencionada en la Biblia Fielista. Esta bestia es el \u201cyo.\u201d La \u201cmarca\u201d es la personalidad y los rasgos de aquellos que se deleitan con los deseos carnales y desean controlar a los dem\u00e1s. Por lo tanto, cuando leas la \u201cmarca de la bestia\u201d, es lo mismo que decir la \u201cpersonalidad de la bestia\u201d o \u201csemejanza a la bestia.\u201d<\/span><\/p>\n<p><span style=\"font-family: georgia, palatino; font-size: 21px; color: #000000;\">A veces la malvada, satan\u00e1s, es considerada como la bestia porque no hay mejor ejemplo de codicia, control, confusi\u00f3n, carnalidad y pavor.<\/span><\/p>\n<p><span style=\"font-family: georgia, palatino; font-size: 21px; color: #000000;\">La malvada hace que aquellos que son como ella desarrollen un coraz\u00f3n de codicia sin m\u00e1s preocupaciones que el yo.<\/span><\/p>\n<p><span style=\"font-family: georgia, palatino; font-size: 21px; color: #000000;\">A la malvada le gusta controlar a los dem\u00e1s y quiere que los dem\u00e1s ejerzan el mismo control sobre aquellos que creen que est\u00e1n por debajo de ellos.<\/span><\/p>\n<p><span style=\"font-family: georgia, palatino; font-size: 21px; color: #000000;\">La malvada tambi\u00e9n provoca confusi\u00f3n entre las personas del mundo y cualquier otra persona a la que pueda influir, incluidos algunos de los que intentan adorar al Creador en justicia.<\/span><\/p>\n<p><span style=\"font-family: georgia, palatino; font-size: 21px; color: #000000;\">La malvada es el arquetipo de la carnalidad. Todo lo que ella influye tiene alg\u00fan grado de carnalidad en su interior. La carnalidad se ve como la suma de todo lo que est\u00e1 en contra del Padre Celestial. La carnalidad puede ser cualquier forma o nivel de pecado y deseos pecaminosos.<\/span><\/p>\n<p><span style=\"font-family: georgia, palatino; font-size: 21px; color: #000000;\">La malvada es la sembradora del pavor entre todos los seres humanos y seres espirituales inferiores. La malvada despierta miedo infundado en los corazones de los dem\u00e1s para tomar el control de ellos como un animal atrapado en la trampa de un cazador.<\/span><\/p>\n<p><span style=\"font-family: georgia, palatino; font-size: 21px; color: #000000;\">Como ser humano, has experimentado la codicia al verla en los dem\u00e1s, al ser discriminado por otros que son codiciosos y por tus propias acciones en un momento u otro. Esto es parte de ser imperfecto en tu mundo. Sin embargo, puedes superar esto con el tiempo mediante la pr\u00e1ctica de las Virtudes.<\/span><\/p>\n<p><span style=\"font-family: georgia, palatino; font-size: 21px; color: #000000;\">De manera similar, ya est\u00e1s acostumbrado a ver a personas controlando a los dem\u00e1s. Un sistema de gobierno malvado y corrupto desea controlar la voluntad de sus ciudadanos imponiendo ciertos tipos de impuestos, aranceles u otras regulaciones m\u00e1s all\u00e1 de lo que es necesario para el mantenimiento b\u00e1sico del pa\u00eds que controla, mientras que al mismo tiempo, no se preocupa de verdad por sus ciudadanos. Algunos gobiernos incluso establecen reglas religiosas sobre c\u00f3mo una persona debe o no debe adorar. Esta clase de gobiernos han creado grupos religiosos autorizados y se oponen a otros. Esta es la raz\u00f3n por la que a menudo oyes hablar de la persecuci\u00f3n de aquellos que no son parte de las religiones establecidas de la bestia.<\/span><\/p>\n<p><span style=\"font-family: georgia, palatino; font-size: 21px; color: #000000;\">Los gobiernos, y ciertos grupos religiosos y pol\u00edticos que est\u00e1n bajo el control de la malvada, son m\u00e1quinas que producen propaganda que conduce a la confusi\u00f3n de la humanidad. A menudo, lo que estos grupos promocionan como un hecho no es nada m\u00e1s que una mentira descarada mezclada con la verdad suficiente para causar confusi\u00f3n entre quienes la escuchan o la leen. Los gobiernos y los medios de comunicaci\u00f3n modernos de tu mundo son expertos en difundir propaganda.<\/span><\/p>\n<p><span style=\"font-family: georgia, palatino; font-size: 21px; color: #000000;\">La malvada sabe que la mezcla anterior de codicia, control, confusi\u00f3n y carnalidad conduce al terror y al p\u00e1nico entre la gente del mundo. Algunas personas se vuelven tan temerosas que pierden toda esperanza del ma\u00f1ana. Cuando esto ocurre, la malvada ha tenido \u00e9xito.<\/span><\/p>\n<p><span style=\"font-family: georgia, palatino; font-size: 21px; color: #000000;\">Cuando una persona practica la codicia, el control, la confusi\u00f3n y la carnalidad, est\u00e1 imitando a la bestia (satan\u00e1s). En otras palabras, tiene la marca de la bestia porque es como la bestia en sus acciones y pensamientos.<\/span><\/p>\n<p><span style=\"font-family: georgia, palatino; font-size: 21px; color: #000000;\">El libro del Apocalipsis en la Biblia cristiana se refiere a no poder vender y comprar a menos que uno tenga la marca de la bestia. Si uno se niega a actuar como la bestia, a menudo uno es excluido de sus riquezas y aposentos (secretos), tesoros y c\u00edrculos internos. Los seguidores de la bestia se r\u00eden de los que practican la justicia. Si te opones al aborto, los incr\u00e9dulos se r\u00eden y se burlan de ti.<\/span><\/p>\n<p><span style=\"font-family: georgia, palatino; font-size: 21px; color: #000000;\">Nadie est\u00e1 obligado a tener la marca de la bestia. Una persona decide por s\u00ed misma si es o no codiciosa, pecaminosa o narcisista. Si eliges creer que la marca de la bestia es algo diferente a lo que se ha dicho aqu\u00ed y en las Escrituras de la Luz, entonces te has dejado enga\u00f1ar por los trucos de la bestia y eres un probable candidato a ser marcado con su marca.<\/span><\/p>\n<p><span style=\"font-family: georgia, palatino; font-size: 21px; color: #000000;\">Los verdaderos adoradores del Creador son aquellos que oran contra tales vicios. El pueblo del Padre Eterno practica una vida virtuosa que honra y glorifica al Creador.<\/span><\/p>\n<p><span style=\"font-family: georgia, palatino; font-size: 21px; color: #000000;\">En lugar de caer en una vida de completo pavor, arrod\u00edllate ante la presencia misma del Eterno de los cielos m\u00e1s altos. \u00c9l es quien te consolar\u00e1 en tiempos de angustia. \u00c9l te dar\u00e1 una mente de paz y un coraz\u00f3n de amor. Consuela a otros con Sus promesas de que un d\u00eda la humanidad ya no estar\u00e1 bajo el dominio de la bestia.<\/span><\/p>\n<p><span style=\"font-family: georgia, palatino; font-size: 21px; color: #000000;\">Conf\u00eda en el Padre Celestial y camina en Su luz, y conocer\u00e1s la paz que viene a los que no son del mundo.<\/span><\/p>\n<p>&nbsp;<\/p>\n<p align=\"JUSTIFY\"><span style=\"font-size: 21px; font-family: georgia, palatino; color: #000000;\" data-darkreader-inline-color=\"\"><strong>Ense\u00f1anzas de la Luz Cap\u00edtulo 69:<\/strong><\/span><\/p>\n<p lang=\"es-ES\" align=\"LEFT\"><span style=\"font-family: georgia, palatino; font-size: 21px; color: #000000;\" data-darkreader-inline-color=\"\"><i>Prioridad de las Revelaciones Actuales <\/i><\/span><\/p>\n<p lang=\"es-ES\" align=\"LEFT\"><span style=\"font-family: georgia, palatino; font-size: 21px; color: #000000;\" data-darkreader-inline-color=\"\"><sup>1<\/sup> Mientras que el Creador es inmutable, \u00c9l proporciona un rayo de Su Luz en una manifestaci\u00f3n de acuerdo con la necesidad del momento. <\/span><\/p>\n<p lang=\"es-ES\" align=\"LEFT\"><span style=\"font-family: georgia, palatino; font-size: 21px; color: #000000;\" data-darkreader-inline-color=\"\"><sup>2<\/sup> \u00c9l sigue ofreciendo la oportunidad para que la humanidad absorba conocimiento que no fue manifestado en tiempos anteriores. <\/span><\/p>\n<p lang=\"es-ES\" align=\"LEFT\"><span style=\"font-family: georgia, palatino; font-size: 21px; color: #000000;\" data-darkreader-inline-color=\"\"><sup>3<\/sup> Confiar en una revelaci\u00f3n anterior sin tener en cuenta lo que \u00c9l ense\u00f1a en cada generaci\u00f3n posterior no es digno de un alma que desea desarrollarse en el Camino del Padre. <\/span><\/p>\n<p lang=\"es-ES\" align=\"LEFT\"><span style=\"font-family: georgia, palatino; font-size: 21px; color: #000000;\" data-darkreader-inline-color=\"\"><sup>4<\/sup> La semilla de la Verdad plantada dentro de vuestro coraz\u00f3n, por el Padre, est\u00e1 destinada a crecer y a convertirse en un gran \u00e1rbol; pero si no es alimentada con agua fresca, puede deformarse y finalmente se marchita y muere. <\/span><\/p>\n<p lang=\"es-ES\" align=\"LEFT\"><span style=\"font-family: georgia, palatino; font-size: 21px; color: #000000;\" data-darkreader-inline-color=\"\"><sup>5<\/sup> Si la Verdad que os ha sido proporcionada es debidamente cultivada dentro de vuestro coraz\u00f3n, la sabidur\u00eda, la fuerza espiritual y la fe aumentar\u00e1n y ser\u00e1n m\u00e1s brillantes cada d\u00eda \u2013 porque esta es la naturaleza de la Verdad y la Revelaci\u00f3n \u2013 es progresiva, es gradual.<\/span><\/p>\n<p lang=\"es-ES\" align=\"LEFT\"><span style=\"font-family: georgia, palatino; font-size: 21px; color: #000000;\" data-darkreader-inline-color=\"\"><strong>El Libro de la Verdad 162:9.1-7, En Bel\u00e9n con Abner:<\/strong><\/span><\/p>\n<p lang=\"es-ES\" align=\"LEFT\"><strong><span style=\"font-family: georgia, palatino; font-size: 21px; color: #000000;\" data-darkreader-inline-color=\"\">9. En Bel\u00e9n con Abner<\/span><\/strong><\/p>\n<p lang=\"es-ES\" align=\"LEFT\"><span style=\"font-family: georgia, palatino; font-size: 21px; color: #000000;\" data-darkreader-inline-color=\"\">162:9.1<\/span><\/p>\n<p lang=\"es-ES\" align=\"LEFT\"><span style=\"font-family: georgia, palatino; font-size: 21px; color: #000000;\" data-darkreader-inline-color=\"\">Durante la semana que sigui\u00f3 a la fiesta de los tabern\u00e1culos, decenas de creyentes se reunieron en Betania y recibieron instrucciones de los doce ap\u00f3stoles. El sanedr\u00edn no hizo esfuerzo alguno por alborotar estas reuniones puesto que Jes\u00fas no estaba presente; durante todo este per\u00edodo, estaba trabajando en Bel\u00e9n con Abner y sus asociados. Jes\u00fas hab\u00eda partido para Betania el d\u00eda siguiente al final de la fiesta, y no volvi\u00f3 a ense\u00f1ar en el templo durante esta visita a Jerusal\u00e9n.<\/span><\/p>\n<p lang=\"es-ES\" align=\"LEFT\"><span style=\"font-family: georgia, palatino; font-size: 21px; color: #000000;\" data-darkreader-inline-color=\"\">162:9.2<\/span><\/p>\n<p lang=\"es-ES\" align=\"LEFT\"><span style=\"font-family: georgia, palatino; font-size: 21px; color: #000000;\" data-darkreader-inline-color=\"\">En esta \u00e9poca, Abner ten\u00eda su cuartel general en Bel\u00e9n, y desde ese centro se hab\u00edan enviado muchos trabajadores a las ciudades de Judea y del sur de Samaria y aun hasta Alejandr\u00eda. A los pocos d\u00edas de su llegada, Jes\u00fas y Abner completaron los convenios para la consolidaci\u00f3n de la obra de los dos grupos de ap\u00f3stoles.<\/span><\/p>\n<p lang=\"es-ES\" align=\"LEFT\"><span style=\"font-family: georgia, palatino; font-size: 21px; color: #000000;\" data-darkreader-inline-color=\"\">162:9.3<\/span><\/p>\n<p lang=\"es-ES\" align=\"LEFT\"><span style=\"font-family: georgia, palatino; font-size: 21px; color: #000000;\" data-darkreader-inline-color=\"\">Durante toda su estad\u00eda en la fiesta de los tabern\u00e1culos, Jes\u00fas hab\u00eda repartido su tiempo en forma pr\u00e1cticamente igual entre Betania y Bel\u00e9n. En Betania, pas\u00f3 mucho tiempo con sus ap\u00f3stoles; en Bel\u00e9n, imparti\u00f3 mucha ense\u00f1anza a Abner y a los dem\u00e1s ex ap\u00f3stoles de Juan. Este contacto \u00edntimo fue lo que finalmente los condujo a creer en \u00e9l. Estos ex ap\u00f3stoles de Juan el Bautista estuvieron influidos por el coraje que \u00e9l mostr\u00f3 en sus ense\u00f1anzas p\u00fablicas en Jerusal\u00e9n as\u00ed como tambi\u00e9n por la compasiva comprensi\u00f3n que mostraba en sus ense\u00f1anzas privadas en Bel\u00e9n. Todas estas influencias ganaron final y plenamente a cada uno de los asociados de Abner a una aceptaci\u00f3n plenamente sincera del reino y de todo lo que esto implicaba.<\/span><\/p>\n<p lang=\"es-ES\" align=\"LEFT\"><span style=\"font-family: georgia, palatino; font-size: 21px; color: #000000;\" data-darkreader-inline-color=\"\">162:9.4<\/span><\/p>\n<p lang=\"es-ES\" align=\"LEFT\"><span style=\"font-family: georgia, palatino; font-size: 21px; color: #000000;\" data-darkreader-inline-color=\"\">Antes de partir por \u00faltima vez de Bel\u00e9n, el Maestro dispuso que ellos se reunieran con \u00e9l en un esfuerzo unido que preceder\u00eda el fin de su carrera terrenal en la carne. Se acord\u00f3 que Abner y sus asociados se reunir\u00edan con Jes\u00fas y los doce en el parque de Magad\u00e1n en un futuro cercano.<\/span><\/p>\n<p lang=\"es-ES\" align=\"LEFT\"><span style=\"font-family: georgia, palatino; font-size: 21px; color: #000000;\" data-darkreader-inline-color=\"\">162:9.5<\/span><\/p>\n<p lang=\"es-ES\" align=\"LEFT\"><span style=\"font-family: georgia, palatino; font-size: 21px; color: #000000;\" data-darkreader-inline-color=\"\">De acuerdo con este convenio, a principios de noviembre Abner y sus once ap\u00f3stoles se unieron con Jes\u00fas y los doce y trabajaron con ellos como una sola organizaci\u00f3n hasta el momento mismo de la crucifixi\u00f3n.<\/span><\/p>\n<p lang=\"es-ES\" align=\"LEFT\"><span style=\"font-family: georgia, palatino; font-size: 21px; color: #000000;\" data-darkreader-inline-color=\"\">162:9.6<\/span><\/p>\n<p lang=\"es-ES\" align=\"LEFT\"><span style=\"font-family: georgia, palatino; font-size: 21px; color: #000000;\" data-darkreader-inline-color=\"\">Hacia fines de octubre, Jes\u00fas y los doce se retiraron de la cercan\u00eda inmediata de Jerusal\u00e9n. El domingo 30 de octubre, Jes\u00fas y sus asociados partieron de la ciudad de Efra\u00edn, donde Jes\u00fas hab\u00eda estado descansando en reclusi\u00f3n por unos d\u00edas, y dirigi\u00e9ndose por la carretera oeste del Jord\u00e1n directamente al parque de Magad\u00e1n, llegaron all\u00ed en las \u00faltimas horas de la tarde del mi\u00e9rcoles 2 de noviembre.<\/span><\/p>\n<p lang=\"es-ES\" align=\"LEFT\"><span style=\"font-family: georgia, palatino; font-size: 21px; color: #000000;\" data-darkreader-inline-color=\"\">162:9.7<\/span><\/p>\n<p lang=\"es-ES\" align=\"LEFT\"><span style=\"font-family: georgia, palatino; font-size: 21px; color: #000000;\" data-darkreader-inline-color=\"\">Los ap\u00f3stoles estaban muy aliviados porque nuevamente se encontraba el Maestro en terreno amistoso; ya nunca m\u00e1s le pidieron que fuera a Jerusal\u00e9n para proclamar el evangelio del reino.<\/span><\/p>\n<\/div>\n","protected":false},"excerpt":{"rendered":"<p>Giliana Kudsha La Marca de la Bestia El t\u00e9rmino \u201cbestia\u201d, usado en el libro del Apocalipsis de la Biblia cristiana, es la misma bestia mencionada en la Biblia Fielista. Esta bestia es el \u201cyo.\u201d La \u201cmarca\u201d es la personalidad y los rasgos de aquellos que se deleitan con los deseos carnales y desean controlar a &#8230;<\/p>\n","protected":false},"author":3,"featured_media":0,"comment_status":"closed","ping_status":"closed","sticky":false,"template":"","format":"standard","meta":{"footnotes":""},"categories":[9],"tags":[11,29,22,13,14,15,16,17,19,18,21,12,24,23,10,30,27,28,20,31,26,25],"class_list":{"0":"post-1768","1":"post","2":"type-post","3":"status-publish","4":"format-standard","6":"category-lecturas-del-leccionario","7":"tag-biblia-de-oahspe","8":"tag-calendario","9":"tag-eloi","10":"tag-era-kosmon","11":"tag-fideismo","12":"tag-fideistas","13":"tag-fielismo","14":"tag-fielistas","15":"tag-iglesia-fideista","16":"tag-iglesia-fielista","17":"tag-jehovi","18":"tag-la-biblia-oahspe","19":"tag-lecturas-del-leccionario","20":"tag-lecturas-diarias","21":"tag-oahspe","22":"tag-observancias","23":"tag-pacto-unido","24":"tag-pacto-unido-de-la-luz","25":"tag-religion-de-la-luz","26":"tag-shabbat","27":"tag-yeshua","28":"tag-yoshu","29":"anons"},"_links":{"self":[{"href":"https:\/\/covenantarian.org\/u\/wp-json\/wp\/v2\/posts\/1768","targetHints":{"allow":["GET"]}}],"collection":[{"href":"https:\/\/covenantarian.org\/u\/wp-json\/wp\/v2\/posts"}],"about":[{"href":"https:\/\/covenantarian.org\/u\/wp-json\/wp\/v2\/types\/post"}],"author":[{"embeddable":true,"href":"https:\/\/covenantarian.org\/u\/wp-json\/wp\/v2\/users\/3"}],"replies":[{"embeddable":true,"href":"https:\/\/covenantarian.org\/u\/wp-json\/wp\/v2\/comments?post=1768"}],"version-history":[{"count":1,"href":"https:\/\/covenantarian.org\/u\/wp-json\/wp\/v2\/posts\/1768\/revisions"}],"predecessor-version":[{"id":1769,"href":"https:\/\/covenantarian.org\/u\/wp-json\/wp\/v2\/posts\/1768\/revisions\/1769"}],"wp:attachment":[{"href":"https:\/\/covenantarian.org\/u\/wp-json\/wp\/v2\/media?parent=1768"}],"wp:term":[{"taxonomy":"category","embeddable":true,"href":"https:\/\/covenantarian.org\/u\/wp-json\/wp\/v2\/categories?post=1768"},{"taxonomy":"post_tag","embeddable":true,"href":"https:\/\/covenantarian.org\/u\/wp-json\/wp\/v2\/tags?post=1768"}],"curies":[{"name":"wp","href":"https:\/\/api.w.org\/{rel}","templated":true}]}}