{"id":1871,"date":"2025-11-30T22:41:25","date_gmt":"2025-11-30T22:41:25","guid":{"rendered":"https:\/\/covenantarian.org\/u\/?p=1871"},"modified":"2025-11-30T22:41:25","modified_gmt":"2025-11-30T22:41:25","slug":"lecturas-del-convenio-unido-para-el-lunes-1-de-diciembre-2025","status":"publish","type":"post","link":"https:\/\/covenantarian.org\/u\/lecturas-del-leccionario\/lecturas-del-convenio-unido-para-el-lunes-1-de-diciembre-2025\/","title":{"rendered":"Lecturas del Convenio Unido para el Lunes, 1 de Diciembre, 2025"},"content":{"rendered":"<div class=\"entry\">\n<p><span style=\"font-size: 21px; font-family: georgia, palatino; color: #000000;\"><strong>Giliana Kudsha<\/strong><\/span><\/p>\n<p><span style=\"font-family: georgia, palatino; font-size: 21px; color: #000000;\"><b>Estoy con Mis Ovejas<\/b><\/span><\/p>\n<p align=\"JUSTIFY\"><span style=\"color: #000000; font-size: 21px; font-family: georgia, palatino;\">Estoy con aquellos que adoran al Padre en esp\u00edritu y en verdad, con aquellos que ponen los Mandamientos del Padre en primer lugar, y con aquellos que buscan la paz con sus familias y vecinos.<\/span><\/p>\n<p lang=\"es-ES\" align=\"LEFT\"><span style=\"font-family: georgia, palatino; font-size: 21px; color: #000000;\"><b>Ense\u00f1anzas de la Luz Cap\u00edtulo 1:<\/b><\/span><\/p>\n<p lang=\"es-ES\" align=\"LEFT\"><span style=\"font-family: Georgia, serif;\"><span style=\"font-size: 21px;\"><i>El Padre de la Grandeza<\/i><\/span><\/span><\/p>\n<p lang=\"es-ES\" align=\"LEFT\"><span style=\"font-family: Georgia, serif;\"><span style=\"font-size: 21px;\"><sup>1<\/sup> Gloria y victoria al Padre de la Grandeza*, el Dios de la Verdad. Es el Gran Padre el que tiene que ser adorado por los Hijos e Hijas de la Luz.<br \/>\n<\/span><\/span><\/p>\n<p lang=\"es-ES\" align=\"LEFT\"><span style=\"font-family: Georgia, serif;\"><span style=\"font-size: 21px;\"><sup>2<\/sup> Alzad vuestra voz cantando al Padre de la Grandeza, porque \u00c9l es la Verdadera Fuente de la Luz y de la Verdad, el Gran Consolador que da descanso en Sus alas. <\/span><\/span><\/p>\n<p lang=\"es-ES\" align=\"LEFT\"><span style=\"font-family: Georgia, serif;\"><span style=\"font-size: 21px;\"><sup>3<\/sup> Que todos los que invocan el Nombre de nuestro Dios en verdad tengan un Shabta bendito.<\/span><\/span><\/p>\n<p lang=\"es-ES\" align=\"LEFT\"><span style=\"font-family: Georgia, serif;\"><span style=\"font-size: 21px;\"><sup>4<\/sup> El Padre de la Grandeza, el Dios Supremo, est\u00e1 por encima de la creaci\u00f3n \u2013 fuera del espacio y del tiempo y vive por encima de los cielos.<\/span><\/span><\/p>\n<p lang=\"es-ES\" align=\"LEFT\"><span style=\"font-family: Georgia, serif;\"><span style=\"font-size: 21px;\"><sup>5<\/sup> El Padre de la Grandeza no siempre se involucra a S\u00ed mismo en los asuntos de la creaci\u00f3n; en vez de eso, Dios Todopoderoso ha nombrado a siervos celestiales para S\u00ed mismo que ayudan a la humanidad en diversas funciones.<\/span><\/span><\/p>\n<p lang=\"es-ES\" align=\"LEFT\"><span style=\"font-family: Georgia, serif;\"><span style=\"font-size: 21px;\"><sup>6<\/sup> Ning\u00fan ser humano ha visto al Gran Padre, pero \u00c9l se da a conocer a S\u00ed mismo a trav\u00e9s de Su Hijo Viviente que sirve como un espejo del Padre de la Grandeza.<\/span><\/span><\/p>\n<p lang=\"es-ES\" align=\"LEFT\"><span style=\"font-family: Georgia, serif;\"><span style=\"font-size: 21px;\"><sup>7<\/sup> La humanidad, en su estado ca\u00eddo, mientras est\u00e9 en una c\u00e1scara* es incapaz de ver al Padre de la Grandeza sin morirse.<\/span><\/span><\/p>\n<p lang=\"es-ES\" align=\"LEFT\"><span style=\"font-family: Georgia, serif;\"><span style=\"font-size: large;\"><i>* (el cuerpo)<\/i><\/span><\/span><\/p>\n<p lang=\"es-ES\" align=\"LEFT\"><sup><span style=\"font-family: Georgia, serif;\"><span style=\"font-size: 21px;\"><sup>8 <\/sup>Servid al Gran Padre de todo coraz\u00f3n \u2013 no solo por el deber, sino por el deseo de vuestro propio coraz\u00f3n.<\/span><\/span><\/sup><\/p>\n<p lang=\"es-ES\" align=\"LEFT\"><span style=\"font-family: Georgia, serif;\"><span style=\"font-size: 21px;\"><sup>9<\/sup> El Gran Padre no abandonar\u00e1 a ninguno de los que andan en la Verdad.<\/span><\/span><\/p>\n<p lang=\"es-ES\" align=\"LEFT\"><span style=\"font-family: Georgia, serif;\"><span style=\"font-size: 21px;\"><sup>10<\/sup> Su Hijo y Sus diversos siervos celestiales \u2013 los Cinco Hijos Brillantes \u2013 y los Elegidos Intercesores llevan las oraciones y peticiones de los Hijos de la Luz al Trono M\u00e1s Alto por encima de los cielos y presentan tales oraciones y peticiones al Padre de la Grandeza.<\/span><\/span><\/p>\n<p lang=\"es-ES\" align=\"LEFT\"><span style=\"font-family: Georgia, serif;\"><span style=\"font-size: 21px;\"><sup>11<\/sup> Est\u00e1 prohibido crear cualquier tipo de imagen o estatua del Padre de la Grandeza. El Gran Padre est\u00e1 fuera del tiempo y de la creaci\u00f3n y es invisible a los ojos humanos.<\/span><\/span><\/p>\n<p lang=\"es-ES\" align=\"LEFT\"><span style=\"font-family: Georgia, serif;\"><span style=\"font-size: 21px;\"><sup>12<\/sup> La creaci\u00f3n de cualquier imagen o estatua del Padre de la Grandeza es una forma de idolatr\u00eda.<\/span><\/span><\/p>\n<p lang=\"es-ES\" align=\"LEFT\"><span style=\"font-family: Georgia, serif;\"><span style=\"font-size: 21px;\"><strong>El Evangelio de Mar Mani Cap\u00edtulo 34<\/strong><\/span><\/span><\/p>\n<p lang=\"es-ES\"><span style=\"font-family: Georgia, serif;\"><span style=\"font-size: 21px;\"><sup>1 <\/sup>Este nombre Yisho*, hay una gracia que lo rodea porque es Yisho quien da el arrepentimiento a los penitentes.<\/span><\/span><\/p>\n<p lang=\"es-ES\"><span style=\"font-family: Georgia, serif;\"><span style=\"font-size: large;\"><i>* (Adicionalmente, el nombre \u201cYisho\u201d puede ser representado \u201cIsho\u201d, \u201cEsho\u201d, \u201cYesh\u00faa\u201d, \u201cJes\u00fas\u201d; del Sir\u00edaco Arameo)<\/i><\/span><\/span><\/p>\n<p lang=\"es-ES\"><span style=\"font-family: Georgia, serif;\"><span style=\"font-size: 21px;\"><sup>2<\/sup> \u00c9l se pone de pie en medio de nosotros; \u00e9l no est\u00e1 lejos de nosotros*, hermanos m\u00edos, como \u00e9l dijo en su ense\u00f1anza: \u201cEstoy tan cerca de vosotros como el vestido de vuestro cuerpo.\u201d<\/span><\/span><\/p>\n<p lang=\"es-ES\"><span style=\"font-family: Georgia, serif;\"><span style=\"font-size: large;\"><i>* (Este vers\u00edculo brinda un gran consuelo a quienes est\u00e1n experimentando las muchas pruebas de la vida, ya sea que esas luchas sean por persecuci\u00f3n de los gobiernos, conflicto dentro de una familia mezclada entre los que creen en la Verdad y los que no, problemas pol\u00edticos y financieros dentro de los diferentes sectores de la sociedad, desastres naturales y los que son provocados por el hombre, o cualquier cantidad de problemas a los que cada uno de nosotros nos podr\u00edamos enfrentar cada d\u00eda. \u00c9l est\u00e1 cerca de nosotros y su presencia y su ense\u00f1anza nos da gran consuelo y tranquilidad.)<\/i><\/span><\/span><\/p>\n<p><span style=\"font-family: Georgia, serif;\"><span style=\"font-size: 21px;\"><span lang=\"es-ES\"><sup>3<\/sup> Yisho, tu carga es ligera para aquel que la puede llevar; has hecho de la Cruz un Bema* para ti mismo y has dado la Ley<sup>\u2020<\/sup> sobre ella; has hecho de la Cruz una Nave para ti mismo y has navegado en ella.<\/span><\/span><\/span><\/p>\n<p lang=\"es-ES\"><span style=\"font-family: Georgia, serif;\"><span style=\"font-size: large;\"><i>* (Sir\u00edaco-Arameo para Trono, Altar; adem\u00e1s, una referencia al sepulcro de Cristo; v\u00e9ase vs. 22; v\u00e9ase 38:1)<\/i><\/span><\/span><\/p>\n<p lang=\"es-ES\">\u2020 <span style=\"font-family: Georgia, serif;\"><span style=\"font-size: large;\"><i>(Ense\u00f1anza, Instrucci\u00f3n; v\u00e9ase 35:8)<\/i><\/span><\/span><\/p>\n<p><span style=\"font-family: Georgia, serif;\"><span style=\"font-size: 21px;\"><span lang=\"es-ES\"><sup>4 <\/sup>Muchas son las maravillas de tu natividad, las maravillas de tu Cruz; sin embargo, cuando digo \u201ctu natividad\u201d \u2013 \u00bfqui\u00e9n te cre\u00f3 a ti, mi Se\u00f1or Yisho eternamente, Vida de Vida?<\/span><\/span><\/span><\/p>\n<p lang=\"es-ES\"><span style=\"font-family: Georgia, serif;\"><span style=\"font-size: 21px;\"><sup>5<\/sup> Vinieron al Hijo de Dios, el que est\u00e1 en el Todo, en el que el Todo existe.<\/span><\/span><\/p>\n<p lang=\"es-ES\"><span style=\"font-family: Georgia, serif;\"><span style=\"font-size: 21px;\"><sup>6<\/sup> Porque \u00e9l fue llevado de mundo en mundo, de era en era; \u00a1\u00e9l pas\u00f3 por las fuentes* tomando su semejanza, \u00e9l burl\u00f3 a las autoridades imit\u00e1ndolas, oscureci\u00f3 a todos los poderes y dominios!<\/span><\/span><\/p>\n<p lang=\"es-ES\"><span style=\"font-family: Georgia, serif;\"><span style=\"font-size: large;\"><i>* (Los gobernantes m\u00e1s elevados del mundo)<\/i><\/span><\/span><\/p>\n<p lang=\"es-ES\"><span style=\"font-family: Georgia, serif;\"><span style=\"font-size: 21px;\"><sup>7<\/sup> Estas cosas las hizo en lo alto, mientras viv\u00eda en los cielos y luego baj\u00f3 a la sustancia de la carne, la vestidura de la humanidad.<\/span><\/span><\/p>\n<p><sup><span style=\"font-family: Georgia, serif;\"><span style=\"font-size: large;\"><span lang=\"es-ES\">8<\/span><\/span><\/span><\/sup><span style=\"font-family: Georgia, serif;\"><span style=\"font-size: 21px;\"><span lang=\"es-ES\"> Dios* [la Mano Derecha] se hizo un hombre \u2013 es decir, anduvo por toda la tierra, tomando sobre s\u00ed mismo la semejanza de un hombre, las ropas de un siervo.<\/span><\/span><\/span><\/p>\n<p lang=\"es-ES\"><span style=\"font-family: Georgia, serif;\"><span style=\"font-size: large;\"><i>* (El t\u00edtulo \u201cDios\u201d es utilizado en los textos Maniqueos en referencia al Esp\u00edritu Viviente y a algunas de las diversas Manifestaciones, pero solo Abba d&#8217;Rabbuta es Dios Todopoderoso fuera del tiempo y de la creaci\u00f3n y no es afectado por el mundo material)<\/i><\/span><\/span><\/p>\n<p lang=\"es-ES\"><span style=\"font-family: Georgia, serif;\"><span style=\"font-size: 21px;\"><sup>9<\/sup> \u00c9l vino a por todas las ovejas de Su reba\u00f1o, porque sab\u00eda que no hab\u00eda otro para rescatarlas.<\/span><\/span><\/p>\n<p><span style=\"font-family: Georgia, serif;\"><span style=\"font-size: 21px;\"><span lang=\"es-ES\"><sup>10 <\/sup>Hab\u00eda venido sin un cuerpo, pero sus Ap\u00f3stoles declararon de \u00e9l que tom\u00f3 la forma de un ni\u00f1o, aparentando como hacen otros hombres*; \u00e9l baj\u00f3 y se manifest\u00f3 en el mundo en la secta religiosa de los Jud\u00edos Esenios <sup>\u2020<\/sup>, y ense\u00f1\u00f3 entre todos los Jud\u00edos.<\/span><\/span><\/span><\/p>\n<p lang=\"es-ES\"><span style=\"font-family: Georgia, serif;\"><span style=\"font-size: large;\"><i>* (no tuvo un mero cuerpo f\u00edsico que estuviera bajo el control de la malvada; <\/i><\/span><\/span><i><span style=\"font-family: Georgia, serif;\"><span style=\"font-size: large;\"><span lang=\"es-ES\">sin embargo, su cuerpo tampoco era como el de los hombres comunes <\/span><\/span><\/span><span style=\"font-family: Georgia, serif;\"><span style=\"font-size: large;\">\u2013 <\/span><\/span><span style=\"font-family: Georgia, serif;\"><span style=\"font-size: large;\"><span lang=\"es-ES\">fue un cuerpo glorioso sin todas las imperfecciones comunes a los humanos.)<\/span><\/span><\/span><\/i><\/p>\n<p lang=\"es-ES\">\u2020 <span style=\"font-family: Georgia, serif;\"><span style=\"font-size: large;\"><i>(Netzarim, Nazarenos)<\/i><\/span><\/span><\/p>\n<p lang=\"es-ES\"><span style=\"font-family: Georgia, serif;\"><span style=\"font-size: 21px;\"><sup>11<\/sup> Yisho cav\u00f3 un r\u00edo* en el mundo, cav\u00f3 un r\u00edo, incluso el del Nombre dulce; \u00e9l lo cav\u00f3 con la Pala de la Verdad, lo vaci\u00f3 con el balde de la Sabidur\u00eda.<\/span><\/span><\/p>\n<p lang=\"es-ES\"><span style=\"font-family: Georgia, serif;\"><span style=\"font-size: large;\"><i>* (Yisho prepar\u00f3 y cultiv\u00f3 la tierra para crear un r\u00edo espiritual que \u00e9l luego rellenar\u00eda de aguas vivas. El r\u00edo es simb\u00f3lico del Camino de la Verdad y la Luz; la tierra es simb\u00f3lica del mundo en el que viven los humanos; la canasta o el balde de la Sabidur\u00eda es la Ense\u00f1anza Divina enviada desde arriba. Adem\u00e1s, la \u201cPala de la Verdad\u201d es simb\u00f3lica ya que representa la Ley de la Luz y la Ense\u00f1anza Inmaculada como si fueran diamantes.)<\/i><\/span><\/span><\/p>\n<p lang=\"es-ES\"><span style=\"font-family: Georgia, serif;\"><span style=\"font-size: 21px;\"><sup>12<\/sup> Las piedras que sac\u00f3 de \u00e9l son como pedazos de incienso, todas las aguas que se encuentran en \u00e9l son ra\u00edces de la Luz.<\/span><\/span><\/p>\n<p lang=\"es-ES\"><span style=\"font-family: Georgia, serif;\"><span style=\"font-size: 21px;\"><sup>13<\/sup> Adem\u00e1s, liber\u00f3 a la Luz inconcebible en el Edificio entero, vitaliz\u00f3, salv\u00f3 y dio la victoria a los que son los suyos*, mientras que mat\u00f3, encaden\u00f3 y aniquil\u00f3 a los que son ajenos a \u00e9l.<\/span><\/span><\/p>\n<p lang=\"es-ES\"><span style=\"font-family: Georgia, serif;\"><span style=\"font-size: large;\"><i>* (el destino de los que aceptan la Verdad y de los que la rechazan; v\u00e9ase cap\u00edtulo 33)<\/i><\/span><\/span><\/p>\n<p lang=\"es-ES\"><span style=\"font-family: Georgia, serif;\"><span style=\"font-size: 21px;\"><sup>14<\/sup> As\u00ed que en el mismo momento cuando hab\u00eda cortado el \u00faltimo de los \u00e1rboles malvados con su Hacha, los arranc\u00f3 y los quem\u00f3 a ellos y a su cuerpo con su Fuego, para que nunca m\u00e1s vuelvan a crecer ni a producir fruto que sea peligroso de comer.<\/span><\/span><\/p>\n<p lang=\"es-ES\"><span style=\"font-family: Georgia, serif;\"><span style=\"font-size: 21px;\"><sup>15<\/sup> Despu\u00e9s en esta parte plant\u00f3 sus buenas plantas, el \u00c1rbol de la Vida que dar\u00e1 buenos frutos.<\/span><\/span><\/p>\n<p lang=\"es-ES\"><span style=\"font-family: Georgia, serif;\"><span style=\"font-size: 21px;\"><sup>16<\/sup> Dio la Llamada y el O\u00edr a los Elementos, \u00e9l form\u00f3 a Yisho el ni\u00f1o; escogi\u00f3 a sus disc\u00edpulos, el comienzo de su reba\u00f1o; atraves\u00f3 Judea en busca de piedras*; a diario iba a las orillas de los mares en busca de perlas.<\/span><\/span><\/p>\n<p lang=\"es-ES\"><span style=\"font-family: Georgia, serif;\"><span style=\"font-size: large;\"><i>* (almas rescatables; Yisho anduvo buscando piedras en Judea y a lo largo de la orilla del mar en busca de perlas. La referencia a las piedras es una met\u00e1fora que se refiere a las personas Jud\u00edas que ten\u00edan corazones para volver a la Tor\u00e1 proporcionada mediante Mois\u00e9s siglos antes. Adem\u00e1s, la referencia a las perlas es a aquellos que tuvieron un coraz\u00f3n para comprender la naturaleza de Cristo durante su visita en Israel.)<\/i><\/span><\/span><\/p>\n<p lang=\"es-ES\"><span style=\"font-family: Georgia, serif;\"><span style=\"font-size: 21px;\"><sup>17<\/sup> Plant\u00f3 sus brotes en el campo de sus Elegidos*, y sembr\u00f3 la semilla en la tierra de aquellos que lo conocieron.<\/span><\/span><\/p>\n<p><span style=\"font-family: Georgia, serif;\"><span style=\"font-size: large;\"><span lang=\"es-ES\"><i>* (refiri\u00e9ndose a aquellos a quienes Yisho eligi\u00f3 en su ministerio terrenal en Judea. Los Elegidos fueron los Ap\u00f3stoles en ese periodo de tiempo, mientras que aquellos que lo conocieron [\u201clos Conocedores\u201d <\/i>\u2013 <i>Greenlees] fueron aquellos que hab\u00edan escuchado la Llamada durante el ministerio de Yisho. Ellos fueron los Oyentes del Mensaje de la Luz que Yisho estaba ense\u00f1ando.)<\/i><\/span><\/span><\/span><\/p>\n<p><span style=\"font-family: Georgia, serif;\"><span style=\"font-size: 21px;\"><span lang=\"es-ES\"><sup>18 <\/sup>El sonido de su grito se difundi\u00f3 por todo el mundo habitado*, su redil llen\u00f3 las esquinas<sup>\u2020<\/sup> del universo.<sup>\u2021<\/sup><\/span><\/span><\/span><\/p>\n<p lang=\"es-ES\"><span style=\"font-family: Georgia, serif;\"><span style=\"font-size: large;\"><i>* (toda la humanidad; la naturaleza empez\u00f3 a despertarse de su letargo espiritual)<\/i><\/span><\/span><\/p>\n<p lang=\"es-ES\">\u2020 <span style=\"font-family: Georgia, serif;\"><span style=\"font-size: large;\"><i>(el mundo entero tuvo la oportunidad de escuchar el Mensaje de la Luz a trav\u00e9s de la aparici\u00f3n de Yisho y a trav\u00e9s de los Ap\u00f3stoles que eligi\u00f3 durante ese periodo de tiempo. Durante ese tiempo bendito, los disc\u00edpulos de Yisho estaban en todas las tierras pobladas importantes y el Mensaje de la Luz continu\u00f3 durante a\u00f1os en muchas \u00e1reas.)<\/i><\/span><\/span><\/p>\n<p lang=\"es-ES\">\u2021 <span style=\"font-family: Georgia, serif;\"><span style=\"font-size: large;\"><i>(el mundo que es conocido a la humanidad)<\/i><\/span><\/span><\/p>\n<p lang=\"es-ES\"><span style=\"font-family: Georgia, serif;\"><span style=\"font-size: 21px;\"><sup>19<\/sup> Los Reyes que oyeron se quitaron sus coronas; los primog\u00e9nitos de la tierra arrojaron lejos de ellos sus guirnaldas; por \u00e9l los ricos de la tierra se hicieron pobres.<\/span><\/span><\/p>\n<p lang=\"es-ES\"><span style=\"font-family: Georgia, serif;\"><span style=\"font-size: 21px;\"><sup>20<\/sup> Satan\u00e1s entr\u00f3 en uno de los doce hombres de Yisho; \u00e9l lo traicion\u00f3 ante el consejo regente con su beso; \u00e9l lo entreg\u00f3 al poder del consejo religioso y de la banda de soldados.<\/span><\/span><\/p>\n<p lang=\"es-ES\"><span style=\"font-family: Georgia, serif;\"><span style=\"font-size: 21px;\"><sup>21<\/sup> Luego se apoderaron del Hijo de Dios; lo juzgaron ilegalmente en una asamblea y lo condenaron injustamente, aunque no ten\u00eda ning\u00fan pecado en \u00e9l.<\/span><\/span><\/p>\n<p lang=\"es-ES\"><span style=\"font-family: Georgia, serif;\"><span style=\"font-size: 21px;\"><sup>22<\/sup> Lo levantaron sobre el madero de la Cruz, lo crucificaron en la Cruz junto con los ladrones; lo bajaron de la Cruz y lo pusieron en la tumba; pero despu\u00e9s de tres d\u00edas resucit\u00f3 de entre los muertos.<\/span><\/span><\/p>\n<p lang=\"es-ES\"><span style=\"font-family: Georgia, serif;\"><span style=\"font-size: 21px;\"><sup>23 <\/sup>\u00c9l vino a sus disc\u00edpulos y apareci\u00f3 ante ellos, los visti\u00f3 con poder y sopl\u00f3 su Esp\u00edritu de santidad dentro de ellos, los envi\u00f3 por todo el mundo para ense\u00f1ar la doctrina verdadera, mientras que \u00e9l ascendi\u00f3 a la Altitud.<\/span><\/span><\/p>\n<p lang=\"es-ES\"><span style=\"font-family: Georgia, serif;\"><span style=\"font-size: 21px;\"><sup>24<\/sup> Los Ap\u00f3stoles se convirtieron en una guirnalda de este Am\u00edn; el Am\u00edn les respondi\u00f3, les explic\u00f3 sus maravillas:<\/span><\/span><\/p>\n<p lang=\"es-ES\"><span style=\"font-family: Georgia, serif;\"><span style=\"font-size: 21px;\"><sup>25<\/sup> \u201c\u00a1Am\u00edn, fui capturado! \u00a1Am\u00edn, no fui capturado!<\/span><\/span><\/p>\n<p lang=\"es-ES\"><span style=\"font-family: Georgia, serif;\"><span style=\"font-size: 21px;\"><sup>26<\/sup> \u00a1Am\u00edn, fui juzgado! \u00a1Am\u00edn, no fui juzgado!<\/span><\/span><\/p>\n<p lang=\"es-ES\"><span style=\"font-family: Georgia, serif;\"><span style=\"font-size: 21px;\"><sup>27<\/sup> \u00a1Am\u00edn, fui crucificado! \u00a1Am\u00edn, no fui crucificado!<\/span><\/span><\/p>\n<p lang=\"es-ES\"><span style=\"font-family: Georgia, serif;\"><span style=\"font-size: 21px;\"><sup>28<\/sup> \u00a1Am\u00edn, fui clavado! \u00a1Am\u00edn, no fui clavado!<\/span><\/span><\/p>\n<p lang=\"es-ES\"><span style=\"font-family: Georgia, serif;\"><span style=\"font-size: 21px;\"><sup>29<\/sup> \u00a1Am\u00edn, sufr\u00ed! \u00a1Am\u00edn, no sufr\u00ed!<\/span><\/span><\/p>\n<p lang=\"es-ES\"><span style=\"font-family: Georgia, serif;\"><span style=\"font-size: 21px;\"><sup>30<\/sup> Am\u00edn, yo estoy en mi Padre; \u00a1Am\u00edn, mi Padre est\u00e1 en M\u00ed!<\/span><\/span><\/p>\n<p lang=\"es-ES\"><span style=\"font-family: Georgia, serif;\"><span style=\"font-size: 21px;\"><sup>31<\/sup> Pero vosotros dese\u00e1is el cumplimiento de mi Am\u00edn: me burl\u00e9 del mundo; \u00a1no pod\u00edan burlarse de m\u00ed!<\/span><\/span><\/p>\n<p lang=\"es-ES\"><span style=\"font-family: Georgia, serif;\"><span style=\"font-size: 21px;\"><sup>32<\/sup> Am\u00edn, Am\u00edn, Am\u00edn, Am\u00edn de nuevo, el Dios de cuatro caras;*<\/span><\/span><\/p>\n<p lang=\"es-ES\"><span style=\"font-family: Georgia, serif;\"><span style=\"font-size: large;\"><i>* (refiri\u00e9ndose a la majestad de Abba d&#8217;Rabbuta revelada en Su Sabidur\u00eda, Poder, Pureza y Justicia)<\/i><\/span><\/span><\/p>\n<p lang=\"es-ES\"><span style=\"font-family: Georgia, serif;\"><span style=\"font-size: 21px;\"><sup>33<\/sup> \u00a1Gloria y Honor al Am\u00edn, el Padre de la Grandeza!<\/span><\/span><\/p>\n<p lang=\"es-ES\"><span style=\"font-family: Georgia, serif;\"><span style=\"font-size: 21px;\"><sup>34<\/sup> \u00a1Bendici\u00f3n y santidad a Yisho, el Hijo del Am\u00edn!<\/span><\/span><\/p>\n<p lang=\"es-ES\"><span style=\"font-family: Georgia, serif;\"><span style=\"font-size: 21px;\"><sup>35<\/sup> \u00a1Victoria al Rukha d&#8217;Kudsha que nos ha ense\u00f1ado progresivamente este Am\u00edn y a sus santos Elegidos!\u201d<\/span><\/span><\/p>\n<p><span style=\"font-family: Georgia, serif;\"><span style=\"font-size: 21px;\"><span lang=\"es-ES\"><sup>36 <\/sup>En el momento cuando apareci\u00f3 Yisho en la tierra de Occidente*, entonces \u00e9l llam\u00f3<sup>\u2020 <\/sup>a una Asamblea y proclam\u00f3 su Esperanza y su Revelaci\u00f3n<sup>\u2021 <\/sup>a sus disc\u00edpulos.<\/span><\/span><\/span><\/p>\n<p lang=\"es-ES\"><span style=\"font-family: Georgia, serif;\"><span style=\"font-size: large;\"><i>* (Israel \u2013 es decir, al oeste de Persia)<\/i><\/span><\/span><\/p>\n<p lang=\"es-ES\">\u2020 <span style=\"font-family: Georgia, serif;\"><span style=\"font-size: large;\"><i>(eligi\u00f3)<\/i><\/span><\/span><\/p>\n<p lang=\"es-ES\">\u2021 <span style=\"font-family: Georgia, serif;\"><span style=\"font-size: large;\"><i>(Su Ense\u00f1anza Pura<\/i>)<\/span><\/span><\/p>\n<p lang=\"es-ES\"><span style=\"font-family: Georgia, serif;\"><span style=\"font-size: 21px;\"><sup>37<\/sup> Despu\u00e9s subi\u00f3 y descans\u00f3 en la Tierra de la Luz.<\/span><\/span><\/p>\n<p lang=\"es-ES\"><span style=\"font-family: Georgia, serif;\"><span style=\"font-size: 21px;\"><sup>38<\/sup> Se hizo una cr\u00f3nica* sobre su vida y sus ense\u00f1anzas y sus milagros.<\/span><\/span><\/p>\n<p lang=\"es-ES\"><span style=\"font-family: Georgia, serif;\"><span style=\"font-size: large;\"><i>* (Los Evangelios seg\u00fan Mateo, Marcos, Lucas y Juan encontrados en la Peshitta, com\u00fanmente referida como el Nuevo Testamento Arameo, y el Evangelio de Tom\u00e1s)<\/i><\/span><\/span><\/p>\n<\/div>\n","protected":false},"excerpt":{"rendered":"<p>Giliana Kudsha Estoy con Mis Ovejas Estoy con aquellos que adoran al Padre en esp\u00edritu y en verdad, con aquellos que ponen los Mandamientos del Padre en primer lugar, y con aquellos que buscan la paz con sus familias y vecinos. Ense\u00f1anzas de la Luz Cap\u00edtulo 1: El Padre de la Grandeza 1 Gloria y &#8230;<\/p>\n","protected":false},"author":3,"featured_media":0,"comment_status":"closed","ping_status":"closed","sticky":false,"template":"","format":"standard","meta":{"footnotes":""},"categories":[9],"tags":[11,29,22,13,14,15,16,17,19,18,21,12,24,23,10,30,27,28,20,31,26,25],"class_list":{"0":"post-1871","1":"post","2":"type-post","3":"status-publish","4":"format-standard","6":"category-lecturas-del-leccionario","7":"tag-biblia-de-oahspe","8":"tag-calendario","9":"tag-eloi","10":"tag-era-kosmon","11":"tag-fideismo","12":"tag-fideistas","13":"tag-fielismo","14":"tag-fielistas","15":"tag-iglesia-fideista","16":"tag-iglesia-fielista","17":"tag-jehovi","18":"tag-la-biblia-oahspe","19":"tag-lecturas-del-leccionario","20":"tag-lecturas-diarias","21":"tag-oahspe","22":"tag-observancias","23":"tag-pacto-unido","24":"tag-pacto-unido-de-la-luz","25":"tag-religion-de-la-luz","26":"tag-shabbat","27":"tag-yeshua","28":"tag-yoshu","29":"anons"},"_links":{"self":[{"href":"https:\/\/covenantarian.org\/u\/wp-json\/wp\/v2\/posts\/1871","targetHints":{"allow":["GET"]}}],"collection":[{"href":"https:\/\/covenantarian.org\/u\/wp-json\/wp\/v2\/posts"}],"about":[{"href":"https:\/\/covenantarian.org\/u\/wp-json\/wp\/v2\/types\/post"}],"author":[{"embeddable":true,"href":"https:\/\/covenantarian.org\/u\/wp-json\/wp\/v2\/users\/3"}],"replies":[{"embeddable":true,"href":"https:\/\/covenantarian.org\/u\/wp-json\/wp\/v2\/comments?post=1871"}],"version-history":[{"count":1,"href":"https:\/\/covenantarian.org\/u\/wp-json\/wp\/v2\/posts\/1871\/revisions"}],"predecessor-version":[{"id":1872,"href":"https:\/\/covenantarian.org\/u\/wp-json\/wp\/v2\/posts\/1871\/revisions\/1872"}],"wp:attachment":[{"href":"https:\/\/covenantarian.org\/u\/wp-json\/wp\/v2\/media?parent=1871"}],"wp:term":[{"taxonomy":"category","embeddable":true,"href":"https:\/\/covenantarian.org\/u\/wp-json\/wp\/v2\/categories?post=1871"},{"taxonomy":"post_tag","embeddable":true,"href":"https:\/\/covenantarian.org\/u\/wp-json\/wp\/v2\/tags?post=1871"}],"curies":[{"name":"wp","href":"https:\/\/api.w.org\/{rel}","templated":true}]}}