{"id":230,"date":"2024-09-13T10:46:23","date_gmt":"2024-09-13T10:46:23","guid":{"rendered":"https:\/\/covenantarian.org\/u\/?p=230"},"modified":"2024-09-13T10:48:19","modified_gmt":"2024-09-13T10:48:19","slug":"lecturas-del-convenio-unido-para-el-viernes-13-de-septiembre-2024","status":"publish","type":"post","link":"https:\/\/covenantarian.org\/u\/lecturas-del-leccionario\/lecturas-del-convenio-unido-para-el-viernes-13-de-septiembre-2024\/","title":{"rendered":"Lecturas del Convenio Unido para el Viernes, 13 de Septiembre, 2024"},"content":{"rendered":"<div class=\"entry\">\n<p><span style=\"font-size: 21px; font-family: georgia, palatino; color: #000000;\"><strong>Giliana Kudsha <\/strong><\/span><\/p>\n<p><span style=\"font-size: 21px; font-family: georgia, palatino; color: #000000;\"><b>Los Pactarios Esenios <\/b><b>\u2013 <\/b><b>Una Tribu Unida<\/b><\/span><\/p>\n<p><span style=\"font-family: georgia, palatino; font-size: 21px; color: #000000;\">Hablo al pueblo de Jehov\u00e1, a los Pactarios del Todopoderoso, y no al mundo. El Padre no est\u00e1 llamando a los uzianos, sino a Su pueblo. Jehov\u00e1 os est\u00e1 convocando a vosotros que sois los verdaderos Israelitas. Vosotros sois Pactarios Esenios y pertenec\u00e9is a Jehov\u00e1. Sois el valioso remanente del Creador Siempre Presente. Sois una tribu unida en la adoraci\u00f3n de Jehov\u00e1 y con el objetivo com\u00fan de permanecer fieles a los Mandamientos del Padre y de escuchar Su Voz como una sola comunidad espiritual.<\/span><\/p>\n<p><span style=\"font-family: georgia, palatino; font-size: 21px; color: #000000;\">Sin importar cu\u00e1n distantes est\u00e1is cada uno de vosotros el uno del otro, aun as\u00ed est\u00e1is unidos por la presencia de Jehov\u00e1. Sin importar qu\u00e9 idioma habl\u00e1is, el idioma de vuestro coraz\u00f3n debe ser uno, que es hacer la Voluntad del Padre.<\/span><\/p>\n<p><span style=\"font-family: georgia, palatino; font-size: 21px; color: #000000;\">El lenguaje espiritual de los Pactarios Esenios y el lenguaje nocivo de los uzianos son diferentes en muchos aspectos. El idioma en el que habl\u00e1is est\u00e1 lleno de alabanza, acci\u00f3n de gracias y gratitud a Jehov\u00e1, mientras que el idioma de los uzianos est\u00e1 lleno de suciedad, codicia, divisi\u00f3n y odio que solo alaba a satan\u00e1s (ego).<\/span><\/p>\n<p><span style=\"font-family: georgia, palatino; font-size: 21px; color: #000000;\">Es importante que los Pactarios de Jehov\u00e1 se distingan a s\u00ed mismos en su forma de hablar de la de uz. Como remanente, os est\u00e1is apoyando mutuamente en vuestra adoraci\u00f3n y servicio diarios a Jehov\u00e1 vuestro Creador. No se os ha asignado la tarea de convertir a los uzianos o de obligarlos a aceptar la Luz del Todopoderoso. Vuestro ejemplo de vivir de acuerdo con los Mandamientos y las Virtudes es suficiente para que otros dejen atr\u00e1s sus viejos h\u00e1bitos y acepten a Jehov\u00e1. Esto \u00faltimo solo ocurrir\u00e1 en Su tiempo, y solo de los uzianos que est\u00e1n intentando verdaderamente buscar Su verdad. En esta era, Jehov\u00e1 est\u00e1 interesado principalmente por Su remanente y por c\u00f3mo lo adoran seg\u00fan la manera en que \u00c9l ha inspirado a cada uno en su coraz\u00f3n.<\/span><\/p>\n<p><span style=\"font-family: georgia, palatino; font-size: 21px; color: #000000;\">Como Pactarios Esenios, ten\u00e9is que adoptar la manera de hablar de vuestros antepasados espirituales de la antig\u00fcedad. Ten\u00e9is una cultura \u00fanica que debe ser apreciada, promovida y mantenida dentro de la tribu. En todo lo que hag\u00e1is, hablad entre vosotros con amor y afiliaci\u00f3n, como lo hicieron los Esenios de Qumr\u00e1n hace siglos.<\/span><\/p>\n<p><span style=\"font-family: georgia, palatino; font-size: 21px; color: #000000;\">Adorad a Jehov\u00e1 el Todopoderoso en emeth (verdad) y ruach (esp\u00edritu), porque \u00c9l es Rey, y \u00c9l es el Padre de la tribu Pactaria Esenia. Vosotros sois los Pactarios de Jehov\u00e1. Caminad erguidos en Su Luz todos los d\u00edas.<\/span><\/p>\n<p>&nbsp;<\/p>\n<p align=\"JUSTIFY\"><span style=\"font-size: 21px; font-family: georgia, palatino; color: #000000;\" data-darkreader-inline-color=\"\"><strong>Ense\u00f1anzas de la Luz Cap\u00edtulo 59:<\/strong><\/span><\/p>\n<p lang=\"es-ES\" align=\"LEFT\"><span style=\"font-family: georgia, palatino; font-size: 21px; color: #000000;\" data-darkreader-inline-color=\"\"><i>Opresi\u00f3n<\/i><\/span><\/p>\n<p lang=\"es-ES\" align=\"LEFT\"><span style=\"font-family: georgia, palatino; font-size: 21px; color: #000000;\" data-darkreader-inline-color=\"\"><sup>1<\/sup> Los opresores de una naci\u00f3n son los que mienten sobre la cultura de aquellos que tratan de subyugar.<\/span><\/p>\n<p lang=\"es-ES\" align=\"LEFT\"><span style=\"font-family: georgia, palatino; font-size: 21px; color: #000000;\" data-darkreader-inline-color=\"\"><sup>2<\/sup> Los l\u00edderes religiosos del mundo y sus seguidores siempre han oprimido a los Hijos e Hijas de la Luz, ya que es la malvada quien dirige a tales opresores.<\/span><\/p>\n<p lang=\"es-ES\" align=\"LEFT\"><span style=\"font-family: georgia, palatino; font-size: 21px; color: #000000;\" data-darkreader-inline-color=\"\"><sup>3<\/sup> El destino de los que oprimen a la Verdad y a la Luz, y de los que oprimen y afligen a la Cruz de Luz, y de los que persiguen a los Hijos e Hijas de la Luz es la oscuridad eterna.<\/span><\/p>\n<p lang=\"es-ES\" align=\"LEFT\"><span style=\"font-family: georgia, palatino; font-size: 21px; color: #000000;\" data-darkreader-inline-color=\"\"><sup>4<\/sup> Los que siguen oprimiendo a la Luz y a su Mensaje universal no son parte de la asamblea divina establecida por el Padre de la Grandeza; tales personas est\u00e1n afuera en la oscuridad y a\u00fallan como lobos en la noche.<\/span><\/p>\n<p>&nbsp;<\/p>\n<p lang=\"es-ES\" align=\"LEFT\"><span style=\"font-family: georgia, palatino; font-size: 21px; color: #000000;\" data-darkreader-inline-color=\"\"><strong>Libro de la Verdad, El Monte de la Transfiguraci\u00f3n \u2013 158:0-1:<\/strong><\/span><\/p>\n<p lang=\"es-ES\" align=\"LEFT\"><span style=\"font-family: georgia, palatino; font-size: 21px; color: #000000;\" data-darkreader-inline-color=\"\">158:0.1<\/span><\/p>\n<p lang=\"es-ES\" align=\"LEFT\"><span style=\"font-family: georgia, palatino; font-size: 21px; color: #000000;\" data-darkreader-inline-color=\"\">ERA casi el atardecer del viernes 12 de agosto del a\u00f1o 29 d. de J.C., cuando Jes\u00fas y sus asociados llegaron al pie del Monte Herm\u00f3n, cerca del mismo lugar donde el joven Tiglat aguardara cierta vez mientras el Maestro ascend\u00eda la monta\u00f1a a solas para resolver los destinos espirituales de Urantia y terminar t\u00e9cnicamente con la rebeli\u00f3n de Lucifer. Aqu\u00ed permanecieron durante dos d\u00edas, en preparaci\u00f3n espiritual para los acontecimientos que pronto se desencadenar\u00edan.<\/span><\/p>\n<p lang=\"es-ES\" align=\"LEFT\"><span style=\"font-family: georgia, palatino; font-size: 21px; color: #000000;\" data-darkreader-inline-color=\"\">158:0.2<\/span><\/p>\n<p lang=\"es-ES\" align=\"LEFT\"><span style=\"font-family: georgia, palatino; font-size: 21px; color: #000000;\" data-darkreader-inline-color=\"\">En forma general, Jes\u00fas sab\u00eda de antemano qu\u00e9 ocurrir\u00eda en la monta\u00f1a, y mucho deseaba que todos sus ap\u00f3stoles pudieran compartir esta experiencia. Fue para prepararlos para esta revelaci\u00f3n de s\u00ed mismo para que permaneci\u00f3 con ellos al pie de la monta\u00f1a. Pero no pod\u00edan ellos alcanzar los niveles espirituales que justificaran su exposici\u00f3n a la experiencia plena de la inminente visitaci\u00f3n de los seres celestiales sobre la tierra. Y puesto que no pod\u00eda llevar a todos sus asociados con \u00e9l, decidi\u00f3 llevar \u00fanicamente a los tres que habitualmente lo acompa\u00f1aban en tales vigilias especiales. Por consiguiente, s\u00f3lo Pedro, Santiago y Juan compartieron por lo menos cierta parte de esta experiencia singular con el Maestro.<\/span><\/p>\n<p lang=\"es-ES\" align=\"LEFT\"><strong><span style=\"font-family: georgia, palatino; font-size: 21px; color: #000000;\" data-darkreader-inline-color=\"\">1. La Transfiguraci\u00f3n<\/span><\/strong><\/p>\n<p lang=\"es-ES\" align=\"LEFT\"><span style=\"font-family: georgia, palatino; font-size: 21px; color: #000000;\" data-darkreader-inline-color=\"\">158:1.1<\/span><\/p>\n<p lang=\"es-ES\" align=\"LEFT\"><span style=\"font-family: georgia, palatino; font-size: 21px; color: #000000;\" data-darkreader-inline-color=\"\">Temprano por la ma\u00f1ana del lunes 15 de agosto, Jes\u00fas y los tres ap\u00f3stoles comenzaron su ascensi\u00f3n al Monte Herm\u00f3n, seis d\u00edas despu\u00e9s de la memorable confesi\u00f3n de Pedro, un mediod\u00eda a la orilla del camino bajo las moreras.<\/span><\/p>\n<p lang=\"es-ES\" align=\"LEFT\"><span style=\"font-family: georgia, palatino; font-size: 21px; color: #000000;\" data-darkreader-inline-color=\"\">158:1.2<\/span><\/p>\n<p lang=\"es-ES\" align=\"LEFT\"><span style=\"font-family: georgia, palatino; font-size: 21px; color: #000000;\" data-darkreader-inline-color=\"\">Jes\u00fas hab\u00eda sido llamado para ascender solo a la monta\u00f1a, para tratar importantes asuntos que ten\u00edan que ver con el progreso de su autootorgamiento, en cuanto se relacionaba esta experiencia con el universo de su creaci\u00f3n. Es significativo que este extraordinario evento aconteciera precisamente cuando Jes\u00fas y los ap\u00f3stoles estaban en tierra de los gentiles, y que efectivamente ocurri\u00f3 en una monta\u00f1a de gentiles.<\/span><\/p>\n<p lang=\"es-ES\" align=\"LEFT\"><span style=\"font-family: georgia, palatino; font-size: 21px; color: #000000;\" data-darkreader-inline-color=\"\">158:1.3<\/span><\/p>\n<p lang=\"es-ES\" align=\"LEFT\"><span style=\"font-family: georgia, palatino; font-size: 21px; color: #000000;\" data-darkreader-inline-color=\"\">Llegaron a su destino, aproximadamente a mitad de camino por la monta\u00f1a, poco despu\u00e9s de mediod\u00eda, y mientras almorzaban, Jes\u00fas relat\u00f3 a los tres ap\u00f3stoles algo de su experiencia en las colinas al este del Jord\u00e1n, poco despu\u00e9s de su bautismo, as\u00ed como tambi\u00e9n un poco m\u00e1s de su experiencia en el Monte Herm\u00f3n en relaci\u00f3n con su visita anterior a este retiro solitario.<\/span><\/p>\n<p lang=\"es-ES\" align=\"LEFT\"><span style=\"font-family: georgia, palatino; font-size: 21px; color: #000000;\" data-darkreader-inline-color=\"\">158:1.4<\/span><\/p>\n<p lang=\"es-ES\" align=\"LEFT\"><span style=\"font-family: georgia, palatino; font-size: 21px; color: #000000;\" data-darkreader-inline-color=\"\">Cuando era ni\u00f1o, Jes\u00fas acostumbraba ascender a las colinas cerca de su casa y so\u00f1ar con las batallas de los ej\u00e9rcitos de los imperios en las planicies de Esdrael\u00f3n; ahora, ascend\u00eda el Monte Herm\u00f3n para recibir la dotaci\u00f3n que lo preparar\u00eda para descender a las planicies del Jord\u00e1n y ejecutar las escenas finales del drama de su autootorgamiento en Urantia. El Maestro podr\u00eda haber abandonado la lucha este d\u00eda en el Monte Herm\u00f3n, volviendo al gobierno de sus dominios universales, pero no solamente eligi\u00f3 cumplir con los requisitos de su orden de filiaci\u00f3n divina, comprendidos en el mandato del Hijo Eterno del Para\u00edso, sino que tambi\u00e9n eligi\u00f3 enfrentarse con la \u00faltima y plena medida de la voluntad presente de su Padre del Para\u00edso. En este d\u00eda de agosto, tres de sus ap\u00f3stoles le vieron rehusar que le confirieran la autoridad plena del universo. Ellos contemplaron pasmados mientras part\u00edan los mensajeros celestiales, dej\u00e1ndolo solo para terminar su vida terrenal como Hijo del Hombre y como Hijo de Dios.<\/span><\/p>\n<p lang=\"es-ES\" align=\"LEFT\"><span style=\"font-family: georgia, palatino; font-size: 21px; color: #000000;\" data-darkreader-inline-color=\"\">158:1.5<\/span><\/p>\n<p lang=\"es-ES\" align=\"LEFT\"><span style=\"font-family: georgia, palatino; font-size: 21px; color: #000000;\" data-darkreader-inline-color=\"\">La fe de los ap\u00f3stoles lleg\u00f3 a su cumbre en el momento del episodio de la alimentaci\u00f3n de los cinco mil, habiendo ca\u00eddo despu\u00e9s r\u00e1pidamente hasta casi cero. Pero ahora, debido a que el Maestro hab\u00eda admitido su divinidad, la retardada fe de los doce se elev\u00f3 hasta su m\u00e1s alta c\u00faspide en las siguientes pocas semanas, s\u00f3lo para declinar despu\u00e9s progresivamente. La tercera revitalizaci\u00f3n de su fe no ocurri\u00f3 hasta despu\u00e9s de la resurrecci\u00f3n del Maestro.<\/span><\/p>\n<p lang=\"es-ES\" align=\"LEFT\"><span style=\"font-family: georgia, palatino; font-size: 21px; color: #000000;\" data-darkreader-inline-color=\"\">158:1.6<\/span><\/p>\n<p lang=\"es-ES\" align=\"LEFT\"><span style=\"font-family: georgia, palatino; font-size: 21px; color: #000000;\" data-darkreader-inline-color=\"\">Eran aproximadamente las tres de esta bella tarde cuando Jes\u00fas se despidi\u00f3 de los tres ap\u00f3stoles, diciendo: \u00abMe alejo a solas por un tiempo, para comulgar con el Padre y sus mensajeros; os exhort\u00f3 que os qued\u00e9is aqu\u00ed y, mientras aguard\u00e1is mi retorno, or\u00e9is porque se haga la voluntad del Padre en toda vuestra experiencia en relaci\u00f3n con el resto de la misi\u00f3n autootorgadora del Hijo del Hombre\u00bb. Despu\u00e9s de hablarles as\u00ed, Jes\u00fas se retir\u00f3 para conferenciar largamente con Gabriel y con el Padre Melquisedek, y no retorn\u00f3 hasta aproximadamente las seis de la tarde. Cuando Jes\u00fas vio la ansiedad de sus ap\u00f3stoles por su prolongada ausencia, dijo: \u00ab\u00bfPor qu\u00e9 tem\u00edais? Bien sab\u00e9is que debo ocuparme de los asuntos de mi Padre; \u00bfpor qu\u00e9 dud\u00e1is cuando yo no estoy con vosotros? Declaro ahora que el Hijo del Hombre ha elegido continuar con su vida plena en vuestro medio y como uno de vosotros. Estad de buen \u00e1nimo; no os abandonar\u00e9 hasta no haber terminado mi obra\u00bb.<\/span><\/p>\n<p lang=\"es-ES\" align=\"LEFT\"><span style=\"font-family: georgia, palatino; font-size: 21px; color: #000000;\" data-darkreader-inline-color=\"\">158:1.7<\/span><\/p>\n<p lang=\"es-ES\" align=\"LEFT\"><span style=\"font-family: georgia, palatino; font-size: 21px; color: #000000;\" data-darkreader-inline-color=\"\">Mientras compart\u00edan la escasa cena, Pedro pregunt\u00f3 al Maestro: \u00ab\u00bfPor cu\u00e1nto tiempo nos quedaremos en esta monta\u00f1a, lejos de nuestros hermanos?\u00bb Jes\u00fas contest\u00f3: \u00abHasta que ve\u00e1is la gloria del Hijo del Hombre y conozc\u00e1is que todo lo que os he declarado es verdad\u00bb. Hablaron pues de los asuntos de la rebeli\u00f3n de Lucifer mientras estaban sentados alrededor de las brasas centelleantes del fuego que hab\u00edan encendido, hasta que los envolvieron las tinieblas y los p\u00e1rpados de los ap\u00f3stoles se hicieron pesados porque hab\u00edan empezado su viaje muy temprano esa ma\u00f1ana.<\/span><\/p>\n<p lang=\"es-ES\" align=\"LEFT\"><span style=\"font-family: georgia, palatino; font-size: 21px; color: #000000;\" data-darkreader-inline-color=\"\">158:1.8<\/span><\/p>\n<p lang=\"es-ES\" align=\"LEFT\"><span style=\"font-family: georgia, palatino; font-size: 21px; color: #000000;\" data-darkreader-inline-color=\"\">Los tres dorm\u00edan profundamente desde hac\u00eda una media hora, cuando fueron repentinamente despertados por un cercano ruido chispeante, y ante su maravilla y consternaci\u00f3n, al mirar a su alrededor, contemplaron a Jes\u00fas en \u00edntima conversaci\u00f3n con dos seres resplandecientes vestidos con los indumentos de luz del mundo celestial. Y el rostro y la silueta de Jes\u00fas brillaban con la luminosidad de una luz celestial. Estos tres conversaban en un extra\u00f1o idioma, pero por ciertas cosas dichas, Pedro conjetur\u00f3 err\u00f3neamente que los seres con Jes\u00fas eran Mois\u00e9s y El\u00edas; en realidad, eran Gabriel y el Padre Melquisedek. Los controladores f\u00edsicos hab\u00edan dispuesto, por solicitud de Jes\u00fas, que los ap\u00f3stoles presenciaran esta escena.<\/span><\/p>\n<p lang=\"es-ES\" align=\"LEFT\"><span style=\"font-family: georgia, palatino; font-size: 21px; color: #000000;\" data-darkreader-inline-color=\"\">158:1.9<\/span><\/p>\n<p lang=\"es-ES\" align=\"LEFT\"><span style=\"font-family: georgia, palatino; font-size: 21px; color: #000000;\" data-darkreader-inline-color=\"\">Los tres ap\u00f3stoles estaban tan asustados que les llev\u00f3 un tiempo en recuperarse completamente, pero Pedro, que fue el primero en volver en s\u00ed, dijo, mientras la deslumbrante visi\u00f3n se desvanec\u00eda ante ellos y observaban a Jes\u00fas, de pie solo: \u00abJes\u00fas, Maestro, es bueno haber estado aqu\u00ed. Nos regocijamos de ver esta gloria. No queremos volver a descender al mundo ignominioso. Si t\u00fa quieres, d\u00e9janos morar aqu\u00ed, y erigiremos tres tiendas, una para ti, una para Mois\u00e9s, y otra para El\u00edas\u00bb. Pedro dijo esto debido a su confusi\u00f3n y porque en ese momento no se le ocurr\u00eda ninguna otra cosa.<\/span><\/p>\n<p lang=\"es-ES\" align=\"LEFT\"><span style=\"font-family: georgia, palatino; font-size: 21px; color: #000000;\" data-darkreader-inline-color=\"\">158:1.10<\/span><\/p>\n<p lang=\"es-ES\" align=\"LEFT\"><span style=\"font-family: georgia, palatino; font-size: 21px; color: #000000;\" data-darkreader-inline-color=\"\">Mientras Pedro a\u00fan estaba hablando, cay\u00f3 una nube plateada que los envolvi\u00f3 a los cuatro en sombras. Los ap\u00f3stoles se aterrorizaron aun m\u00e1s, y al caer de bruces para adorar, oyeron una voz, la misma que hab\u00eda hablado en ocasi\u00f3n del bautismo de Jes\u00fas, decir: \u00ab\u00c9ste es mi Hijo amado; prestadle atenci\u00f3n\u00bb. Y cuando se hubo desvanecido la nube, nuevamente estuvo Jes\u00fas solo con los tres y se inclin\u00f3 y los toc\u00f3, diciendo: \u00abLevantaos y no tem\u00e1is; ver\u00e9is cosas aun m\u00e1s grandes que \u00e9sta\u00bb. Pero los ap\u00f3stoles estaban verdaderamente aterrorizados; al prepararse para descender la monta\u00f1a, poco antes de la medianoche, formaban un tr\u00edo silencioso y pensativo.<\/span><\/p>\n<\/div>\n","protected":false},"excerpt":{"rendered":"<p>Giliana Kudsha Los Pactarios Esenios \u2013 Una Tribu Unida Hablo al pueblo de Jehov\u00e1, a los Pactarios del Todopoderoso, y no al mundo. El Padre no est\u00e1 llamando a los uzianos, sino a Su pueblo. Jehov\u00e1 os est\u00e1 convocando a vosotros que sois los verdaderos Israelitas. Vosotros sois Pactarios Esenios y pertenec\u00e9is a Jehov\u00e1. Sois &#8230;<\/p>\n","protected":false},"author":3,"featured_media":0,"comment_status":"closed","ping_status":"closed","sticky":false,"template":"","format":"standard","meta":{"footnotes":""},"categories":[9],"tags":[11,29,22,13,14,15,16,17,19,18,21,12,24,23,10,30,27,28,20,31,26,25],"class_list":{"0":"post-230","1":"post","2":"type-post","3":"status-publish","4":"format-standard","6":"category-lecturas-del-leccionario","7":"tag-biblia-de-oahspe","8":"tag-calendario","9":"tag-eloi","10":"tag-era-kosmon","11":"tag-fideismo","12":"tag-fideistas","13":"tag-fielismo","14":"tag-fielistas","15":"tag-iglesia-fideista","16":"tag-iglesia-fielista","17":"tag-jehovi","18":"tag-la-biblia-oahspe","19":"tag-lecturas-del-leccionario","20":"tag-lecturas-diarias","21":"tag-oahspe","22":"tag-observancias","23":"tag-pacto-unido","24":"tag-pacto-unido-de-la-luz","25":"tag-religion-de-la-luz","26":"tag-shabbat","27":"tag-yeshua","28":"tag-yoshu","29":"anons"},"_links":{"self":[{"href":"https:\/\/covenantarian.org\/u\/wp-json\/wp\/v2\/posts\/230","targetHints":{"allow":["GET"]}}],"collection":[{"href":"https:\/\/covenantarian.org\/u\/wp-json\/wp\/v2\/posts"}],"about":[{"href":"https:\/\/covenantarian.org\/u\/wp-json\/wp\/v2\/types\/post"}],"author":[{"embeddable":true,"href":"https:\/\/covenantarian.org\/u\/wp-json\/wp\/v2\/users\/3"}],"replies":[{"embeddable":true,"href":"https:\/\/covenantarian.org\/u\/wp-json\/wp\/v2\/comments?post=230"}],"version-history":[{"count":4,"href":"https:\/\/covenantarian.org\/u\/wp-json\/wp\/v2\/posts\/230\/revisions"}],"predecessor-version":[{"id":234,"href":"https:\/\/covenantarian.org\/u\/wp-json\/wp\/v2\/posts\/230\/revisions\/234"}],"wp:attachment":[{"href":"https:\/\/covenantarian.org\/u\/wp-json\/wp\/v2\/media?parent=230"}],"wp:term":[{"taxonomy":"category","embeddable":true,"href":"https:\/\/covenantarian.org\/u\/wp-json\/wp\/v2\/categories?post=230"},{"taxonomy":"post_tag","embeddable":true,"href":"https:\/\/covenantarian.org\/u\/wp-json\/wp\/v2\/tags?post=230"}],"curies":[{"name":"wp","href":"https:\/\/api.w.org\/{rel}","templated":true}]}}