{"id":305,"date":"2024-09-30T22:43:23","date_gmt":"2024-09-30T22:43:23","guid":{"rendered":"https:\/\/covenantarian.org\/u\/?p=305"},"modified":"2024-10-01T10:11:35","modified_gmt":"2024-10-01T10:11:35","slug":"lecturas-del-convenio-unido-para-el-martes-1-de-octubre-2024","status":"publish","type":"post","link":"https:\/\/covenantarian.org\/u\/lecturas-del-leccionario\/lecturas-del-convenio-unido-para-el-martes-1-de-octubre-2024\/","title":{"rendered":"Lecturas del Convenio Unido para el Martes, 1 de Octubre, 2024"},"content":{"rendered":"<div class=\"entry\">\n<p><span style=\"font-size: 21px; font-family: georgia, palatino; color: #000000;\"><strong>Giliana Kudsha<\/strong><\/span><\/p>\n<p><span style=\"font-family: georgia, palatino; font-size: 21px; color: #000000;\"><b>Luz de Luz<\/b><\/span><\/p>\n<p><span style=\"font-family: georgia, palatino; font-size: 21px; color: #000000;\">No pertenezco a ninguna religi\u00f3n en particular. No soy Hind\u00fa, ni Budista ni Jud\u00edo. No soy Zoro\u00e1strico ni Maniqueo. No soy Cristiano ni Musulm\u00e1n. Yo soy del Padre y es \u00c9l quien me ha enviado al mundo para dar luz en un solo convenio en vuestra era. Soy luz de luz. Sirvo a todos los que desean recibir la luz de Dios, porque El que me envi\u00f3 a vuestro mundo es la Fuente de la luz.<\/span><\/p>\n<p><span style=\"font-family: georgia, palatino; font-size: 21px; color: #000000;\">Tengo conocimiento de todo lo bueno que hay en varias religiones. Adem\u00e1s, soy consciente de lo malvado que existe en la mayor\u00eda de las religiones de vuestro mundo. No le digo a nadie que se aparte de su religi\u00f3n a menos que sea de un origen malvado o si esa religi\u00f3n se ha vuelto amarga con el tiempo; os digo que sig\u00e1is adorando lo que sab\u00e9is, si es verdadero y si es ben\u00e9volo. Si ayuda a elevaros a vosotros y a otros a los pies de Dios, entonces seguid. Sin embargo, si no es ben\u00e9volo y no os acerca al Dios Todopoderoso, deb\u00e9is abandonarlo. Dios es luz; Dios es verdadero; Dios es Rey. Adorad al \u00fanico Dios y sed bendecidos en esta vida y en la pr\u00f3xima.<\/span><\/p>\n<p><span style=\"font-family: georgia, palatino; font-size: 21px; color: #000000;\">En el Convenio Unido, el Padre de la Grandeza me ha designado para escudri\u00f1ar las antiguas religiones que alguna vez contuvieron la luz y para daros lo que es verdadero y para proveeros revelaci\u00f3n desde Su trono, con respecto a las diferentes culturas y las diversidades entre la humanidad. En este convenio, toda la verdad se re\u00fane en un solo prisma, que brilla luz por todo vuestro mundo. Todas las falsedades deben ser eliminadas y quemadas, porque la oscuridad y la luz no pueden coexistir.<\/span><\/p>\n<p align=\"JUSTIFY\"><span style=\"font-family: georgia, palatino; font-size: 21px; color: #000000;\">Hemos llamado a un pueblo especial para que lleve el Nombre del Creador Eterno. Son Su propio pueblo; son Su Remanente. Adoran de acuerdo con las instrucciones dadas a ellos mediante Sus Mensajeros. Otros en el mundo no reciben tal instrucci\u00f3n. Bienaventurados los que han sido llamados al redil del Pastor.<\/span><\/p>\n<p><span style=\"font-size: 21px; color: #000000; --darkreader-inline-color: #e8e6e3; font-family: georgia, palatino;\" data-darkreader-inline-color=\"\"><strong>Ense\u00f1anzas de la Luz Cap\u00edtulo 77:<\/strong><\/span><\/p>\n<p lang=\"es-ES\" align=\"LEFT\"><span style=\"font-family: georgia, palatino; font-size: 21px; color: #000000; --darkreader-inline-color: #e8e6e3;\" data-darkreader-inline-color=\"\"><i>El Alma<\/i><\/span><\/p>\n<p lang=\"es-ES\" align=\"LEFT\"><span style=\"font-family: georgia, palatino; font-size: 21px; color: #000000; --darkreader-inline-color: #e8e6e3;\" data-darkreader-inline-color=\"\"><sup>1<\/sup> El alma anhela naturalmente por la Luz de Dios y por estar unida con el Esp\u00edritu Viviente en todo momento.<\/span><\/p>\n<p lang=\"es-ES\" align=\"LEFT\"><span style=\"font-family: georgia, palatino; font-size: 21px; color: #000000; --darkreader-inline-color: #e8e6e3;\" data-darkreader-inline-color=\"\"><sup>2<\/sup> La adoraci\u00f3n de y oraci\u00f3n al \u00danico Dios, es el estado natural del alma.<\/span><\/p>\n<p lang=\"es-ES\" align=\"LEFT\"><span style=\"font-family: georgia, palatino; font-size: 21px; color: #000000; --darkreader-inline-color: #e8e6e3;\" data-darkreader-inline-color=\"\"><sup>3<\/sup> El viento siempre es invisible, pero lo sent\u00eds en vuestra cara; de la misma manera, Dios, aunque no es visible f\u00edsicamente, siempre est\u00e1 presente y se le puede sentir dentro de vuestra alma.<\/span><\/p>\n<p lang=\"es-ES\" align=\"LEFT\"><span style=\"font-family: georgia, palatino; font-size: 21px; color: #000000; --darkreader-inline-color: #e8e6e3;\" data-darkreader-inline-color=\"\"><sup>4<\/sup> Para que el alma entre en uni\u00f3n perfecta conmigo, uno debe practicar las Doce Virtudes con un coraz\u00f3n sincero y con manos honestas.<\/span><\/p>\n<p lang=\"es-ES\" align=\"LEFT\"><span style=\"font-family: georgia, palatino; font-size: 21px; color: #000000; --darkreader-inline-color: #e8e6e3;\" data-darkreader-inline-color=\"\"><sup>5 <\/sup>La mayor\u00eda de las almas que est\u00e1n en la tierra en este momento ya han sido marcadas como justas o malvadas. <\/span><\/p>\n<p lang=\"es-ES\" align=\"LEFT\"><span style=\"font-family: georgia, palatino; font-size: 21px; color: #000000; --darkreader-inline-color: #e8e6e3;\" data-darkreader-inline-color=\"\"><sup>6 <\/sup>Las almas malvadas experimentan la aniquilaci\u00f3n de la conciencia y son destruidas finalmente, si no se arrepienten despu\u00e9s de haber sido provistas con la oportunidad de hacerlo. <\/span><\/p>\n<p lang=\"es-ES\" align=\"LEFT\"><span style=\"font-family: georgia, palatino; font-size: 21px; color: #000000; --darkreader-inline-color: #e8e6e3;\" data-darkreader-inline-color=\"\"><sup>7<\/sup> En cuanto a las almas consideradas malvadas, hay algunas almas que el Padre sabe que tienen el potencial de la redenci\u00f3n \u2013 a tales se les ofrece la oportunidad de obtener la iluminaci\u00f3n y la perfecci\u00f3n. <\/span><\/p>\n<p lang=\"es-ES\" align=\"LEFT\"><span style=\"font-family: georgia, palatino; font-size: 21px; color: #000000; --darkreader-inline-color: #e8e6e3;\" data-darkreader-inline-color=\"\"><sup>8<\/sup> Todas las almas tienen la oportunidad de re-educaci\u00f3n \u2013 es decir, aquellas a las que a\u00fan no se les ha proporcionado la educaci\u00f3n adecuada. <\/span><\/p>\n<p lang=\"es-ES\" align=\"LEFT\"><span style=\"font-family: georgia, palatino; font-size: 21px; color: #000000; --darkreader-inline-color: #e8e6e3;\" data-darkreader-inline-color=\"\"><sup>9<\/sup> <i>[En respuesta a la pregunta: \u00bfA aquellas almas que est\u00e1n marcadas como malvadas, como esas almas que una vez estuvieron en el vac\u00edo, que no hab\u00edan sido cosechadas de un mundo anterior, se les permite en alg\u00fan momento empezar de nuevo?] <\/i>Esto depende de la situaci\u00f3n del alma en s\u00ed. A algunas se les ofrece curaci\u00f3n, re-educaci\u00f3n, mientras que otras caminan, por su propia elecci\u00f3n, hacia el Campo del Vac\u00edo, que es la aniquilaci\u00f3n. <\/span><\/p>\n<p lang=\"es-ES\" align=\"LEFT\"><span style=\"font-family: georgia, palatino; font-size: 21px; color: #000000; --darkreader-inline-color: #e8e6e3;\" data-darkreader-inline-color=\"\"><sup>10<\/sup> Aquellos que deliberadamente rechazan la Causa de la Creaci\u00f3n, la Fuente Divina Suprema, son destruidos junto con su conciencia. <\/span><\/p>\n<p lang=\"es-ES\" align=\"LEFT\"><span style=\"font-family: georgia, palatino; font-size: 21px; color: #000000; --darkreader-inline-color: #e8e6e3;\" data-darkreader-inline-color=\"\"><sup>11<\/sup> Si las almas malvadas rechazan deliberadamente a la Fuente Divina, esas almas son destruidas al igual que la malvada. El Padre, en Su Sabidur\u00eda Suprema, es consciente de sus propios pensamientos y es \u00c9l quien sabe si tienen el potencial de ser redimidas o no.<\/span><\/p>\n<p>&nbsp;<\/p>\n<p lang=\"es-ES\" align=\"LEFT\"><span style=\"font-family: georgia, palatino; font-size: 21px; color: #000000; --darkreader-inline-color: #e8e6e3;\" data-darkreader-inline-color=\"\"><strong>Libro de la Verdad, La Curaci\u00f3n del Paral\u00edtico \u2013 148:9.1-4:<\/strong><\/span><\/p>\n<p lang=\"es-ES\" align=\"LEFT\"><span style=\"font-family: georgia, palatino; font-size: 21px; color: #000000; --darkreader-inline-color: #e8e6e3;\" data-darkreader-inline-color=\"\">148:9.1<\/span><\/p>\n<p lang=\"es-ES\" align=\"LEFT\"><span style=\"font-family: georgia, palatino; font-size: 21px; color: #000000; --darkreader-inline-color: #e8e6e3;\" data-darkreader-inline-color=\"\">El viernes por la tarde del 1 de octubre, cuando Jes\u00fas estaba celebrando su \u00faltima reuni\u00f3n con los ap\u00f3stoles, evangelistas y otros l\u00edderes del campamento en desbande, y con los seis fariseos de Jerusal\u00e9n sentados en la primera fila de esta asamblea en la espaciosa y agrandada habitaci\u00f3n delantera de la casa de Zebedeo, ocurri\u00f3 uno de los episodios m\u00e1s extra\u00f1os y singulares de toda la vida de Jes\u00fas en la tierra. El Maestro estaba en ese momento hablando de pie en esta gran habitaci\u00f3n, que hab\u00eda sido construida para permitir estas reuniones durante la temporada de lluvia. La casa estaba completamente rodeada por una vasta multitud que tend\u00eda el o\u00eddo para escuchar algunas palabras del discurso de Jes\u00fas.<\/span><\/p>\n<p lang=\"es-ES\" align=\"LEFT\"><span style=\"font-family: georgia, palatino; font-size: 21px; color: #000000; --darkreader-inline-color: #e8e6e3;\" data-darkreader-inline-color=\"\">148:9.2<\/span><\/p>\n<p lang=\"es-ES\" align=\"LEFT\"><span style=\"font-family: georgia, palatino; font-size: 21px; color: #000000; --darkreader-inline-color: #e8e6e3;\" data-darkreader-inline-color=\"\">Mientras la casa estaba de esta manera llena de gente y completamente rodeada de oyentes ansiosos, fue tra\u00eddo de Capernaum en una peque\u00f1a litera por sus amigos, un hombre paral\u00edtico desde hac\u00eda mucho tiempo. Este paral\u00edtico hab\u00eda escuchado que Jes\u00fas estaba a punto de irse de Betsaida, y habiendo hablado con Aar\u00f3n el alba\u00f1il, que tan recientemente hab\u00eda sido curado, resolvi\u00f3 que le llevaran a la presencia de Jes\u00fas, para que pudiera obtener curaci\u00f3n. Sus amigos trataron de entrar a la casa de Zebedeo tanto por la puerta de adelante como por la de atr\u00e1s, pero hab\u00eda demasiada gente. Pero el paral\u00edtico no quiso resignarse; pidi\u00f3 a sus amigos que buscaran las escaleras y as\u00ed subieron al techo de la habitaci\u00f3n en la cual Jes\u00fas estaba hablando, y despu\u00e9s de aflojar las tejas, audazmente bajaron al enfermo con su litera mediante sogas hasta que el afligido se encontr\u00f3 en el piso directamente delante del Maestro. Cuando Jes\u00fas vio lo que esta gente hab\u00eda hecho, dej\u00f3 de hablar, mientras que los que estaban con \u00e9l en la habitaci\u00f3n se maravillaron con la perseverancia de este enfermo y de sus amigos. Dijo el paral\u00edtico: \u00abMaestro, no quiero molestarte en tus ense\u00f1anzas, pero estoy decidido a sanar. Yo no soy como los que recibieron tu curaci\u00f3n e inmediatamente se olvidaron de tus ense\u00f1anzas. Yo deseo curarme para poder servir en el reino del cielo\u00bb. A pesar de que la aflicci\u00f3n de este hombre hab\u00eda sido producida por su propia vida malgastada, Jes\u00fas, viendo su fe, le dijo al paral\u00edtico: \u00abHijo, no temas; tus pecados est\u00e1n perdonados. Tu fe te salvar\u00e1\u00bb.<\/span><\/p>\n<p lang=\"es-ES\" align=\"LEFT\"><span style=\"font-family: georgia, palatino; font-size: 21px; color: #000000; --darkreader-inline-color: #e8e6e3;\" data-darkreader-inline-color=\"\">148:9.3<\/span><\/p>\n<p lang=\"es-ES\" align=\"LEFT\"><span style=\"font-family: georgia, palatino; font-size: 21px; color: #000000; --darkreader-inline-color: #e8e6e3;\" data-darkreader-inline-color=\"\">Cuando los fariseos de Jerusal\u00e9n, juntamente con otros escribas y abogados que estaban sentados con ellos, escucharon esta declaraci\u00f3n de Jes\u00fas, empezaron a decir entre ellos: \u00ab\u00bfC\u00f3mo se atreve este hombre a hablar de esta manera? \u00bfAcaso no entiende que estas palabras son blasfemia? \u00bfQui\u00e9n puede perdonar un pecado, sino Dios?\u00bb Jes\u00fas, habiendo percibido en su esp\u00edritu que as\u00ed pensaban ellos y comentaban entre ellos, les habl\u00f3 dici\u00e9ndoles: \u00ab\u00bfPor qu\u00e9 razon\u00e1is as\u00ed en vuestro coraz\u00f3n? \u00bfQui\u00e9nes sois vosotros que os atrev\u00e9is a juzgarme? \u00bfQu\u00e9 diferencia hay si yo digo a este paral\u00edtico, tus pecados est\u00e1n perdonados, o, lev\u00e1ntate, levanta tu litera y anda? Pero, para que vosotros que presenci\u00e1is todo esto pod\u00e1is finalmente saber que el Hijo del Hombre tiene autoridad y poder en la tierra para perdonar los pecados, dir\u00e9 a este hombre afligido: Lev\u00e1ntate, levanta tu litera, y vete a tu casa\u00bb. Y cuando Jes\u00fas hubo hablado as\u00ed, el paral\u00edtico se levant\u00f3, y mientras la multitud se abr\u00eda para dejarle paso, sali\u00f3 delante de todos ellos. Y los que vieron estas cosas estaban asombrados. Pedro despidi\u00f3 la asamblea, mientras muchos oraban y glorificaban a Dios, confesando que no hab\u00edan visto nunca antes tan extra\u00f1os acontecimientos.<\/span><\/p>\n<p lang=\"es-ES\" align=\"LEFT\"><span style=\"font-family: georgia, palatino; font-size: 21px; color: #000000; --darkreader-inline-color: #e8e6e3;\" data-darkreader-inline-color=\"\">148:9.4<\/span><\/p>\n<p lang=\"es-ES\" align=\"LEFT\"><span style=\"font-family: georgia, palatino; font-size: 21px; color: #000000; --darkreader-inline-color: #e8e6e3;\" data-darkreader-inline-color=\"\">Aproximadamente en este momento los mensajeros del sanedr\u00edn llegaron para ordenar a los seis esp\u00edas que retornaran a Jerusal\u00e9n. Cuando escucharon este mensaje, cayeron en una seria disputa entre ellos; y una vez que hubieron terminado sus discusiones, el l\u00edder y dos de sus asociados volvieron con los mensajeros a Jerusal\u00e9n, mientras que tres de los esp\u00edas fariseos confesaron su fe en Jes\u00fas y, dirigi\u00e9ndose inmediatamente al lago, fueron bautizados por Pedro y acogidos por los ap\u00f3stoles como hijos del reino.<\/span><\/p>\n<\/div>\n","protected":false},"excerpt":{"rendered":"<p>Giliana Kudsha Luz de Luz No pertenezco a ninguna religi\u00f3n en particular. No soy Hind\u00fa, ni Budista ni Jud\u00edo. No soy Zoro\u00e1strico ni Maniqueo. No soy Cristiano ni Musulm\u00e1n. Yo soy del Padre y es \u00c9l quien me ha enviado al mundo para dar luz en un solo convenio en vuestra era. Soy luz de &#8230;<\/p>\n","protected":false},"author":3,"featured_media":0,"comment_status":"closed","ping_status":"closed","sticky":false,"template":"","format":"standard","meta":{"footnotes":""},"categories":[9],"tags":[11,29,22,13,14,15,16,17,19,18,21,12,24,23,10,30,27,28,20,31,26,25],"class_list":{"0":"post-305","1":"post","2":"type-post","3":"status-publish","4":"format-standard","6":"category-lecturas-del-leccionario","7":"tag-biblia-de-oahspe","8":"tag-calendario","9":"tag-eloi","10":"tag-era-kosmon","11":"tag-fideismo","12":"tag-fideistas","13":"tag-fielismo","14":"tag-fielistas","15":"tag-iglesia-fideista","16":"tag-iglesia-fielista","17":"tag-jehovi","18":"tag-la-biblia-oahspe","19":"tag-lecturas-del-leccionario","20":"tag-lecturas-diarias","21":"tag-oahspe","22":"tag-observancias","23":"tag-pacto-unido","24":"tag-pacto-unido-de-la-luz","25":"tag-religion-de-la-luz","26":"tag-shabbat","27":"tag-yeshua","28":"tag-yoshu","29":"anons"},"_links":{"self":[{"href":"https:\/\/covenantarian.org\/u\/wp-json\/wp\/v2\/posts\/305","targetHints":{"allow":["GET"]}}],"collection":[{"href":"https:\/\/covenantarian.org\/u\/wp-json\/wp\/v2\/posts"}],"about":[{"href":"https:\/\/covenantarian.org\/u\/wp-json\/wp\/v2\/types\/post"}],"author":[{"embeddable":true,"href":"https:\/\/covenantarian.org\/u\/wp-json\/wp\/v2\/users\/3"}],"replies":[{"embeddable":true,"href":"https:\/\/covenantarian.org\/u\/wp-json\/wp\/v2\/comments?post=305"}],"version-history":[{"count":5,"href":"https:\/\/covenantarian.org\/u\/wp-json\/wp\/v2\/posts\/305\/revisions"}],"predecessor-version":[{"id":310,"href":"https:\/\/covenantarian.org\/u\/wp-json\/wp\/v2\/posts\/305\/revisions\/310"}],"wp:attachment":[{"href":"https:\/\/covenantarian.org\/u\/wp-json\/wp\/v2\/media?parent=305"}],"wp:term":[{"taxonomy":"category","embeddable":true,"href":"https:\/\/covenantarian.org\/u\/wp-json\/wp\/v2\/categories?post=305"},{"taxonomy":"post_tag","embeddable":true,"href":"https:\/\/covenantarian.org\/u\/wp-json\/wp\/v2\/tags?post=305"}],"curies":[{"name":"wp","href":"https:\/\/api.w.org\/{rel}","templated":true}]}}