{"id":320,"date":"2024-10-04T11:29:41","date_gmt":"2024-10-04T11:29:41","guid":{"rendered":"https:\/\/covenantarian.org\/u\/?p=320"},"modified":"2024-10-04T11:44:47","modified_gmt":"2024-10-04T11:44:47","slug":"lecturas-del-convenio-unido-para-el-viernes-4-de-octubre-2024","status":"publish","type":"post","link":"https:\/\/covenantarian.org\/u\/lecturas-del-leccionario\/lecturas-del-convenio-unido-para-el-viernes-4-de-octubre-2024\/","title":{"rendered":"Lecturas del Convenio Unido para el Viernes, 4 de Octubre, 2024"},"content":{"rendered":"<div class=\"entry\">\n<p><span style=\"font-size: 21px; font-family: georgia, palatino; color: #000000;\" data-darkreader-inline-color=\"\"><strong>Giliana Kudsha <\/strong><\/span><\/p>\n<p><span style=\"font-family: georgia, palatino; font-size: 21px; color: #000000;\" data-darkreader-inline-color=\"\"><b>Fe Completa<\/b><\/span><\/p>\n<p align=\"JUSTIFY\"><span style=\"font-family: georgia, palatino; font-size: 21px; color: #000000;\" data-darkreader-inline-color=\"\">Si ten\u00e9is fe completa en m\u00ed, por el poder del Padre de la Grandeza, ser\u00e9is llevados a salvo a trav\u00e9s del r\u00edo embravecido, al otro lado donde os espera la paz.<\/span><\/p>\n<p><span style=\"font-size: 21px; font-family: georgia, palatino; color: #000000;\" data-darkreader-inline-color=\"\"><strong>Ense\u00f1anzas de la Luz Cap\u00edtulo 80:<\/strong><\/span><\/p>\n<p lang=\"es-ES\" align=\"LEFT\"><span style=\"font-family: georgia, palatino; font-size: 21px; color: #000000;\" data-darkreader-inline-color=\"\"><i>Guerra Espiritual (Luchando contra el Drag\u00f3n)<\/i><\/span><\/p>\n<p lang=\"es-ES\" align=\"LEFT\"><span style=\"font-family: georgia, palatino; font-size: 21px; color: #000000;\" data-darkreader-inline-color=\"\"><sup>1<\/sup> La imagen de un drag\u00f3n o una bestia se utiliza a menudo como una referencia simb\u00f3lica a los sentidos incontrolados y a la mente carnal, y a la lujuria incontrolable y as\u00ed sucesivamente. <\/span><\/p>\n<p lang=\"es-ES\" align=\"LEFT\"><span style=\"font-family: georgia, palatino; font-size: 21px; color: #000000;\" data-darkreader-inline-color=\"\"><sup>2<\/sup> Nunca os rind\u00e1is en el campo de batalla con la malvada. Una vez que os rend\u00eds ante la lujuria, la malvada ha colocado una garra dentro de vuestro costado y tiene control de vuestra propia mente y os ser\u00e1 muy dif\u00edcil escapar. <\/span><\/p>\n<p lang=\"es-ES\" align=\"LEFT\"><span style=\"font-family: georgia, palatino; font-size: 21px; color: #000000;\" data-darkreader-inline-color=\"\"><sup>3<\/sup> Los que hacen un h\u00e1bito de rezar regularmente y con coraz\u00f3n solemne para que todas las almas sean liberadas de las garras de la malvada, saben que es su vocaci\u00f3n luchar contra el drag\u00f3n. <\/span><\/p>\n<p lang=\"es-ES\" align=\"LEFT\"><span style=\"font-family: georgia, palatino; font-size: 21px; color: #000000;\" data-darkreader-inline-color=\"\"><sup>4<\/sup> Rezad siempre por los inocentes, todos aquellos que est\u00e1n en el camino de la oscuridad, para que puedan tener una oportunidad de dar la vuelta y aceptar la verdad y la Luz, todo de acuerdo con la justicia de Dios.<\/span><\/p>\n<p lang=\"es-ES\" align=\"LEFT\"><span style=\"font-family: georgia, palatino; font-size: 21px; color: #000000;\" data-darkreader-inline-color=\"\"><sup>5 <\/sup>La mayor\u00eda de los demonios son ignorantes de su propio fin; la causa de esta ignorancia es debida al deseo de poder sobre la Luz; su deseo intenso los ha cegado de la verdad de su propio destino, y por eso viven en una fantas\u00eda de su propia creaci\u00f3n.<\/span><\/p>\n<p lang=\"es-ES\" align=\"LEFT\"><span style=\"font-family: georgia, palatino; font-size: 21px; color: #000000;\" data-darkreader-inline-color=\"\"><strong>Libro de la Verdad: El Discurso sobre el Agua de la Vida y El Discurso sobre la Libertad Espiritual \u2013 162:6-7:<\/strong><\/span><\/p>\n<p lang=\"es-ES\" align=\"LEFT\"><strong><span style=\"font-family: georgia, palatino; font-size: 21px; color: #000000;\" data-darkreader-inline-color=\"\">6. El Discurso Sobre el Agua de la Vida<\/span><\/strong><\/p>\n<p lang=\"es-ES\" align=\"LEFT\"><span style=\"font-family: georgia, palatino; font-size: 21px; color: #000000;\" data-darkreader-inline-color=\"\">162:6.1<\/span><\/p>\n<p lang=\"es-ES\" align=\"LEFT\"><span style=\"font-family: georgia, palatino; font-size: 21px; color: #000000;\" data-darkreader-inline-color=\"\">El \u00faltimo d\u00eda, el gran d\u00eda de la fiesta, cuando la procesi\u00f3n proveniente del estanque de Silo\u00e9 pas\u00f3 a trav\u00e9s de los patios del templo, e inmediatamente despu\u00e9s de que los sacerdotes echaron el agua y el vino en el altar, Jes\u00fas, de pie entre los peregrinos, dijo: \u00abEl que tenga sed, que acuda a m\u00ed y beba. Del Padre en lo alto traigo a este mundo el agua viva. El que cree en m\u00ed se llenar\u00e1 del esp\u00edritu que este agua representa, porque aun las Escrituras han dicho: \u2018de \u00e9l fluir\u00e1n r\u00edos de agua viva\u2019. Cuando el Hijo del Hombre haya completado su obra en la tierra, se derramar\u00e1 sobre toda la carne el Esp\u00edritu vivo de la Verdad. Los que reciban este esp\u00edritu jam\u00e1s tendr\u00e1n sed espiritual\u00bb.<\/span><\/p>\n<p lang=\"es-ES\" align=\"LEFT\"><span style=\"font-family: georgia, palatino; font-size: 21px; color: #000000;\" data-darkreader-inline-color=\"\">162:6.2<\/span><\/p>\n<p lang=\"es-ES\" align=\"LEFT\"><span style=\"font-family: georgia, palatino; font-size: 21px; color: #000000;\" data-darkreader-inline-color=\"\">Jes\u00fas no interrumpi\u00f3 el servicio para hablar estas palabras. Se dirigi\u00f3 a los adoradores inmediatamente despu\u00e9s del canto del Halel, la lectura de los salmos acompa\u00f1ada por el ondear de las ramas ante el altar. En ese momento, hab\u00eda una pausa mientras se preparaban los sacrificios, y fue en ese momento en el que los peregrinos escucharon la voz fascinadora del Maestro declarar que \u00e9l era el dador del agua viva para todas las almas con sed de esp\u00edritu.<\/span><\/p>\n<p lang=\"es-ES\" align=\"LEFT\"><span style=\"font-family: georgia, palatino; font-size: 21px; color: #000000;\" data-darkreader-inline-color=\"\">162:6.3<\/span><\/p>\n<p lang=\"es-ES\" align=\"LEFT\"><span style=\"font-family: georgia, palatino; font-size: 21px; color: #000000;\" data-darkreader-inline-color=\"\">Al concluir de este servicio matutino, Jes\u00fas continu\u00f3 ense\u00f1ando a las multitudes, diciendo: \u00ab\u00bfAcaso no hab\u00e9is le\u00eddo en las Escrituras: \u2018He aqu\u00ed que las aguas caen sobre la tierra y las bebe el suelo reseco, as\u00ed otorgar\u00e9 yo el esp\u00edritu de santidad para que lo beban mis hijos en una bendici\u00f3n que llegar\u00e1 hasta los hijos de sus hijos\u2019? \u00bfPor qu\u00e9 ten\u00e9is sed del ministerio del esp\u00edritu mientras trat\u00e1is de aplacar la sed de vuestra alma con el agua de las tradiciones de los hombres, vertida de las jarras rotas del servicio ceremonial? Lo que veis aqu\u00ed en este templo es la forma en que vuestros padres intentaron simbolizar el otorgamiento del esp\u00edritu divino sobre los hijos de la fe, y hab\u00e9is hecho bien en perpetuar estos s\u00edmbolos, aun hasta el d\u00eda de hoy. Pero ahora, a esta generaci\u00f3n ha llegado la revelaci\u00f3n del Padre de los esp\u00edritus, a trav\u00e9s del autootorgamiento de su Hijo, y todo esto ser\u00e1 certeramente seguido por el otorgamiento del esp\u00edritu del Padre y del Hijo sobre los hijos de los hombres. Para todo el que tenga fe, este otorgamiento del esp\u00edritu ser\u00e1 el verdadero maestro del camino que conduce a la vida eterna, a las verdaderas aguas de la vida en el reino del cielo sobre la tierra y allende en el Para\u00edso del Padre\u00bb.<\/span><\/p>\n<p lang=\"es-ES\" align=\"LEFT\"><span style=\"font-family: georgia, palatino; font-size: 21px; color: #000000;\" data-darkreader-inline-color=\"\">162:6.4<\/span><\/p>\n<p lang=\"es-ES\" align=\"LEFT\"><span style=\"font-family: georgia, palatino; font-size: 21px; color: #000000;\" data-darkreader-inline-color=\"\">Y Jes\u00fas continu\u00f3 contestando las preguntas de la multitud y de los fariseos. Algunos lo consideraban un profeta; otros, cre\u00edan que \u00e9l era el Mes\u00edas; y a\u00fan otros dec\u00edan que no pod\u00eda ser el Cristo puesto que ven\u00eda de Galilea, y que el Mes\u00edas deb\u00eda restaurar el trono de David. Pero aun as\u00ed, no se atrevieron a arrestarlo.<\/span><\/p>\n<p lang=\"es-ES\" align=\"LEFT\"><strong><span style=\"font-family: georgia, palatino; font-size: 21px; color: #000000;\" data-darkreader-inline-color=\"\">7. El Discurso Sobre la Libertad Espiritual<\/span><\/strong><\/p>\n<p lang=\"es-ES\" align=\"LEFT\"><span style=\"font-family: georgia, palatino; font-size: 21px; color: #000000;\" data-darkreader-inline-color=\"\">162:7.1<\/span><\/p>\n<p lang=\"es-ES\" align=\"LEFT\"><span style=\"font-family: georgia, palatino; font-size: 21px; color: #000000;\" data-darkreader-inline-color=\"\">En la tarde del \u00faltimo d\u00eda de la fiesta, como los ap\u00f3stoles no consiguieron persuadirlo de que huyera de Jerusal\u00e9n, Jes\u00fas fue nuevamente al templo para ense\u00f1ar. Al encontrar un gran grupo de creyentes reunidos en la logia de Salom\u00f3n, les habl\u00f3 diciendo:<\/span><\/p>\n<p lang=\"es-ES\" align=\"LEFT\"><span style=\"font-family: georgia, palatino; font-size: 21px; color: #000000;\" data-darkreader-inline-color=\"\">162:7.2<\/span><\/p>\n<p lang=\"es-ES\" align=\"LEFT\"><span style=\"font-family: georgia, palatino; font-size: 21px; color: #000000;\" data-darkreader-inline-color=\"\">\u00abSi mis palabras moran en vosotros y quer\u00e9is hacer la voluntad de mi Padre, ser\u00e9is verdaderamente mis disc\u00edpulos. Conocer\u00e9is la verdad, y la verdad os har\u00e1 libres\u2018. Yo s\u00e9 c\u00f3mo me contestar\u00e9is: somos los hijos de Abraham, no somos esclavos de ninguno; \u00bfc\u00f3mo entonces se puede hacernos libres? Aun as\u00ed, no hablo del sometimiento exterior al se\u00f1or\u00edo de otro; me refiero a la libertad del alma. De cierto, de cierto os digo, el que cometa pecado es el siervo de la esclavitud del pecado. Y sab\u00e9is que el siervo raramente mora para siempre en la casa del amo. Tambi\u00e9n sab\u00e9is que el hijo permanece en la casa de su padre. As\u00ed pues, si el Hijo os har\u00e1 libres, os har\u00e1 hijos, ser\u00e9is en verdad libres.<\/span><\/p>\n<p lang=\"es-ES\" align=\"LEFT\"><span style=\"font-family: georgia, palatino; font-size: 21px; color: #000000;\" data-darkreader-inline-color=\"\">162:7.3<\/span><\/p>\n<p lang=\"es-ES\" align=\"LEFT\"><span style=\"font-family: georgia, palatino; font-size: 21px; color: #000000;\" data-darkreader-inline-color=\"\">\u00abYo s\u00e9 que vosotros sois de la semilla de Abraham, sin embargo vuestros l\u00edderes quieren matarme porque no han permitido que mi palabra ejerza su influencia transformadora en sus corazones. Su alma est\u00e1 sellada por el prejuicio y enceguecida por el orgullo de la venganza. Yo os declaro la verdad que me se\u00f1ala el Padre eterno, mientras estos maestros enga\u00f1ados tratan de hacer las cosas que aprendieron tan s\u00f3lo de sus padres temporales. Y cuando contest\u00e1is que Abraham es vuestro padre, os digo que, si fuereis hijos de Abraham, har\u00edais las obras de Abraham. Algunos entre vosotros, cre\u00e9is en mis ense\u00f1anzas, pero otros busc\u00e1is destruirme porque os he dicho la verdad que he recibido de Dios. Pero Abraham no trat\u00f3 as\u00ed la verdad de Dios. Percibo que algunos entre vosotros est\u00e1is decididos a hacer las obras del diablo. Si Dios fuera vuestro Padre, me conocer\u00edais y amar\u00edais la verdad que os revelo. \u00bfEs que no veis que he venido del Padre, que he sido enviado por Dios, que no estoy haciendo esta obra por m\u00ed mismo? \u00bfPor qu\u00e9 no comprend\u00e9is mis palabras? \u00bfEs acaso porque hab\u00e9is elegido haceros hijos del mal? Si sois los hijos de las tinieblas, no podr\u00e9is caminar en la luz de la verdad que os revelo. Los hijos del mal s\u00f3lo siguen los caminos de su padre, quien fue un impostor y no defendi\u00f3 la verdad porque no lleg\u00f3 a haber verdad en \u00e9l. Pero ahora viene el Hijo del Hombre, que habla y vive la verdad, y muchos entre vosotros os neg\u00e1is a creer.<\/span><\/p>\n<p lang=\"es-ES\" align=\"LEFT\"><span style=\"font-family: georgia, palatino; font-size: 21px; color: #000000;\" data-darkreader-inline-color=\"\">162:7.4<\/span><\/p>\n<p lang=\"es-ES\" align=\"LEFT\"><span style=\"font-family: georgia, palatino; font-size: 21px; color: #000000;\" data-darkreader-inline-color=\"\">\u00ab\u00bfQui\u00e9n entre vosotros me condena por pecador? Si yo proclamo y vivo la verdad que me muestra mi Padre, por qu\u00e9 no cre\u00e9is? Quien es de Dios escucha con regocijo las palabras de Dios; por esta causa, muchos entre vosotros no o\u00eds mis palabras porque no sois de Dios. Vuestros maestros aun tuvieron la presunci\u00f3n de decir que yo hago mis obras por el poder del pr\u00edncipe de los demonios. Uno, aqu\u00ed cerca, acaba de decir que yo tengo un demonio, que soy hijo del diablo. Pero todos los que entre vosotros os ocup\u00e1is honestamente de vuestra propia alma, sab\u00e9is muy bien que yo no soy un diablo. Sab\u00e9is que honro al Padre aunque mientras tanto vosotros me deshonr\u00e1is. No busco mi propia gloria, sino tan s\u00f3lo la gloria de mi Padre en el Para\u00edso. Yo no os juzgo, porque hay uno que juzga por m\u00ed.<\/span><\/p>\n<p lang=\"es-ES\" align=\"LEFT\"><span style=\"font-family: georgia, palatino; font-size: 21px; color: #000000;\" data-darkreader-inline-color=\"\">162:7.5<\/span><\/p>\n<p lang=\"es-ES\" align=\"LEFT\"><span style=\"font-family: georgia, palatino; font-size: 21px; color: #000000;\" data-darkreader-inline-color=\"\">\u00abDe cierto, de cierto os digo a vosotros los que cre\u00e9is en el evangelio, que, si el hombre mantiene esta palabra de verdad viva en su coraz\u00f3n, no saborear\u00e1 jam\u00e1s la muerte. Ahora pues, aqu\u00ed a mi lado dice un escriba que esta declaraci\u00f3n prueba que tengo un diablo, puesto que Abraham est\u00e1 muerto, y tambi\u00e9n los profetas. Y \u00e9l pregunta: \u2018\u00bfes que t\u00fa eres tanto m\u00e1s importante que Abraham y que los profetas que te atreves a pararte aqu\u00ed y decir que el que crea en tu palabra no saborear\u00e1 la muerte? \u00bfQui\u00e9n dices t\u00fa que eres para atreverte a pronunciar tales blasfemias?\u2019 A todo esto yo digo que, si me glorifico a m\u00ed mismo, mi gloria no es nada. Pero es el Padre el que me glorificar\u00e1, aun el mismo Padre que vosotros llam\u00e1is Dios. Pero vosotros no hab\u00e9is logrado conocer a \u00e9ste, vuestro Dios y mi Padre, y yo he venido para que os encontr\u00e9is el uno al otro, para mostraros c\u00f3mo llegar a ser verdaderamente hijos de Dios. Aunque no conozc\u00e1is al Padre, yo lo conozco de veras. Aun Abraham se regocij\u00f3 de ver mi d\u00eda, y por la fe lo vio y se regocij\u00f3\u00bb.<\/span><\/p>\n<p lang=\"es-ES\" align=\"LEFT\"><span style=\"font-family: georgia, palatino; font-size: 21px; color: #000000;\" data-darkreader-inline-color=\"\">162:7.6<\/span><\/p>\n<p lang=\"es-ES\" align=\"LEFT\"><span style=\"font-family: georgia, palatino; font-size: 21px; color: #000000;\" data-darkreader-inline-color=\"\">Cuando los jud\u00edos descre\u00eddos y los agentes del sanedr\u00edn que se hab\u00edan reunido a esta altura oyeron estas palabras, levantaron un tumulto, gritando: \u00abT\u00fa no tienes cincuenta a\u00f1os, y sin embargo hablas de ver a Abraham; \u00a1eres hijo del diablo!\u00bb Jes\u00fas no pudo continuar el discurso. Tan s\u00f3lo dijo al partir: \u00abDe cierto, de cierto os digo, antes de que fuera Abraham, yo soy\u00bb. Muchos de los incr\u00e9dulos corrieron a buscar piedras para arroj\u00e1rselas, y los agentes del sanedr\u00edn trataron de arrestarlo, pero el Maestro se alej\u00f3 r\u00e1pidamente por los corredores del templo y escap\u00f3 a un lugar secreto de encuentro cerca de Betania donde lo aguardaban Marta, Mar\u00eda y L\u00e1zaro.<\/span><\/p>\n<\/div>\n","protected":false},"excerpt":{"rendered":"<p>Giliana Kudsha Fe Completa Si ten\u00e9is fe completa en m\u00ed, por el poder del Padre de la Grandeza, ser\u00e9is llevados a salvo a trav\u00e9s del r\u00edo embravecido, al otro lado donde os espera la paz. Ense\u00f1anzas de la Luz Cap\u00edtulo 80: Guerra Espiritual (Luchando contra el Drag\u00f3n) 1 La imagen de un drag\u00f3n o una &#8230;<\/p>\n","protected":false},"author":3,"featured_media":0,"comment_status":"closed","ping_status":"closed","sticky":false,"template":"","format":"standard","meta":{"footnotes":""},"categories":[9],"tags":[11,29,22,13,14,15,16,17,19,18,21,12,24,23,10,30,27,28,20,31,26,25],"class_list":{"0":"post-320","1":"post","2":"type-post","3":"status-publish","4":"format-standard","6":"category-lecturas-del-leccionario","7":"tag-biblia-de-oahspe","8":"tag-calendario","9":"tag-eloi","10":"tag-era-kosmon","11":"tag-fideismo","12":"tag-fideistas","13":"tag-fielismo","14":"tag-fielistas","15":"tag-iglesia-fideista","16":"tag-iglesia-fielista","17":"tag-jehovi","18":"tag-la-biblia-oahspe","19":"tag-lecturas-del-leccionario","20":"tag-lecturas-diarias","21":"tag-oahspe","22":"tag-observancias","23":"tag-pacto-unido","24":"tag-pacto-unido-de-la-luz","25":"tag-religion-de-la-luz","26":"tag-shabbat","27":"tag-yeshua","28":"tag-yoshu","29":"anons"},"_links":{"self":[{"href":"https:\/\/covenantarian.org\/u\/wp-json\/wp\/v2\/posts\/320","targetHints":{"allow":["GET"]}}],"collection":[{"href":"https:\/\/covenantarian.org\/u\/wp-json\/wp\/v2\/posts"}],"about":[{"href":"https:\/\/covenantarian.org\/u\/wp-json\/wp\/v2\/types\/post"}],"author":[{"embeddable":true,"href":"https:\/\/covenantarian.org\/u\/wp-json\/wp\/v2\/users\/3"}],"replies":[{"embeddable":true,"href":"https:\/\/covenantarian.org\/u\/wp-json\/wp\/v2\/comments?post=320"}],"version-history":[{"count":3,"href":"https:\/\/covenantarian.org\/u\/wp-json\/wp\/v2\/posts\/320\/revisions"}],"predecessor-version":[{"id":323,"href":"https:\/\/covenantarian.org\/u\/wp-json\/wp\/v2\/posts\/320\/revisions\/323"}],"wp:attachment":[{"href":"https:\/\/covenantarian.org\/u\/wp-json\/wp\/v2\/media?parent=320"}],"wp:term":[{"taxonomy":"category","embeddable":true,"href":"https:\/\/covenantarian.org\/u\/wp-json\/wp\/v2\/categories?post=320"},{"taxonomy":"post_tag","embeddable":true,"href":"https:\/\/covenantarian.org\/u\/wp-json\/wp\/v2\/tags?post=320"}],"curies":[{"name":"wp","href":"https:\/\/api.w.org\/{rel}","templated":true}]}}