{"id":344,"date":"2024-10-11T11:17:49","date_gmt":"2024-10-11T11:17:49","guid":{"rendered":"https:\/\/covenantarian.org\/u\/?p=344"},"modified":"2024-10-11T11:42:15","modified_gmt":"2024-10-11T11:42:15","slug":"lecturas-del-convenio-unido-para-el-viernes-11-de-octubre-2024","status":"publish","type":"post","link":"https:\/\/covenantarian.org\/u\/lecturas-del-leccionario\/lecturas-del-convenio-unido-para-el-viernes-11-de-octubre-2024\/","title":{"rendered":"Lecturas del Convenio Unido para el Viernes, 11 de Octubre, 2024"},"content":{"rendered":"<div class=\"entry\">\n<p><span style=\"font-size: 21px; font-family: georgia, palatino; color: #000000;\"><strong>Giliana Kudsha<\/strong><\/span><\/p>\n<p><span style=\"font-family: georgia, palatino; font-size: 21px; color: #000000;\"><b>Persecuci\u00f3n del Remanente<\/b><\/span><\/p>\n<p><span style=\"font-family: georgia, palatino; font-size: 21px; color: #000000;\">No tem\u00e1is, hijos e hijas m\u00edos, porque el mundo os perseguir\u00e1 a cada uno de vosotros. El mundo odia a los que caminan en la luz.<\/span><\/p>\n<p><span style=\"font-family: georgia, palatino; font-size: 21px; color: #000000;\">Los \u00e1ngeles que fueron designados para proteger la tierra se est\u00e1n preparando ahora para partir. Con la ausencia de su presencia en vuestro mundo, el caos de aquellos que odian a los hijos e hijas de la luz aumentar\u00e1. La maldad aumentar\u00e1 en todos los lugares de la tierra. El n\u00famero de personas que se niegan a conocer la verdad de la Palabra de Mi Padre aumentar\u00e1 e intentar\u00e1n derrocar toda forma de pr\u00e1ctica justa. Intentar\u00e1n destruir al Remanente.<\/span><\/p>\n<p><span style=\"font-family: georgia, palatino; font-size: 21px; color: #000000;\">No deb\u00e9is ser como el mundo. No camin\u00e9is por sus caminos. No habl\u00e9is como ellos, porque hablan con la lengua de la mentira. El mundo os odiar\u00e1 porque no segu\u00eds su camino.<\/span><\/p>\n<p><span style=\"font-family: georgia, palatino; font-size: 21px; color: #000000;\">No tem\u00e1is, porque yo estoy con los que practican la rectitud. Yo estoy con los que andan en el camino de Mi Padre que se sienta sobre los cielos. Aunque algunos de vosotros pod\u00e9is morir a manos de los que os odian, otros de vosotros sentir\u00e9is el calor del fuego de los perseguidores, pero os aseguro que ninguno de los que pertenecen al Padre se perder\u00e1n. Ser\u00e9is puestos a salvo; ser\u00e9is llevados a vuestro hogar eterno.<\/span><\/p>\n<p align=\"JUSTIFY\"><span style=\"font-family: georgia, palatino; font-size: 21px; color: #000000;\">Estoy con vosotros. Dios es Rey.<\/span><\/p>\n<p>&nbsp;<br \/>\n<span style=\"font-size: 21px; font-family: georgia, palatino; color: #000000;\" data-darkreader-inline-color=\"\"><strong>Ense\u00f1anzas de la Luz Cap\u00edtulo 87:<\/strong><\/span><\/p>\n<p lang=\"es-ES\" align=\"LEFT\"><span style=\"font-family: georgia, palatino; font-size: 21px; color: #000000;\" data-darkreader-inline-color=\"\"><i>La Verdadera No Violencia<\/i><\/span><\/p>\n<p lang=\"es-ES\" align=\"LEFT\"><span style=\"font-family: georgia, palatino; font-size: 21px; color: #000000;\" data-darkreader-inline-color=\"\"><sup>1<\/sup> Si alguien expresa ira hacia vosotros, hablad siempre con palabras amables con \u00e9l o ella.<\/span><\/p>\n<p lang=\"es-ES\" align=\"LEFT\"><span style=\"font-family: georgia, palatino; font-size: 21px; color: #000000;\" data-darkreader-inline-color=\"\"><sup>2<\/sup> Si alguien expresa envidia hacia vosotros, no lo envidi\u00e9is por vuestra parte.<\/span><\/p>\n<p lang=\"es-ES\" align=\"LEFT\"><span style=\"font-family: georgia, palatino; font-size: 21px; color: #000000;\" data-darkreader-inline-color=\"\"><sup>3<\/sup> Si alguien expresa odio hacia vosotros, no lo odi\u00e9is a ese a cambio.<\/span><\/p>\n<p lang=\"es-ES\" align=\"LEFT\"><span style=\"font-family: georgia, palatino; font-size: 21px; color: #000000;\" data-darkreader-inline-color=\"\"><sup>4<\/sup> Los insultos y los abusos nunca deben hacer que el devoto paciente vacile incluso en lo m\u00e1s m\u00ednimo.<\/span><\/p>\n<p lang=\"es-ES\" align=\"LEFT\"><span style=\"font-family: georgia, palatino; font-size: 21px; color: #000000;\" data-darkreader-inline-color=\"\"><sup>5<\/sup> Nunca devolv\u00e1is mal por el mal, sino que devolved compasi\u00f3n incluso a vuestro enemigo.<\/span><\/p>\n<p>&nbsp;<\/p>\n<p lang=\"es-ES\" align=\"LEFT\"><span style=\"font-family: georgia, palatino; font-size: 21px; color: #000000;\" data-darkreader-inline-color=\"\"><strong>Libro de la Verdad: En Jerusal\u00e9n \u2013 164:2:<\/strong><\/p>\n<p lang=\"es-ES\" align=\"LEFT\"><span style=\"font-family: georgia, palatino; font-size: 21px; color: #000000;\" data-darkreader-inline-color=\"\">164:2.1<\/span><\/p>\n<p lang=\"es-ES\" align=\"LEFT\"><span style=\"font-family: georgia, palatino; font-size: 21px; color: #000000;\" data-darkreader-inline-color=\"\">Jes\u00fas hab\u00eda asistido a la fiesta de los tabern\u00e1culos para proclamar el evangelio a los peregrinos de todas partes del imperio; ahora iba a la fiesta de la consagraci\u00f3n con un s\u00f3lo prop\u00f3sito: el de ofrecer otra oportunidad al sanedr\u00edn y a los l\u00edderes jud\u00edos para que vieran la luz. El acontecimiento principal de estos pocos d\u00edas en Jerusal\u00e9n sucedi\u00f3 el viernes por la noche en la casa de Nicodemo. Estaban aqu\u00ed reunidos unos veinticinco l\u00edderes jud\u00edos que cre\u00edan en las ense\u00f1anzas de Jes\u00fas. En el grupo hab\u00eda catorce hombres que eran en ese momento, o hab\u00edan sido hasta recientemente, miembros del sanedr\u00edn. Esta reuni\u00f3n fue presenciada por Eber, Matadormo y Jos\u00e9 de Arimatea.<\/span><\/p>\n<p lang=\"es-ES\" align=\"LEFT\"><span style=\"font-family: georgia, palatino; font-size: 21px; color: #000000;\" data-darkreader-inline-color=\"\">164:2.2<\/span><\/p>\n<p lang=\"es-ES\" align=\"LEFT\"><span style=\"font-family: georgia, palatino; font-size: 21px; color: #000000;\" data-darkreader-inline-color=\"\">En esta ocasi\u00f3n, los oyentes de Jes\u00fas eran hombres eruditos, y tanto ellos como los dos ap\u00f3stoles se sorprendieron de la amplitud y profundidad de las observaciones que el Maestro hizo ante este grupo distinguido. No hab\u00eda \u00e9l exhibido tal sabidur\u00eda y conocimiento desde los tiempos en que ense\u00f1ara en Alejandr\u00eda, en Roma y en las islas del Mediterr\u00e1neo, ni hab\u00eda mostrado tal comprensi\u00f3n de los asuntos de los hombres, tanto seculares como religiosos.<\/span><\/p>\n<p lang=\"es-ES\" align=\"LEFT\"><span style=\"font-family: georgia, palatino; font-size: 21px; color: #000000;\" data-darkreader-inline-color=\"\">164:2.3<\/span><\/p>\n<p lang=\"es-ES\" align=\"LEFT\"><span style=\"font-family: georgia, palatino; font-size: 21px; color: #000000;\" data-darkreader-inline-color=\"\">Cuando la peque\u00f1a reuni\u00f3n se disolvi\u00f3, todos se fueron impresionados por la personalidad del Maestro, encantados con sus maneras desenvueltas, y enamorados del hombre. Hab\u00edan intentando asesorar a Jes\u00fas en relaci\u00f3n con su deseo de ganar a los restantes miembros del sanedr\u00edn. El Maestro escuch\u00f3 atentamente, pero en silencio, sus propuestas. Bien sab\u00eda que ninguno de los planes de ellos funcionar\u00eda. Supon\u00eda que la mayor\u00eda de los l\u00edderes jud\u00edos jam\u00e1s aceptar\u00eda el evangelio del reino; sin embargo, les proporcion\u00f3 otra oportunidad de elecci\u00f3n. Pero cuando sali\u00f3 esa noche, con Natanael y Tom\u00e1s, para alojarse en el Monte de los Olivos, no hab\u00eda decidido qu\u00e9 m\u00e9todo utilizar para llevar nuevamente su obra a la atenci\u00f3n del sanedr\u00edn.<\/span><\/p>\n<p lang=\"es-ES\" align=\"LEFT\"><span style=\"font-family: georgia, palatino; font-size: 21px; color: #000000;\" data-darkreader-inline-color=\"\">164:2.4<\/span><\/p>\n<p lang=\"es-ES\" align=\"LEFT\"><span style=\"font-family: georgia, palatino; font-size: 21px; color: #000000;\" data-darkreader-inline-color=\"\">Esa noche, Natanael y Tom\u00e1s poco durmieron; estaban demasiado impresionados por todo lo que hab\u00edan escuchado en la casa de Nicodemo. Mucho pensaron sobre la declaraci\u00f3n final de Jes\u00fas en relaci\u00f3n con la oferta de los miembros y ex miembros del sanedr\u00edn de acompa\u00f1arlo ante los setenta. El Maestro dijo: \u00abNo, hermanos m\u00edos, no servir\u00eda para nada. Multiplicar\u00edais vosotros la ira que recaer\u00e1 sobre vuestra cabeza, pero no mitigar\u00edais en lo m\u00e1s m\u00ednimo el odio que ellos me tienen. Id, cada uno de vosotros, cumplid con los asuntos del Padre seg\u00fan os gu\u00ede el esp\u00edritu, mientras yo llevo nuevamente el reino a la atenci\u00f3n de ellos en la forma en que mi Padre me lo indique\u00bb.<\/span><\/p>\n<\/div>\n<\/div>\n","protected":false},"excerpt":{"rendered":"<p>Giliana Kudsha Persecuci\u00f3n del Remanente No tem\u00e1is, hijos e hijas m\u00edos, porque el mundo os perseguir\u00e1 a cada uno de vosotros. El mundo odia a los que caminan en la luz. Los \u00e1ngeles que fueron designados para proteger la tierra se est\u00e1n preparando ahora para partir. Con la ausencia de su presencia en vuestro mundo, &#8230;<\/p>\n","protected":false},"author":3,"featured_media":0,"comment_status":"closed","ping_status":"closed","sticky":false,"template":"","format":"standard","meta":{"footnotes":""},"categories":[9],"tags":[11,29,22,13,14,15,16,17,19,18,21,12,24,23,10,30,27,28,20,31,26,25],"class_list":{"0":"post-344","1":"post","2":"type-post","3":"status-publish","4":"format-standard","6":"category-lecturas-del-leccionario","7":"tag-biblia-de-oahspe","8":"tag-calendario","9":"tag-eloi","10":"tag-era-kosmon","11":"tag-fideismo","12":"tag-fideistas","13":"tag-fielismo","14":"tag-fielistas","15":"tag-iglesia-fideista","16":"tag-iglesia-fielista","17":"tag-jehovi","18":"tag-la-biblia-oahspe","19":"tag-lecturas-del-leccionario","20":"tag-lecturas-diarias","21":"tag-oahspe","22":"tag-observancias","23":"tag-pacto-unido","24":"tag-pacto-unido-de-la-luz","25":"tag-religion-de-la-luz","26":"tag-shabbat","27":"tag-yeshua","28":"tag-yoshu","29":"anons"},"_links":{"self":[{"href":"https:\/\/covenantarian.org\/u\/wp-json\/wp\/v2\/posts\/344","targetHints":{"allow":["GET"]}}],"collection":[{"href":"https:\/\/covenantarian.org\/u\/wp-json\/wp\/v2\/posts"}],"about":[{"href":"https:\/\/covenantarian.org\/u\/wp-json\/wp\/v2\/types\/post"}],"author":[{"embeddable":true,"href":"https:\/\/covenantarian.org\/u\/wp-json\/wp\/v2\/users\/3"}],"replies":[{"embeddable":true,"href":"https:\/\/covenantarian.org\/u\/wp-json\/wp\/v2\/comments?post=344"}],"version-history":[{"count":4,"href":"https:\/\/covenantarian.org\/u\/wp-json\/wp\/v2\/posts\/344\/revisions"}],"predecessor-version":[{"id":348,"href":"https:\/\/covenantarian.org\/u\/wp-json\/wp\/v2\/posts\/344\/revisions\/348"}],"wp:attachment":[{"href":"https:\/\/covenantarian.org\/u\/wp-json\/wp\/v2\/media?parent=344"}],"wp:term":[{"taxonomy":"category","embeddable":true,"href":"https:\/\/covenantarian.org\/u\/wp-json\/wp\/v2\/categories?post=344"},{"taxonomy":"post_tag","embeddable":true,"href":"https:\/\/covenantarian.org\/u\/wp-json\/wp\/v2\/tags?post=344"}],"curies":[{"name":"wp","href":"https:\/\/api.w.org\/{rel}","templated":true}]}}