{"id":360,"date":"2024-10-15T08:13:33","date_gmt":"2024-10-15T08:13:33","guid":{"rendered":"https:\/\/covenantarian.org\/u\/?p=360"},"modified":"2024-10-15T12:12:38","modified_gmt":"2024-10-15T12:12:38","slug":"lecturas-del-convenio-unido-para-el-martes-15-de-octubre-2024","status":"publish","type":"post","link":"https:\/\/covenantarian.org\/u\/lecturas-del-leccionario\/lecturas-del-convenio-unido-para-el-martes-15-de-octubre-2024\/","title":{"rendered":"Lecturas del Convenio Unido para el Martes, 15 de Octubre, 2024"},"content":{"rendered":"<div class=\"entry\">\n<p><span style=\"font-size: 21px; font-family: georgia, palatino; color: #000000;\"><strong>Giliana Kudsha <\/strong><\/span><\/p>\n<p><span style=\"font-family: georgia, palatino; font-size: 21px; color: #000000;\"><b>Hay Esperanza<\/b><\/span><\/p>\n<p><span style=\"font-family: georgia, palatino; font-size: 21px; color: #000000;\">Se ha prometido que el Esp\u00edritu de santidad descender\u00e1 sobre vosotros para daros conocimiento de la verdad. Es ese mismo Esp\u00edritu de santidad quien os consolar\u00e1 en momentos de necesidad.<\/span><\/p>\n<p><span style=\"font-family: georgia, palatino; font-size: 21px; color: #000000;\">En tiempos de pruebas y desilusiones, mientras os esforz\u00e1is por caminar por el sendero angosto, pedid al Padre de las Luces que env\u00ede al Esp\u00edritu de santidad. A trav\u00e9s del Esp\u00edritu ser\u00e9is animados y levantados.<\/span><\/p>\n<p><span style=\"font-family: georgia, palatino; font-size: 21px; color: #000000;\">A veces puede parecer que no hay esperanza, debido a las enfermedades descontroladas y a la muerte en vuestro mundo. Sin embargo, os digo que hay esperanza. Hay luz y se encuentra en las Escrituras; se encuentra en las palabras de los Mensajeros del Padre.<\/span><\/p>\n<p><span style=\"font-family: georgia, palatino; font-size: 21px; color: #000000;\">No os desesper\u00e9is. Mientras estudi\u00e1is las Escrituras, por la gu\u00eda del Esp\u00edritu, ser\u00e9is fortalecidos en las palabras de vuestro Creador.<\/span><\/p>\n<p align=\"JUSTIFY\"><span style=\"font-size: 21px; color: #000000;\"><em><span style=\"font-family: georgia, palatino;\">(V\u00e9ase Juan 14:26)<\/span><\/em><\/span><\/p>\n<p>&nbsp;<\/p>\n<p lang=\"es-ES\" align=\"LEFT\"><span style=\"font-size: 21px; font-family: georgia, palatino; color: #000000;\" data-darkreader-inline-color=\"\"><strong>Ense\u00f1anzas de la Luz Cap\u00edtulo 91:<\/strong><\/span><\/p>\n<p lang=\"es-ES\" align=\"LEFT\"><span style=\"font-family: georgia, palatino; font-size: 21px; color: #000000;\" data-darkreader-inline-color=\"\"><i>La Voluntad de Dios<\/i><\/span><\/p>\n<p align=\"LEFT\"><span style=\"font-size: 21px; font-family: georgia, palatino; color: #000000;\" data-darkreader-inline-color=\"\"><sup><span lang=\"es-ES\">1<\/span><\/sup><span lang=\"es-ES\"> Nada se logra con mis propias manos \u2013 todo lo que se har\u00e1 ser\u00e1 de acuerdo con la Voluntad del Gran Padre.<\/span><\/span><\/p>\n<p lang=\"es-ES\" align=\"LEFT\"><span style=\"font-family: georgia, palatino; font-size: 21px; color: #000000;\" data-darkreader-inline-color=\"\"><sup>2<\/sup> Yo he venido a vosotros por la Voluntad del Padre para rescataros del gran y turbulento oc\u00e9ano que es el mundo.<\/span><\/p>\n<p lang=\"es-ES\" align=\"LEFT\"><span style=\"font-family: georgia, palatino; font-size: 21px; color: #000000;\" data-darkreader-inline-color=\"\"><sup>3<\/sup> Yo no hago nada por mi cuenta, pero todo lo que hago y os digo en el Libro Sagrado de la Luz es por la Voluntad del Padre que me ha enviado.<\/span><\/p>\n<p>&nbsp;<\/p>\n<p lang=\"es-ES\" align=\"LEFT\"><span style=\"font-family: georgia, palatino; font-size: 21px; color: #000000;\" data-darkreader-inline-color=\"\"><strong>Libro de la Verdad: Herodes Act\u00faa \u2013 122:10.1-4:<\/strong><\/span><\/p>\n<p lang=\"es-ES\" align=\"LEFT\"><span style=\"font-family: georgia, palatino; font-size: 21px; color: #000000;\" data-darkreader-inline-color=\"\">122:10.1<\/span><\/p>\n<p lang=\"es-ES\" align=\"LEFT\"><span style=\"font-family: georgia, palatino; font-size: 21px; color: #000000;\" data-darkreader-inline-color=\"\">Pero los esp\u00edas de Herodes no estaban ociosos. Cuando le informaron acerca de la visita a Bel\u00e9n de los sacerdotes de Ur, Herodes mand\u00f3 que estos caldeos aparecieran ante su presencia. Los interrog\u00f3 diligentemente a estos hombres sabios acerca del nuevo \u00abrey de los jud\u00edos\u00bb, pero le proporcionaron muy poca satisfacci\u00f3n, explicando que el ni\u00f1o hab\u00eda nacido de una mujer venida a Bel\u00e9n con su marido para registrarse en el censo. Herodes, insatisfecho con esta respuesta, les despidi\u00f3 con una bolsa de dinero mand\u00e1ndoles que encontraran al ni\u00f1o, para que Herodes tambi\u00e9n pudiera adorarle, puesto que hab\u00edan dicho que su reino ser\u00eda espiritual y no temporal. Pero como estos hombres sabios no regresaron, Herodes entr\u00f3 en sospecha. Mientras pensaba en estos hechos, volvieron sus esp\u00edas y le dieron un informe completo sobre los recientes acontecimientos en el templo, tray\u00e9ndole una copia de parte de la canci\u00f3n que Sime\u00f3n hab\u00eda cantado en las ceremonias de redenci\u00f3n de Jes\u00fas. Pero no se les hab\u00eda ocurrido seguir a Jos\u00e9 y Mar\u00eda. Herodes se enfad\u00f3 con ellos cuando le dijeron que no sab\u00edan a d\u00f3nde se hab\u00eda dirigido la pareja con el ni\u00f1o. Mand\u00f3 que partieran esp\u00edas para ubicar a Jos\u00e9 y Mar\u00eda. Habi\u00e9ndose enterado Zacar\u00edas y Elizabeth de que Herodes hab\u00eda mandado buscar a la familia de Nazaret, permanecieron alejados de Bel\u00e9n. Al mismo tiempo se ocult\u00f3 al ni\u00f1o var\u00f3n en la casa de unos parientes de Jos\u00e9.<\/span><\/p>\n<p lang=\"es-ES\" align=\"LEFT\"><span style=\"font-family: georgia, palatino; font-size: 21px; color: #000000;\" data-darkreader-inline-color=\"\">122:10.2<\/span><\/p>\n<p lang=\"es-ES\" align=\"LEFT\"><span style=\"font-family: georgia, palatino; font-size: 21px; color: #000000;\" data-darkreader-inline-color=\"\">Jos\u00e9 ten\u00eda miedo de buscar trabajo, y sus pocos ahorros estaban desapareciendo r\u00e1pidamente. Aun durante el tiempo de las ceremonias de la purificaci\u00f3n en el templo, Jos\u00e9 se consideraba lo suficientemente pobre como para justificar su oferta de dos palomas j\u00f3venes para la purificaci\u00f3n de Mar\u00eda, tal como Mois\u00e9s hab\u00eda mandado para la purificaci\u00f3n de las madres pobres.<\/span><\/p>\n<p lang=\"es-ES\" align=\"LEFT\"><span style=\"font-family: georgia, palatino; font-size: 21px; color: #000000;\" data-darkreader-inline-color=\"\">122:10.3<\/span><\/p>\n<p lang=\"es-ES\" align=\"LEFT\"><span style=\"font-family: georgia, palatino; font-size: 21px; color: #000000;\" data-darkreader-inline-color=\"\">Como despu\u00e9s de m\u00e1s de un a\u00f1o de b\u00fasqueda, los esp\u00edas de Herodes a\u00fan no hab\u00edan ubicado a Jes\u00fas; y puesto que se sospechaba que el ni\u00f1o todav\u00eda estaba oculto en Bel\u00e9n, Herodes orden\u00f3 una b\u00fasqueda sistem\u00e1tica en todas las casas de Bel\u00e9n, y el asesinato de todos los ni\u00f1os varones de menos de dos a\u00f1os de edad. As\u00ed Herodes pensaba asegurar la destrucci\u00f3n del que ser\u00eda al crecer el \u00abrey de los jud\u00edos\u00bb. As\u00ed perecieron en un d\u00eda diecis\u00e9is ni\u00f1os varones en Bel\u00e9n de Judea. La intriga y el asesinato eran acontecimientos comunes en la corte de Herodes, aun dentro de su familia inmediata.<\/span><\/p>\n<p lang=\"es-ES\" align=\"LEFT\"><span style=\"font-family: georgia, palatino; font-size: 21px; color: #000000;\" data-darkreader-inline-color=\"\">122:10.4<\/span><\/p>\n<p lang=\"es-ES\" align=\"LEFT\"><span style=\"font-family: georgia, palatino; font-size: 21px; color: #000000;\" data-darkreader-inline-color=\"\">La matanza de estos infantes ocurri\u00f3 a mediados de octubre del a\u00f1o 6 a. de J.C., cuando Jes\u00fas ten\u00eda poco m\u00e1s de un a\u00f1o de edad. Pero hab\u00eda creyentes en la venida del Mes\u00edas aun entre los miembros de la corte de Herodes, y uno de ellos, al enterarse de la matanza de los ni\u00f1os de Bel\u00e9n, se puso en contacto con Zacar\u00edas quien a su vez despach\u00f3 un mensajero a Jos\u00e9; la noche antes de la masacre Jos\u00e9 y Mar\u00eda salieron con el ni\u00f1o de Bel\u00e9n, camino a Alejandr\u00eda en Egipto. Para evitar atraer la atenci\u00f3n, viajaron solos a Egipto con Jes\u00fas. Zacar\u00edas les dio el dinero necesario para ir a Alejandr\u00eda, donde Jos\u00e9 trabaj\u00f3 de carpintero, Mar\u00eda y Jes\u00fas se alojaron con parientes de la familia de Jos\u00e9 en buena situaci\u00f3n econ\u00f3mica. As\u00ed vivieron en Alejandr\u00eda por dos a\u00f1os enteros, regresando a Bel\u00e9n tan s\u00f3lo despu\u00e9s de la muerte de Herodes.<\/span><\/p>\n<\/div>\n","protected":false},"excerpt":{"rendered":"<p>Giliana Kudsha Hay Esperanza Se ha prometido que el Esp\u00edritu de santidad descender\u00e1 sobre vosotros para daros conocimiento de la verdad. Es ese mismo Esp\u00edritu de santidad quien os consolar\u00e1 en momentos de necesidad. En tiempos de pruebas y desilusiones, mientras os esforz\u00e1is por caminar por el sendero angosto, pedid al Padre de las Luces &#8230;<\/p>\n","protected":false},"author":3,"featured_media":0,"comment_status":"closed","ping_status":"closed","sticky":false,"template":"","format":"standard","meta":{"footnotes":""},"categories":[9],"tags":[11,29,22,13,14,15,16,17,19,18,21,12,24,23,10,30,27,28,20,31,26,25],"class_list":{"0":"post-360","1":"post","2":"type-post","3":"status-publish","4":"format-standard","6":"category-lecturas-del-leccionario","7":"tag-biblia-de-oahspe","8":"tag-calendario","9":"tag-eloi","10":"tag-era-kosmon","11":"tag-fideismo","12":"tag-fideistas","13":"tag-fielismo","14":"tag-fielistas","15":"tag-iglesia-fideista","16":"tag-iglesia-fielista","17":"tag-jehovi","18":"tag-la-biblia-oahspe","19":"tag-lecturas-del-leccionario","20":"tag-lecturas-diarias","21":"tag-oahspe","22":"tag-observancias","23":"tag-pacto-unido","24":"tag-pacto-unido-de-la-luz","25":"tag-religion-de-la-luz","26":"tag-shabbat","27":"tag-yeshua","28":"tag-yoshu","29":"anons"},"_links":{"self":[{"href":"https:\/\/covenantarian.org\/u\/wp-json\/wp\/v2\/posts\/360","targetHints":{"allow":["GET"]}}],"collection":[{"href":"https:\/\/covenantarian.org\/u\/wp-json\/wp\/v2\/posts"}],"about":[{"href":"https:\/\/covenantarian.org\/u\/wp-json\/wp\/v2\/types\/post"}],"author":[{"embeddable":true,"href":"https:\/\/covenantarian.org\/u\/wp-json\/wp\/v2\/users\/3"}],"replies":[{"embeddable":true,"href":"https:\/\/covenantarian.org\/u\/wp-json\/wp\/v2\/comments?post=360"}],"version-history":[{"count":4,"href":"https:\/\/covenantarian.org\/u\/wp-json\/wp\/v2\/posts\/360\/revisions"}],"predecessor-version":[{"id":364,"href":"https:\/\/covenantarian.org\/u\/wp-json\/wp\/v2\/posts\/360\/revisions\/364"}],"wp:attachment":[{"href":"https:\/\/covenantarian.org\/u\/wp-json\/wp\/v2\/media?parent=360"}],"wp:term":[{"taxonomy":"category","embeddable":true,"href":"https:\/\/covenantarian.org\/u\/wp-json\/wp\/v2\/categories?post=360"},{"taxonomy":"post_tag","embeddable":true,"href":"https:\/\/covenantarian.org\/u\/wp-json\/wp\/v2\/tags?post=360"}],"curies":[{"name":"wp","href":"https:\/\/api.w.org\/{rel}","templated":true}]}}