{"id":646,"date":"2024-12-12T22:11:52","date_gmt":"2024-12-12T22:11:52","guid":{"rendered":"https:\/\/covenantarian.org\/u\/?p=646"},"modified":"2024-12-13T08:15:48","modified_gmt":"2024-12-13T08:15:48","slug":"lecturas-del-convenio-unido-para-el-viernes-13-de-diciembre-2024","status":"publish","type":"post","link":"https:\/\/covenantarian.org\/u\/lecturas-del-leccionario\/lecturas-del-convenio-unido-para-el-viernes-13-de-diciembre-2024\/","title":{"rendered":"Lecturas del Convenio Unido para el Viernes, 13 de Diciembre, 2024"},"content":{"rendered":"<div class=\"entry\">\n<p><span style=\"font-size: 21px; font-family: georgia, palatino; color: #000000;\"><strong>Giliana Kudsha<\/strong><\/span><\/p>\n<p><span style=\"font-family: georgia, palatino; font-size: 21px; color: #000000;\"><b>Manteneos Fieles y Practicad la Paciencia <\/b><\/span><\/p>\n<p align=\"JUSTIFY\"><span style=\"font-family: georgia, palatino; font-size: 21px; color: #000000;\">Os aseguro que si sois siempre fieles y practic\u00e1is la paciencia, vuestras necesidades ser\u00e1n satisfechas. <\/span><\/p>\n<p>&nbsp;<\/p>\n<p lang=\"es-ES\" align=\"LEFT\"><span style=\"font-size: 21px; font-family: georgia, palatino; color: #000000;\" data-darkreader-inline-color=\"\"><strong>Ense\u00f1anzas de la Luz Cap\u00edtulo 50:<\/strong><\/span><\/p>\n<p lang=\"es-ES\" align=\"LEFT\"><span style=\"font-family: georgia, palatino; font-size: 21px; color: #000000;\" data-darkreader-inline-color=\"\"><i>La Bondad Amorosa<\/i><\/span><\/p>\n<p lang=\"es-ES\" align=\"LEFT\"><span style=\"font-family: georgia, palatino; font-size: 21px; color: #000000;\" data-darkreader-inline-color=\"\"><sup>1<\/sup> Si aprend\u00e9is una sola cosa en vuestra vida, que sea la bondad amorosa.<\/span><\/p>\n<p lang=\"es-ES\" align=\"LEFT\"><span style=\"font-family: georgia, palatino; font-size: 21px; color: #000000;\" data-darkreader-inline-color=\"\"><sup>2<\/sup> Desarrollad un coraz\u00f3n de compasi\u00f3n, gracia y misericordia para todas las almas y comenzar\u00e9is a encontrar la felicidad y la paz verdaderas.<\/span><\/p>\n<p lang=\"es-ES\" align=\"LEFT\"><span style=\"font-family: georgia, palatino; font-size: 21px; color: #000000;\" data-darkreader-inline-color=\"\"><sup>3<\/sup> Que cada uno de vosotros extienda bondad amorosa sin prejuicio alguno a todos los seres conscientes.<\/span><\/p>\n<p lang=\"es-ES\" align=\"LEFT\"><span style=\"font-family: georgia, palatino; font-size: 21px; color: #000000;\" data-darkreader-inline-color=\"\"><sup>4<\/sup> Difundid bondad amorosa a todos.<\/span><\/p>\n<p lang=\"es-ES\" align=\"LEFT\"><span style=\"font-family: georgia, palatino; font-size: 21px; color: #000000;\" data-darkreader-inline-color=\"\"><sup>5<\/sup> Compartid la bondad de los Santos con todas las almas.<\/span><\/p>\n<p lang=\"es-ES\" align=\"LEFT\"><span style=\"font-family: georgia, palatino; font-size: 21px; color: #000000;\" data-darkreader-inline-color=\"\"><sup>6<\/sup> Cada creyente es responsable de compartir el Evangelio con los dem\u00e1s, independientemente de la raza, el g\u00e9nero, la nacionalidad u orientaci\u00f3n sexual del buscador.<\/span><\/p>\n<p lang=\"es-ES\" align=\"LEFT\"><span style=\"font-family: georgia, palatino; font-size: 21px; color: #000000;\" data-darkreader-inline-color=\"\"><sup>7<\/sup> La bondad es una expresi\u00f3n externa de una mente despierta.<\/span><\/p>\n<p lang=\"es-ES\" align=\"LEFT\"><span style=\"font-family: georgia, palatino; font-size: 21px; color: #000000;\" data-darkreader-inline-color=\"\"><sup>8<\/sup> La bondad siempre debe ser vista como una obligaci\u00f3n.<\/span><\/p>\n<p lang=\"es-ES\" align=\"LEFT\"><span style=\"font-family: georgia, palatino; font-size: 21px; color: #000000;\" data-darkreader-inline-color=\"\"><sup>9<\/sup> Como un espejo que refleja el sol sobre la pared, reflejad sobre todos la amabilidad que otros os muestran.<\/span><\/p>\n<p lang=\"es-ES\" align=\"LEFT\"><span style=\"font-family: georgia, palatino; font-size: 21px; color: #000000;\" data-darkreader-inline-color=\"\"><sup>10<\/sup> Compartid la bondad amorosa con los dem\u00e1s con la misma libertad que las nieves caen sobre los picos m\u00e1s altos de las monta\u00f1as.<\/span><\/p>\n<p>&nbsp;<\/p>\n<p lang=\"es-ES\" align=\"LEFT\"><span style=\"font-family: georgia, palatino; font-size: 21px; color: #000000;\" data-darkreader-inline-color=\"\"><strong>El Libro de la Verdad, La Muerte de Jes\u00fas en Relaci\u00f3n con la Pascua \u2013 186:5:<\/strong><\/span><\/p>\n<p lang=\"es-ES\" align=\"LEFT\"><strong><span style=\"font-family: georgia, palatino; font-size: 21px; color: #000000;\" data-darkreader-inline-color=\"\">5. La Muerte de Jes\u00fas en Relaci\u00f3n con la Pascua<\/span><\/strong><\/p>\n<p lang=\"es-ES\" align=\"LEFT\"><span style=\"font-family: georgia, palatino; font-size: 21px; color: #000000;\" data-darkreader-inline-color=\"\">186:5.1<\/span><\/p>\n<p lang=\"es-ES\" align=\"LEFT\"><span style=\"font-family: georgia, palatino; font-size: 21px; color: #000000;\" data-darkreader-inline-color=\"\">No existe una relaci\u00f3n directa entre la muerte de Jes\u00fas y la Pascua jud\u00eda. Es verdad que el Maestro entreg\u00f3 su vida en la carne en este d\u00eda, el d\u00eda de preparaci\u00f3n para la Pascua jud\u00eda, y alrededor de la hora en que se sacrificaba los corderos pascuales en el templo. Pero este acontecimiento coincidente no indica de ninguna manera que la muerte del Hijo del Hombre en la tierra tenga relaci\u00f3n alguna con el sistema sacrificatorio jud\u00edo. Jes\u00fas era jud\u00edo, pero como Hijo del Hombre era un mortal de los reinos. Los acontecimientos ya narrados que condujeron a esta hora de crucifixi\u00f3n inminente del Maestro son suficientes para indicar que su muerte aproximadamente en ese momento fue un asunto puramente natural y en manos de los hombres.<\/span><\/p>\n<p lang=\"es-ES\" align=\"LEFT\"><span style=\"font-family: georgia, palatino; font-size: 21px; color: #000000;\" data-darkreader-inline-color=\"\">186:5.2<\/span><\/p>\n<p lang=\"es-ES\" align=\"LEFT\"><span style=\"font-family: georgia, palatino; font-size: 21px; color: #000000;\" data-darkreader-inline-color=\"\">Fue el hombre y no Dios quien plane\u00f3 y ejecut\u00f3 la muerte de Jes\u00fas en la cruz. Es verdad que el Padre se neg\u00f3 a interferir en la marcha de los acontecimientos humanos en Urantia, pero el Padre en el Para\u00edso no decret\u00f3, no demand\u00f3, ni requiri\u00f3 la muerte de su Hijo de la manera como se la llev\u00f3 a cabo en la tierra. Es un hecho que de alguna forma, tarde o temprano, Jes\u00fas habr\u00eda tenido que despojarse de su cuerpo mortal, dando fin a su encarnaci\u00f3n, pero podr\u00eda haberlo hecho de maneras incontables, sin morir en una cruz entre dos ladrones. Todo esto fue obra del hombre, no de Dios.<\/span><\/p>\n<p lang=\"es-ES\" align=\"LEFT\"><span style=\"font-family: georgia, palatino; font-size: 21px; color: #000000;\" data-darkreader-inline-color=\"\">186:5.3<\/span><\/p>\n<p lang=\"es-ES\" align=\"LEFT\"><span style=\"font-family: georgia, palatino; font-size: 21px; color: #000000;\" data-darkreader-inline-color=\"\">A la hora del bautismo del Maestro, \u00e9l ya hab\u00eda cumplido con la t\u00e9cnica de la experiencia requisita en la tierra y en la carne, necesaria para que concluyera su s\u00e9ptimo y \u00faltimo autootorgamiento en el universo. Se cumpli\u00f3 en este mismo momento el deber de Jes\u00fas en la tierra. Toda la vida que vivi\u00f3 despu\u00e9s de eso, y aun la forma de su muerte, fue un ministerio puramente personal de su parte para bienestar y elevaci\u00f3n de las criaturas mortales en este mundo y en otros mundos.<\/span><\/p>\n<p lang=\"es-ES\" align=\"LEFT\"><span style=\"font-family: georgia, palatino; font-size: 21px; color: #000000;\" data-darkreader-inline-color=\"\">186:5.4<\/span><\/p>\n<p lang=\"es-ES\" align=\"LEFT\"><span style=\"font-family: georgia, palatino; font-size: 21px; color: #000000;\" data-darkreader-inline-color=\"\">El evangelio de la buena nueva de que el hombre mortal puede, por la fe, llegar a ser consciente espiritualmente de que \u00e9l es hijo de Dios, no depende de la muerte de Jes\u00fas. Es verdad, en efecto, que este evangelio del reino ha sido enormemente iluminado por la muerte del Maestro, pero lo fue aun m\u00e1s por su vida.<\/span><\/p>\n<p lang=\"es-ES\" align=\"LEFT\"><span style=\"font-family: georgia, palatino; font-size: 21px; color: #000000;\" data-darkreader-inline-color=\"\">186:5.5<\/span><\/p>\n<p lang=\"es-ES\" align=\"LEFT\"><span style=\"font-family: georgia, palatino; font-size: 21px; color: #000000;\" data-darkreader-inline-color=\"\">Todo lo que el Hijo del Hombre dijo o hizo en la tierra embelleci\u00f3 grandemente las doctrinas de la filiaci\u00f3n con Dios y de la hermandad de los hombres, pero estas relaciones esenciales de Dios y de los hombres son inherentes en los hechos universales del amor de Dios por sus criaturas y de la misericordia innata de sus Hijos divinos. Estas relaciones conmovedoras y divinamente hermosas entre el hombre y su Hacedor en este mundo y en todos los otros a lo largo y a lo ancho del universo de los universos, han existido desde la eternidad; y no son en sentido alguno dependientes de esas actuaciones peri\u00f3dicas de autootorgamiento de los Hijos Creadores de Dios, quienes as\u00ed toman la naturaleza y semejanza de las inteligencias creadas por ellos, como parte del precio que deben pagar para adquirir finalmente la soberan\u00eda ilimitada de sus respectivos universos locales.<\/span><\/p>\n<p lang=\"es-ES\" align=\"LEFT\"><span style=\"font-family: georgia, palatino; font-size: 21px; color: #000000;\" data-darkreader-inline-color=\"\">186:5.6<\/span><\/p>\n<p lang=\"es-ES\" align=\"LEFT\"><span style=\"font-family: georgia, palatino; font-size: 21px; color: #000000;\" data-darkreader-inline-color=\"\">El Padre en el cielo amaba de igual manera al hombre mortal en la tierra antes de la vida y muerte de Jes\u00fas en Urantia que despu\u00e9s de esta exhibici\u00f3n trascendental de asociaci\u00f3n de hombre y Dios. Esta poderosa transacci\u00f3n de la encarnaci\u00f3n del Dios de Nebadon como hombre en Urantia no pod\u00eda aumentar los atributos del Padre eterno, infinito y universal, pero s\u00ed enriqueci\u00f3 y esclareci\u00f3 a todos los dem\u00e1s administradores y criaturas del universo de Nebadon. Aunque el Padre en el cielo no nos ama m\u00e1s por esta encarnaci\u00f3n de Micael, todas las dem\u00e1s inteligencias celestiales s\u00ed lo hacen. Y esto se debe a que Jes\u00fas revel\u00f3, no solamente a Dios al hombre, sino asimismo hizo una nueva revelaci\u00f3n del hombre a los Dioses y a las inteligencias celestiales del universo de los universos.<\/span><\/p>\n<p lang=\"es-ES\" align=\"LEFT\"><span style=\"font-family: georgia, palatino; font-size: 21px; color: #000000;\" data-darkreader-inline-color=\"\">186:5.7<\/span><\/p>\n<p lang=\"es-ES\" align=\"LEFT\"><span style=\"font-family: georgia, palatino; font-size: 21px; color: #000000;\" data-darkreader-inline-color=\"\">Jes\u00fas no est\u00e1 a punto de morir como sacrificio por el pecado. El no exp\u00eda la culpa moral innata de la raza humana. La humanidad no tiene tal culpa racial ante Dios. La culpa es puramente una cuesti\u00f3n de pecado personal y rebeld\u00eda deliberada y de sabiendas contra la voluntad del Padre y la administraci\u00f3n de sus Hijos.<\/span><\/p>\n<p lang=\"es-ES\" align=\"LEFT\"><span style=\"font-family: georgia, palatino; font-size: 21px; color: #000000;\" data-darkreader-inline-color=\"\">186:5.8<\/span><\/p>\n<p lang=\"es-ES\" align=\"LEFT\"><span style=\"font-family: georgia, palatino; font-size: 21px; color: #000000;\" data-darkreader-inline-color=\"\">El pecado y la rebeli\u00f3n nada tienen que ver con el plan fundamental de autootorgamientos de los Hijos de Dios Paradisiacos, aunque nos parezca que el plan de salvaci\u00f3n es una caracter\u00edstica provisional del plan autootorgador.<\/span><\/p>\n<p lang=\"es-ES\" align=\"LEFT\"><span style=\"font-family: georgia, palatino; font-size: 21px; color: #000000;\" data-darkreader-inline-color=\"\">186:5.9<\/span><\/p>\n<p lang=\"es-ES\" align=\"LEFT\"><span style=\"font-family: georgia, palatino; font-size: 21px; color: #000000;\" data-darkreader-inline-color=\"\">La salvaci\u00f3n de Dios para los mortales de Urantia habr\u00eda sido igualmente eficaz y perfectamente certera si Jes\u00fas no hubiese sido puesto a muerte por las manos crueles de mortales ignorantes. Si los mortales de la tierra hubieran recibido favorablemente al Maestro y si \u00e9l hubiera partido de Urantia por abandono voluntario de su vida en la carne, el hecho del amor de Dios y de la misericordia del Hijo\u2014el hecho de la filiaci\u00f3n con Dios\u2013 de ninguna manera habr\u00eda sido afectado. Vosotros los mortales sois hijos de Dios, y s\u00f3lo una cosa se requiere para que esta verdad se vuelva un hecho en vuestra experiencia personal, y \u00e9sa es: vuestra fe nacida del esp\u00edritu.<\/span><\/p>\n<\/div>\n","protected":false},"excerpt":{"rendered":"<p>Giliana Kudsha Manteneos Fieles y Practicad la Paciencia Os aseguro que si sois siempre fieles y practic\u00e1is la paciencia, vuestras necesidades ser\u00e1n satisfechas. &nbsp; Ense\u00f1anzas de la Luz Cap\u00edtulo 50: La Bondad Amorosa 1 Si aprend\u00e9is una sola cosa en vuestra vida, que sea la bondad amorosa. 2 Desarrollad un coraz\u00f3n de compasi\u00f3n, gracia y &#8230;<\/p>\n","protected":false},"author":3,"featured_media":0,"comment_status":"closed","ping_status":"closed","sticky":false,"template":"","format":"standard","meta":{"footnotes":""},"categories":[9],"tags":[11,29,22,13,14,15,16,17,19,18,21,12,24,23,10,30,27,28,20,31,26,25],"class_list":{"0":"post-646","1":"post","2":"type-post","3":"status-publish","4":"format-standard","6":"category-lecturas-del-leccionario","7":"tag-biblia-de-oahspe","8":"tag-calendario","9":"tag-eloi","10":"tag-era-kosmon","11":"tag-fideismo","12":"tag-fideistas","13":"tag-fielismo","14":"tag-fielistas","15":"tag-iglesia-fideista","16":"tag-iglesia-fielista","17":"tag-jehovi","18":"tag-la-biblia-oahspe","19":"tag-lecturas-del-leccionario","20":"tag-lecturas-diarias","21":"tag-oahspe","22":"tag-observancias","23":"tag-pacto-unido","24":"tag-pacto-unido-de-la-luz","25":"tag-religion-de-la-luz","26":"tag-shabbat","27":"tag-yeshua","28":"tag-yoshu","29":"anons"},"_links":{"self":[{"href":"https:\/\/covenantarian.org\/u\/wp-json\/wp\/v2\/posts\/646","targetHints":{"allow":["GET"]}}],"collection":[{"href":"https:\/\/covenantarian.org\/u\/wp-json\/wp\/v2\/posts"}],"about":[{"href":"https:\/\/covenantarian.org\/u\/wp-json\/wp\/v2\/types\/post"}],"author":[{"embeddable":true,"href":"https:\/\/covenantarian.org\/u\/wp-json\/wp\/v2\/users\/3"}],"replies":[{"embeddable":true,"href":"https:\/\/covenantarian.org\/u\/wp-json\/wp\/v2\/comments?post=646"}],"version-history":[{"count":4,"href":"https:\/\/covenantarian.org\/u\/wp-json\/wp\/v2\/posts\/646\/revisions"}],"predecessor-version":[{"id":648,"href":"https:\/\/covenantarian.org\/u\/wp-json\/wp\/v2\/posts\/646\/revisions\/648"}],"wp:attachment":[{"href":"https:\/\/covenantarian.org\/u\/wp-json\/wp\/v2\/media?parent=646"}],"wp:term":[{"taxonomy":"category","embeddable":true,"href":"https:\/\/covenantarian.org\/u\/wp-json\/wp\/v2\/categories?post=646"},{"taxonomy":"post_tag","embeddable":true,"href":"https:\/\/covenantarian.org\/u\/wp-json\/wp\/v2\/tags?post=646"}],"curies":[{"name":"wp","href":"https:\/\/api.w.org\/{rel}","templated":true}]}}