{"id":767,"date":"2025-01-12T23:26:14","date_gmt":"2025-01-12T23:26:14","guid":{"rendered":"https:\/\/covenantarian.org\/u\/?p=767"},"modified":"2025-01-12T23:26:14","modified_gmt":"2025-01-12T23:26:14","slug":"lecturas-del-convenio-unido-para-el-lunes-13-de-enero-2025","status":"publish","type":"post","link":"https:\/\/covenantarian.org\/u\/lecturas-del-leccionario\/lecturas-del-convenio-unido-para-el-lunes-13-de-enero-2025\/","title":{"rendered":"Lecturas del Convenio Unido para el Lunes, 13 de Enero, 2025"},"content":{"rendered":"<div class=\"entry\">\n<p><span style=\"font-size: 21px; font-family: georgia, palatino; color: #000000;\"><strong>Giliana Kudsha<\/strong><\/span><\/p>\n<p><span style=\"color: #000000; font-size: 21px; font-family: georgia, palatino;\"><b>Pon Tu Confianza en el Creador<\/b><\/span><\/p>\n<p><span style=\"color: #000000; font-size: 21px; font-family: georgia, palatino;\">Independientemente del entorno pol\u00edtico o la corrupci\u00f3n religiosa que te rodea, siempre pon tu confianza en el Creador. \u00c9l es el \u00fanico que te llevar\u00e1 a salvo a la otra orilla donde disfrutar\u00e1s de Su Presencia.<\/span><\/p>\n<p><span style=\"color: #000000; font-size: 21px; font-family: georgia, palatino;\">Las promesas de los humanos pueden fallar, por m\u00e1s sincero que uno sea; pero hay otros entre los hombres y las mujeres que son agentes de la malvada y de su sistema en tu mundo. Las palabras que hablan son siempre mentiras o lo que parecen ser verdades pero ocultas detr\u00e1s de humo y niebla enga\u00f1osas.<\/span><\/p>\n<p><span style=\"color: #000000; font-size: 21px; font-family: georgia, palatino;\">El Eterno Creador no hace nada para enga\u00f1ar a Su creaci\u00f3n. \u00c9l est\u00e1 lleno de verdad y bondad y siempre ser\u00e1 fiel a Sus hijos e hijas.<\/span><\/p>\n<p><span style=\"color: #000000; font-size: 21px; font-family: georgia, palatino;\">Con el mundo desmoron\u00e1ndose a tu alrededor, debes saber en qui\u00e9n debes poner tu confianza.<\/span><\/p>\n<p>&nbsp;<\/p>\n<p><span style=\"font-family: georgia, palatino; font-size: 21px; color: #000000;\" data-darkreader-inline-color=\"\"><strong>Ense\u00f1anzas de la Luz Cap\u00edtulo 81:<\/strong><\/span><\/p>\n<p lang=\"es-ES\" align=\"LEFT\"><span style=\"font-family: georgia, palatino; font-size: 21px; color: #000000;\" data-darkreader-inline-color=\"\"><i>La Quietud<\/i><\/span><\/p>\n<p lang=\"es-ES\" align=\"LEFT\"><span style=\"font-family: georgia, palatino; font-size: 21px; color: #000000;\" data-darkreader-inline-color=\"\"><sup>1<\/sup> La voz de la verdad se encuentra dentro de los recovecos m\u00e1s profundos de vuestro coraz\u00f3n.<\/span><\/p>\n<p lang=\"es-ES\" align=\"LEFT\"><span style=\"font-family: georgia, palatino; font-size: 21px; color: #000000;\" data-darkreader-inline-color=\"\"><sup>2<\/sup> Si est\u00e1is escuchando de verdad, oir\u00e9is su latido.<\/span><\/p>\n<p lang=\"es-ES\" align=\"LEFT\"><span style=\"font-family: georgia, palatino; font-size: 21px; color: #000000;\" data-darkreader-inline-color=\"\"><sup>3<\/sup> Uno de los primeros pasos para experimentar la Presencia de Dios en vuestra vida es reconocer que \u00c9l ya est\u00e1 al lado de vosotros.<\/span><\/p>\n<p lang=\"es-ES\" align=\"LEFT\"><span style=\"font-family: georgia, palatino; font-size: 21px; color: #000000;\" data-darkreader-inline-color=\"\"><sup>4<\/sup> Menos \u00e9nfasis sobre el mundo que os rodea con vuestros ojos f\u00edsicos os abrir\u00e1 los ojos de vuestra alma a la Presencia de Dios.<\/span><\/p>\n<p lang=\"es-ES\" align=\"LEFT\"><span style=\"font-family: georgia, palatino; font-size: 21px; color: #000000;\" data-darkreader-inline-color=\"\"><sup>5<\/sup> Tranquilizad vuestra mente del caos del mundo y escuchad la voz del Padre que est\u00e1 con vosotros.<\/span><\/p>\n<p lang=\"es-ES\" align=\"LEFT\"><span style=\"font-family: georgia, palatino; font-size: 21px; color: #000000;\" data-darkreader-inline-color=\"\"><sup>6<\/sup> Sentid Su Presencia y adorarle con fe, alabanza, oraci\u00f3n y con obras de servicio a \u00c9l y a los seres humanos.<\/span><\/p>\n<p>&nbsp;<\/p>\n<p lang=\"es-ES\" align=\"LEFT\"><span style=\"font-family: georgia, palatino; font-size: 21px; color: #000000;\" data-darkreader-inline-color=\"\"><strong>Evangelio del Santo Profeta Mani Cap\u00edtulo 87:<\/strong><\/span><\/p>\n<p><sup><span style=\"font-family: Georgia, serif;\"><span style=\"font-size: 21px;\"><span lang=\"es-ES\">1<\/span><\/span><\/span><\/sup><span style=\"font-family: Georgia, serif;\"><span style=\"font-size: 21px;\"><span lang=\"es-ES\"> Dios es tambi\u00e9n un Juez de las Almas que obedecen al Adversario y hacen lo que es malvado, sin creer en la Verdad, y \u00c9l los condena a trav\u00e9s de sus obras, porque est\u00e1n excluidos de la \u00daltima Estatua <\/span><\/span><\/span><span style=\"font-family: Georgia, serif;\"><span style=\"font-size: 21px;\">\u2013 <\/span><\/span><span style=\"font-family: Georgia, serif;\"><span style=\"font-size: 21px;\"><span lang=\"es-ES\">la uni\u00f3n de todas las almas perfeccionadas en el Grande y Perfecto \u2013 cuando el universo sea disuelto y todas las cosas sean destruidas, y el Gran Fuego sea desatado y la \u00daltima Estatua sea formada a partir de los restos de todas las cosas.<\/span><\/span><\/span><\/p>\n<p><sup><span style=\"font-family: Georgia, serif;\"><span style=\"font-size: 21px;\"><span lang=\"es-ES\">2<\/span><\/span><\/span><\/sup><span style=\"font-family: Georgia, serif;\"><span style=\"font-size: 21px;\"><span lang=\"es-ES\"> Las almas de los negadores y blasfemadores llorar\u00e1n cuando la \u00daltima Estatua descienda; entonces gritar\u00e1n en voz alta que est\u00e1n separados de la compa\u00f1\u00eda de esta Gran Estatua y permanecer\u00e1n atr\u00e1s para siempre.<\/span><\/span><\/span><\/p>\n<p><sup><span style=\"font-family: Georgia, serif;\"><span style=\"font-size: 21px;\"><span lang=\"es-ES\">3<\/span><\/span><\/span><\/sup><span style=\"font-family: Georgia, serif;\"><span style=\"font-size: 21px;\"><span lang=\"es-ES\"> Porque a partir de este tiempo no hay descanso para ellos que ir\u00e1n a esta Oscuridad y ser\u00e1n encadenados con la Oscuridad como lo han deseado y amado, y han puesto su tesoro en su cuidado.<\/span><\/span><\/span><\/p>\n<p lang=\"es-ES\"><span style=\"font-family: Georgia, serif;\"><span style=\"font-size: 21px;\"><sup>4<\/sup> \u00c9l no se los lleva hacia S\u00ed mismo en su final, sino que pasan a formar parte del Enemigo al cual han amado.<\/span><\/span><\/p>\n<p lang=\"es-ES\"><span style=\"font-family: Georgia, serif;\"><span style=\"font-size: 21px;\"><sup>5<\/sup> Dios Mismo no les ha hecho nada malo, pero son solo ellos mismos los que est\u00e1n en contra de ellos; son sus propias acciones las que los condenan y los echan al infierno que quema.<\/span><\/span><\/p>\n<p lang=\"es-ES\"><span style=\"font-family: Georgia, serif;\"><span style=\"font-size: 21px;\"><sup>6<\/sup> Los malvados vienen justamente al infierno mediante la maldad de la bestia venenosa y mediante la enfermedad de la contaminaci\u00f3n.<\/span><\/span><\/p>\n<p lang=\"es-ES\"><span style=\"font-family: Georgia, serif;\"><span style=\"font-size: 21px;\"><sup>7<\/sup> La Luz se retirar\u00e1 a su lugar y ascender\u00e1 y reinar\u00e1 en su Reino, mientras que la Oscuridad cae y es llevada a la Tumba con toda su descendencia, y ser\u00e1n encadenados con ella, at\u00e1ndoles a ellos con la Oscuridad, el Enemigo, que se ha alzado a s\u00ed mismo en contra de la Luz desde el principio.<\/span><\/span><\/p>\n<p lang=\"es-ES\"><span style=\"font-family: Georgia, serif;\"><span style=\"font-size: 21px;\"><sup>8<\/sup> Las almas de todos los pecadores que han sido condenados por sus obras son atadas al Enemigo en la Tumba \u2013 sus masculinas y sus femeninas; las masculinas ser\u00e1n separadas de las femeninas y ser\u00e1n aprisionadas en el Bulto.<\/span><\/span><\/p>\n<p lang=\"es-ES\"><span style=\"font-family: Georgia, serif;\"><span style=\"font-size: 21px;\"><sup>9<\/sup> Este \u00faltimo se densificar\u00e1 cuando todas las formas e im\u00e1genes sean incluidas en \u00e9l; el Globo se hundir\u00e1 por su propio peso al Abismo; adem\u00e1s, el Abismo se hundir\u00e1 abajo hasta la eternidad de las eternidades; mientras que las almas femeninas ser\u00e1n arrojadas a la Tumba.<\/span><\/span><\/p>\n<p lang=\"es-ES\"><span style=\"font-family: Georgia, serif;\"><span style=\"font-size: 21px;\"><sup>10<\/sup> La Luz ser\u00e1 purificada y separada de la Oscuridad por medio del Gran Fuego en el que el universo se disolver\u00e1 y todas las cosas ser\u00e1n destruidas, y morir\u00e1n en ese fuego voraz violento y envenenado, que las abrasar\u00e1 durante mil cuatrocientos sesenta y ocho a\u00f1os.*<\/span><\/span><\/p>\n<p lang=\"es-ES\"><span style=\"font-family: Georgia, serif;\"><span style=\"font-size: 21px;\"><i>* (estos no son a\u00f1os humanos)<\/i><\/span><\/span><\/p>\n<\/div>\n","protected":false},"excerpt":{"rendered":"<p>Giliana Kudsha Pon Tu Confianza en el Creador Independientemente del entorno pol\u00edtico o la corrupci\u00f3n religiosa que te rodea, siempre pon tu confianza en el Creador. \u00c9l es el \u00fanico que te llevar\u00e1 a salvo a la otra orilla donde disfrutar\u00e1s de Su Presencia. Las promesas de los humanos pueden fallar, por m\u00e1s sincero que &#8230;<\/p>\n","protected":false},"author":3,"featured_media":0,"comment_status":"closed","ping_status":"closed","sticky":false,"template":"","format":"standard","meta":{"footnotes":""},"categories":[9],"tags":[11,29,22,13,14,15,16,17,19,18,21,12,24,23,10,30,27,28,20,31,26,25],"class_list":{"0":"post-767","1":"post","2":"type-post","3":"status-publish","4":"format-standard","6":"category-lecturas-del-leccionario","7":"tag-biblia-de-oahspe","8":"tag-calendario","9":"tag-eloi","10":"tag-era-kosmon","11":"tag-fideismo","12":"tag-fideistas","13":"tag-fielismo","14":"tag-fielistas","15":"tag-iglesia-fideista","16":"tag-iglesia-fielista","17":"tag-jehovi","18":"tag-la-biblia-oahspe","19":"tag-lecturas-del-leccionario","20":"tag-lecturas-diarias","21":"tag-oahspe","22":"tag-observancias","23":"tag-pacto-unido","24":"tag-pacto-unido-de-la-luz","25":"tag-religion-de-la-luz","26":"tag-shabbat","27":"tag-yeshua","28":"tag-yoshu","29":"anons"},"_links":{"self":[{"href":"https:\/\/covenantarian.org\/u\/wp-json\/wp\/v2\/posts\/767","targetHints":{"allow":["GET"]}}],"collection":[{"href":"https:\/\/covenantarian.org\/u\/wp-json\/wp\/v2\/posts"}],"about":[{"href":"https:\/\/covenantarian.org\/u\/wp-json\/wp\/v2\/types\/post"}],"author":[{"embeddable":true,"href":"https:\/\/covenantarian.org\/u\/wp-json\/wp\/v2\/users\/3"}],"replies":[{"embeddable":true,"href":"https:\/\/covenantarian.org\/u\/wp-json\/wp\/v2\/comments?post=767"}],"version-history":[{"count":1,"href":"https:\/\/covenantarian.org\/u\/wp-json\/wp\/v2\/posts\/767\/revisions"}],"predecessor-version":[{"id":768,"href":"https:\/\/covenantarian.org\/u\/wp-json\/wp\/v2\/posts\/767\/revisions\/768"}],"wp:attachment":[{"href":"https:\/\/covenantarian.org\/u\/wp-json\/wp\/v2\/media?parent=767"}],"wp:term":[{"taxonomy":"category","embeddable":true,"href":"https:\/\/covenantarian.org\/u\/wp-json\/wp\/v2\/categories?post=767"},{"taxonomy":"post_tag","embeddable":true,"href":"https:\/\/covenantarian.org\/u\/wp-json\/wp\/v2\/tags?post=767"}],"curies":[{"name":"wp","href":"https:\/\/api.w.org\/{rel}","templated":true}]}}