{"id":805,"date":"2025-01-24T08:21:23","date_gmt":"2025-01-24T08:21:23","guid":{"rendered":"https:\/\/covenantarian.org\/u\/?p=805"},"modified":"2025-01-24T08:21:56","modified_gmt":"2025-01-24T08:21:56","slug":"lecturas-del-convenio-unido-para-el-viernes-24-de-enero-2025","status":"publish","type":"post","link":"https:\/\/covenantarian.org\/u\/lecturas-del-leccionario\/lecturas-del-convenio-unido-para-el-viernes-24-de-enero-2025\/","title":{"rendered":"Lecturas del Convenio Unido para el Viernes, 24 de Enero, 2025"},"content":{"rendered":"<div class=\"entry\">\n<p><span style=\"font-size: 21px; font-family: georgia, palatino; color: #000000;\"><strong>Giliana Kudsha<\/strong><\/span><\/p>\n<p><span style=\"font-family: georgia, palatino; font-size: 21px; color: #000000;\"><b>Vine a por Mis Ovejas<\/b><\/span><\/p>\n<p align=\"JUSTIFY\"><span style=\"font-family: georgia, palatino; font-size: 21px; color: #000000;\">No vine a llamar al mundo a mi redil. Vine a por mis propias ovejas que conocen la voz de su pastor. Venid a m\u00ed y os llevar\u00e9 a las refrescantes aguas establecidas desde el principio por el Padre de la Grandeza.<\/span><\/p>\n<p>&nbsp;<\/p>\n<p lang=\"es-ES\" align=\"LEFT\"><span style=\"font-size: 21px; font-family: georgia, palatino; color: #000000;\" data-darkreader-inline-color=\"\"><strong>Ense\u00f1anzas de la Luz Cap\u00edtulo 92:<\/strong><\/span><\/p>\n<p lang=\"es-ES\" align=\"LEFT\"><span style=\"font-family: georgia, palatino; font-size: 21px; color: #000000;\" data-darkreader-inline-color=\"\"><i>Sabidur\u00eda<\/i><\/span><\/p>\n<p lang=\"es-ES\" align=\"LEFT\"><span style=\"font-family: georgia, palatino; font-size: 21px; color: #000000;\" data-darkreader-inline-color=\"\"><sup>1<\/sup> La Luz es la libertad de todos; saber esto es el comienzo de la sabidur\u00eda.<\/span><\/p>\n<p lang=\"es-ES\" align=\"LEFT\"><span style=\"font-family: georgia, palatino; font-size: 21px; color: #000000;\" data-darkreader-inline-color=\"\"><sup>2<\/sup> Porque en verdad, se ha dicho, el principio de la sabidur\u00eda es la reverencia profunda de la Fuente Divina, porque \u00c9l es la Fuente de la Luz y de la Verdad, y no hay oscuridad en \u00c9l.<\/span><\/p>\n<p lang=\"es-ES\" align=\"LEFT\"><span style=\"font-family: georgia, palatino; font-size: 21px; color: #000000;\" data-darkreader-inline-color=\"\"><sup>3<\/sup> La luz brilla eternamente de la Palabra del Padre.<\/span><\/p>\n<p lang=\"es-ES\" align=\"LEFT\"><span style=\"font-family: georgia, palatino; font-size: 21px; color: #000000;\" data-darkreader-inline-color=\"\"><sup>4<\/sup> Los que adoran al \u00danico Dios Verdadero caminan en Su Luz dentro del Pacto al que han sido llamados.<\/span><\/p>\n<p lang=\"es-ES\" align=\"LEFT\"><span style=\"font-family: georgia, palatino; font-size: 21px; color: #000000;\" data-darkreader-inline-color=\"\"><sup>5<\/sup> En cuanto a aquellos que andan voluntariamente en la oscuridad, no ven la Luz \u2013 porque suya es la semilla de la malvada que los alimenta con mentiras.<\/span><\/p>\n<p lang=\"es-ES\" align=\"LEFT\"><span style=\"font-family: georgia, palatino; font-size: 21px; color: #000000;\" data-darkreader-inline-color=\"\"><sup>6<\/sup> La Luz verdadera no tiene ninguna asociaci\u00f3n con la oscuridad.<\/span><\/p>\n<p lang=\"es-ES\" align=\"LEFT\"><span style=\"font-family: georgia, palatino; font-size: 21px; color: #000000;\" data-darkreader-inline-color=\"\"><sup>7<\/sup> Una sola palabra pronunciada por un verdadero sabio puede disipar todas las dudas y los sufrimientos de todos los seres vivos.<\/span><\/p>\n<p lang=\"es-ES\" align=\"LEFT\"><span style=\"font-family: georgia, palatino; font-size: 21px; color: #000000;\" data-darkreader-inline-color=\"\"><sup>8 <\/sup>El Libro Sagrado de la Luz es una gu\u00eda para que los Pactarios obtengan verdadera sabidur\u00eda divina.<\/span><\/p>\n<p lang=\"es-ES\" align=\"LEFT\"><span style=\"font-family: georgia, palatino; font-size: 21px; color: #000000;\" data-darkreader-inline-color=\"\"><sup>9<\/sup> El hombre o la mujer que es capaz de manejar su hogar debidamente tiene experiencia y sabidur\u00eda. Pero si no pod\u00e9is manejar vuestra propia casa, entonces c\u00f3mo cre\u00e9is que posiblemente pod\u00e9is gestionar incluso una peque\u00f1a parte de la Casa de Dios.<\/span><\/p>\n<p>&nbsp;<\/p>\n<p lang=\"es-ES\" align=\"LEFT\"><span style=\"font-family: georgia, palatino; font-size: 21px; color: #000000;\" data-darkreader-inline-color=\"\"><strong>El Libro de la Verdad, El Primer Serm\u00f3n en la Sinagoga \u2013 126:4:<\/strong><\/span><\/p>\n<p lang=\"es-ES\" align=\"LEFT\"><strong><span style=\"font-family: georgia, palatino; font-size: 21px; color: #000000;\" data-darkreader-inline-color=\"\">4. El Primer Serm\u00f3n en la Sinagoga<\/span><\/strong><\/p>\n<p lang=\"es-ES\" align=\"LEFT\"><span style=\"font-family: georgia, palatino; font-size: 21px; color: #000000;\" data-darkreader-inline-color=\"\">126:4.1<\/span><\/p>\n<p lang=\"es-ES\" align=\"LEFT\"><span style=\"font-family: georgia, palatino; font-size: 21px; color: #000000;\" data-darkreader-inline-color=\"\">Al cumplir los quince a\u00f1os, Jes\u00fas ya pod\u00eda ocupar oficialmente el p\u00falpito de la sinagoga los s\u00e1bados. Muchas veces antes, cuando faltaban oradores, le hab\u00edan pedido a Jes\u00fas que leyese las escrituras, pero ahora hab\u00eda llegado el d\u00eda en que, seg\u00fan la ley, pod\u00eda oficiar el servicio. Por consiguiente, el primer s\u00e1bado despu\u00e9s de su decimoquinto cumplea\u00f1os el chaz\u00e1n dispuso que Jes\u00fas dirigiera los oficios matutinos en la sinagoga. Cuando todos los fieles en Nazaret se hubieron congregado, el joven, haciendo su selecci\u00f3n de las escrituras, se levant\u00f3 y comenz\u00f3 a leer:<\/span><\/p>\n<p lang=\"es-ES\" align=\"LEFT\"><span style=\"font-family: georgia, palatino; font-size: 21px; color: #000000;\" data-darkreader-inline-color=\"\">126:4.2<\/span><\/p>\n<p lang=\"es-ES\" align=\"LEFT\"><span style=\"font-family: georgia, palatino; font-size: 21px; color: #000000;\" data-darkreader-inline-color=\"\">\u00abEl esp\u00edritu del Se\u00f1or Dios est\u00e1 sobre m\u00ed, porque me ungi\u00f3 el Se\u00f1or; me ha enviado a predicar buenas nuevas a los abatidos, a vendar a los quebrantados de coraz\u00f3n, a publicar la libertad a los cautivos, y a los presos espirituales apertura de la c\u00e1rcel, a proclamar el a\u00f1o de la buena voluntad de Dios y el d\u00eda de venganza del Dios nuestro; a consolar a todos los enlutados, a darles belleza en lugar de ceniza, \u00f3leo de gozo en lugar de luto, canto de alabanza en vez de esp\u00edritu angustiado; y ser\u00e1n llamados \u00e1rboles de justicia, plant\u00edo del Se\u00f1or, para gloria suya.<\/span><\/p>\n<p lang=\"es-ES\" align=\"LEFT\"><span style=\"font-family: georgia, palatino; font-size: 21px; color: #000000;\" data-darkreader-inline-color=\"\">126:4.3<\/span><\/p>\n<p lang=\"es-ES\" align=\"LEFT\"><span style=\"font-family: georgia, palatino; font-size: 21px; color: #000000;\" data-darkreader-inline-color=\"\">\u00abBuscad lo bueno, y no lo malo, para que viv\u00e1is, porque as\u00ed el Se\u00f1or, el Dios de los ej\u00e9rcitos, estar\u00e1 con vosotros. Aborreced el mal y amad el bien; estableced el juicio en la puerta. Quiz\u00e1 el Se\u00f1or Dios tendr\u00e1 piedad del remanente de Jos\u00e9.<\/span><\/p>\n<p lang=\"es-ES\" align=\"LEFT\"><span style=\"font-family: georgia, palatino; font-size: 21px; color: #000000;\" data-darkreader-inline-color=\"\">126:4.4<\/span><\/p>\n<p lang=\"es-ES\" align=\"LEFT\"><span style=\"font-family: georgia, palatino; font-size: 21px; color: #000000;\" data-darkreader-inline-color=\"\">\u00abLavaos y limpiaos; quitad la iniquidad de vuestras obras de delante de mis ojos; dejad de hacer lo malo y aprended a hacer el bien; buscad el juicio, restituid al agraviado. Haced justicia al hu\u00e9rfano, amparad a la viuda.<\/span><\/p>\n<p lang=\"es-ES\" align=\"LEFT\"><span style=\"font-family: georgia, palatino; font-size: 21px; color: #000000;\" data-darkreader-inline-color=\"\">126:4.5<\/span><\/p>\n<p lang=\"es-ES\" align=\"LEFT\"><span style=\"font-family: georgia, palatino; font-size: 21px; color: #000000;\" data-darkreader-inline-color=\"\">\u00ab\u00bfCon qu\u00e9 me presentar\u00e9 el Se\u00f1or, a inclinarme ante el Se\u00f1or de toda la tierra? \u00bfMe presentar\u00e9 ante \u00e9l con holocaustos, con becerros de un a\u00f1o? \u00bfSe agradar\u00e1 el Se\u00f1or de millares de carneros, decenas de millares de ovejas, o con r\u00edos de aceite? \u00bfDar\u00e9 mi primog\u00e9nito por mi rebeli\u00f3n, el fruto de mis entra\u00f1as por el pecado de mi alma? \u00a1No!, porque el Se\u00f1or nos ha mostrado, oh hombres, lo que es bueno. Y qu\u00e9 pide el Se\u00f1or de ti: solamente hacer justicia, amar misericordia, y caminar humildemente con tu Dios\u00bb.<\/span><\/p>\n<p lang=\"es-ES\" align=\"LEFT\"><span style=\"font-family: georgia, palatino; font-size: 21px; color: #000000;\" data-darkreader-inline-color=\"\">126:4.6<\/span><\/p>\n<p lang=\"es-ES\" align=\"LEFT\"><span style=\"font-family: georgia, palatino; font-size: 21px; color: #000000;\" data-darkreader-inline-color=\"\">\u00ab\u00bfA qui\u00e9n, pues, har\u00e9is semejante a Dios que est\u00e1 sentado sobre el c\u00edrculo de la tierra? Levantad en alto vuestros ojos y mirad quien cre\u00f3 todos estos mundos, quien saca y cuenta su ej\u00e9rcito, a todos llama por sus nombres. \u00c9l hace todas estas cosas por la grandeza de su poder, y porque es poderoso ninguna faltar\u00e1. \u00c9l da esfuerzo al cansado, y multiplica las fuerzas al que no tiene ningunas. No temas, porque yo estoy contigo; no desmayes, porque yo soy tu Dios. Te esfuerzo y te ayudar\u00e9; s\u00ed, te sustentar\u00e9 con la diestra de mi justicia, porque yo soy el Se\u00f1or tu Dios. Y te sostiene de tu mano derecha, y te dice: no temas, yo te ayudo.<\/span><\/p>\n<p lang=\"es-ES\" align=\"LEFT\"><span style=\"font-family: georgia, palatino; font-size: 21px; color: #000000;\" data-darkreader-inline-color=\"\">126:4.7<\/span><\/p>\n<p lang=\"es-ES\" align=\"LEFT\"><span style=\"font-family: georgia, palatino; font-size: 21px; color: #000000;\" data-darkreader-inline-color=\"\">\u00abY vosotros sois mis testigos, dice el Se\u00f1or, y mi siervo que yo escog\u00ed, para que me conozc\u00e1is y cre\u00e1is en m\u00ed, y entend\u00e1is que yo soy el Eterno. Yo, s\u00f3lo yo, soy el Se\u00f1or, y fuera de m\u00ed no hay quien salve\u00bb.<\/span><\/p>\n<p lang=\"es-ES\" align=\"LEFT\"><span style=\"font-family: georgia, palatino; font-size: 21px; color: #000000;\" data-darkreader-inline-color=\"\">126:4.8<\/span><\/p>\n<p lang=\"es-ES\" align=\"LEFT\"><span style=\"font-family: georgia, palatino; font-size: 21px; color: #000000;\" data-darkreader-inline-color=\"\">Despu\u00e9s de leer as\u00ed se sent\u00f3, y la gente se fue a sus casas discurriendo las palabras que con tanto donaire les hab\u00eda le\u00eddo. Nunca le hab\u00edan visto los de su pueblo tan magn\u00edficamente solemne; nunca le hab\u00edan o\u00eddo leer con una voz tan apremiante y tan sincera; nunca lo hab\u00edan observado tan decidido y maduro, con tanta autoridad.<\/span><\/p>\n<p lang=\"es-ES\" align=\"LEFT\"><span style=\"font-family: georgia, palatino; font-size: 21px; color: #000000;\" data-darkreader-inline-color=\"\">126:4.9<\/span><\/p>\n<p lang=\"es-ES\" align=\"LEFT\"><span style=\"font-family: georgia, palatino; font-size: 21px; color: #000000;\" data-darkreader-inline-color=\"\">Ese mismo s\u00e1bado por la tarde escal\u00f3 Jes\u00fas la colina de Nazaret en compa\u00f1\u00eda de Santiago. Al regresar al hogar Jes\u00fas escribi\u00f3 con un carb\u00f3n sobre dos tablillas los Diez Mandamientos en griego. Luego Marta colore\u00f3 y adorn\u00f3 estas tablillas y durante mucho tiempo estuvieron colgadas en la pared sobre el peque\u00f1o banco de trabajo de Santiago.<\/span><\/p>\n<\/div>\n","protected":false},"excerpt":{"rendered":"<p>Giliana Kudsha Vine a por Mis Ovejas No vine a llamar al mundo a mi redil. Vine a por mis propias ovejas que conocen la voz de su pastor. Venid a m\u00ed y os llevar\u00e9 a las refrescantes aguas establecidas desde el principio por el Padre de la Grandeza. &nbsp; Ense\u00f1anzas de la Luz Cap\u00edtulo &#8230;<\/p>\n","protected":false},"author":3,"featured_media":0,"comment_status":"closed","ping_status":"closed","sticky":false,"template":"","format":"standard","meta":{"footnotes":""},"categories":[9],"tags":[11,29,22,13,14,15,16,17,19,18,21,12,24,23,10,30,27,28,20,31,26,25],"class_list":{"0":"post-805","1":"post","2":"type-post","3":"status-publish","4":"format-standard","6":"category-lecturas-del-leccionario","7":"tag-biblia-de-oahspe","8":"tag-calendario","9":"tag-eloi","10":"tag-era-kosmon","11":"tag-fideismo","12":"tag-fideistas","13":"tag-fielismo","14":"tag-fielistas","15":"tag-iglesia-fideista","16":"tag-iglesia-fielista","17":"tag-jehovi","18":"tag-la-biblia-oahspe","19":"tag-lecturas-del-leccionario","20":"tag-lecturas-diarias","21":"tag-oahspe","22":"tag-observancias","23":"tag-pacto-unido","24":"tag-pacto-unido-de-la-luz","25":"tag-religion-de-la-luz","26":"tag-shabbat","27":"tag-yeshua","28":"tag-yoshu","29":"anons"},"_links":{"self":[{"href":"https:\/\/covenantarian.org\/u\/wp-json\/wp\/v2\/posts\/805","targetHints":{"allow":["GET"]}}],"collection":[{"href":"https:\/\/covenantarian.org\/u\/wp-json\/wp\/v2\/posts"}],"about":[{"href":"https:\/\/covenantarian.org\/u\/wp-json\/wp\/v2\/types\/post"}],"author":[{"embeddable":true,"href":"https:\/\/covenantarian.org\/u\/wp-json\/wp\/v2\/users\/3"}],"replies":[{"embeddable":true,"href":"https:\/\/covenantarian.org\/u\/wp-json\/wp\/v2\/comments?post=805"}],"version-history":[{"count":2,"href":"https:\/\/covenantarian.org\/u\/wp-json\/wp\/v2\/posts\/805\/revisions"}],"predecessor-version":[{"id":807,"href":"https:\/\/covenantarian.org\/u\/wp-json\/wp\/v2\/posts\/805\/revisions\/807"}],"wp:attachment":[{"href":"https:\/\/covenantarian.org\/u\/wp-json\/wp\/v2\/media?parent=805"}],"wp:term":[{"taxonomy":"category","embeddable":true,"href":"https:\/\/covenantarian.org\/u\/wp-json\/wp\/v2\/categories?post=805"},{"taxonomy":"post_tag","embeddable":true,"href":"https:\/\/covenantarian.org\/u\/wp-json\/wp\/v2\/tags?post=805"}],"curies":[{"name":"wp","href":"https:\/\/api.w.org\/{rel}","templated":true}]}}