{"id":872,"date":"2025-02-11T09:13:57","date_gmt":"2025-02-11T09:13:57","guid":{"rendered":"https:\/\/covenantarian.org\/u\/?p=872"},"modified":"2025-02-11T10:01:48","modified_gmt":"2025-02-11T10:01:48","slug":"lecturas-del-convenio-unido-para-el-martes-11-de-febrero-2025","status":"publish","type":"post","link":"https:\/\/covenantarian.org\/u\/lecturas-del-leccionario\/lecturas-del-convenio-unido-para-el-martes-11-de-febrero-2025\/","title":{"rendered":"Lecturas del Convenio Unido para el Martes, 11 de Febrero, 2025"},"content":{"rendered":"<div class=\"entry\">\n<p><span style=\"font-size: 21px; font-family: georgia, palatino; color: #000000;\"><strong>Giliana Kudsha<\/strong><\/span><\/p>\n<p><span style=\"font-family: georgia, palatino; font-size: 21px; color: #000000;\"><b>No te Desanimes<\/b><\/span><\/p>\n<p align=\"JUSTIFY\"><span style=\"font-family: georgia, palatino; font-size: 21px; color: #000000;\">No te desanimes cuando los que te rodean caen del camino angosto que conduce a la vida. Fortal\u00e9cete a ti mismo con las palabras del Creador. Reza por tus hermanos y hermanas en la fe, y reza por aquellos que se han desviado para que busquen la conversi\u00f3n.<\/span><\/p>\n<p>&nbsp;<\/p>\n<p lang=\"es-ES\" align=\"LEFT\"><span style=\"font-size: 21px; font-family: georgia, palatino; color: #000000;\"><strong>Ense\u00f1anzas de la Luz Cap\u00edtulo 10:<\/strong><\/span><\/p>\n<p lang=\"es-ES\" align=\"LEFT\"><span style=\"font-family: georgia, palatino; font-size: 21px; color: #000000;\"><i>Las Creencias de Otros<\/i><\/span><\/p>\n<p lang=\"es-ES\" align=\"LEFT\"><span style=\"font-family: georgia, palatino; font-size: 21px; color: #000000;\"><sup>1<\/sup> Extended bondad a todas las personas, independientemente de sus creencias, pero no acept\u00e9is sus ilusiones como vuestras creencias.<\/span><\/p>\n<p lang=\"es-ES\" align=\"LEFT\"><span style=\"font-family: georgia, palatino; font-size: 21px; color: #000000;\"><sup>2<\/sup> Respetar\u00e9is el hecho de que otras personas tienen el privilegio de creer o no creer en lo que quieran. <\/span><\/p>\n<p lang=\"es-ES\" align=\"LEFT\"><span style=\"font-family: georgia, palatino; font-size: 21px; color: #000000;\"><sup>3<\/sup> Tienen el privilegio de elegir entre la vida o la muerte. La elecci\u00f3n es suya. <\/span><\/p>\n<p lang=\"es-ES\" align=\"LEFT\"><span style=\"font-family: georgia, palatino; font-size: 21px; color: #000000;\"><sup>4<\/sup> Habr\u00e1 que dar cuentas por todo.<\/span><\/p>\n<p lang=\"es-ES\" align=\"LEFT\"><span style=\"font-family: georgia, palatino; font-size: 21px; color: #000000;\"><sup>5<\/sup> Despu\u00e9s de que compart\u00e1is el Mensaje de la Luz con los dem\u00e1s, si todav\u00eda os faltan el respeto o intentan hacer que perd\u00e1is vuestro tiempo, seguid adelante, porque vuestro tiempo en la tierra es limitado y alcanzar\u00e9is al mayor n\u00famero de personas posible con vuestro mensaje. <\/span><\/p>\n<p lang=\"es-ES\" align=\"LEFT\"><span style=\"font-family: georgia, palatino; font-size: 21px; color: #000000;\"><sup>6<\/sup> No juzgu\u00e9is a los que rechazan lo que hab\u00e9is compartido. Su juicio no est\u00e1 en vuestras manos.<\/span><\/p>\n<p>&nbsp;<\/p>\n<p lang=\"es-ES\" align=\"LEFT\"><span style=\"font-family: georgia, palatino; font-size: 21px; color: #000000;\"><strong>El Libro de la Verdad, El Ajustador del Pensamiento Mora en Yesh\u00faa, 123:2.1-2:<\/strong><\/span><\/p>\n<p lang=\"es-ES\" align=\"LEFT\"><strong><span style=\"font-family: georgia, palatino; font-size: 21px; color: #000000;\">2. El Quinto A\u00f1o (A\u00f1o 2 a. de J.C.)<\/span><\/strong><\/p>\n<p lang=\"es-ES\" align=\"LEFT\"><span style=\"font-family: georgia, palatino; font-size: 21px; color: #000000;\">123:2.1<\/span><\/p>\n<p lang=\"es-ES\" align=\"LEFT\"><span style=\"font-family: georgia, palatino; font-size: 21px; color: #000000;\">Poco m\u00e1s de un a\u00f1o despu\u00e9s del regreso a Nazaret, el ni\u00f1o Jes\u00fas lleg\u00f3 a la edad de su primera decisi\u00f3n personal y sinceramente moral; y para entonces lleg\u00f3 a morar en \u00e9l un Ajustador del Pensamiento, el don divino del Padre del Para\u00edso. Este Ajustador hab\u00eda servido anteriormente a Maquiventa Melquisedek, o sea que ya hab\u00eda obtenido una experiencia en relaci\u00f3n con la encarnaci\u00f3n de un ser supermortal en la semejanza de la carne mortal. Este acontecimiento ocurri\u00f3 el 11 de febrero del a\u00f1o 2 a. de J.C. Jes\u00fas no tuvo m\u00e1s conciencia de la llegada del Monitor divino que la que tienen millones y millones de otros ni\u00f1os quienes hasta entonces y desde ese d\u00eda, han recibido del mismo modo al Ajustador del Pensamiento para que resida en su mente, y trabaje por la espiritualizaci\u00f3n \u00faltima de estas mentes y la supervivencia eterna de su alma inmortal evolutiva.<\/span><\/p>\n<p lang=\"es-ES\" align=\"LEFT\"><span style=\"font-family: georgia, palatino; font-size: 21px; color: #000000;\">123:2.2<\/span><\/p>\n<p lang=\"es-ES\" align=\"LEFT\"><span style=\"font-family: georgia, palatino; font-size: 21px; color: #000000;\">En este mismo d\u00eda de febrero termin\u00f3 la supervisi\u00f3n directa y personal de los Gobernantes del Universo en lo que respecta a la integridad de la encarnaci\u00f3n de Micael en semejanza de ni\u00f1o. Desde entonces y a lo largo del per\u00edodo de la encarnaci\u00f3n, la custodia de Jes\u00fas fue encomendada al Ajustador que en \u00e9l resid\u00eda y a los guardianes ser\u00e1ficos asociados, suplementados de vez en cuando por el ministerio de los seres intermedios, asignados a realizar ciertas tareas espec\u00edficas de acuerdo con las instrucciones de sus superiores planetarios.<\/span><\/p>\n<\/div>\n","protected":false},"excerpt":{"rendered":"<p>Giliana Kudsha No te Desanimes No te desanimes cuando los que te rodean caen del camino angosto que conduce a la vida. Fortal\u00e9cete a ti mismo con las palabras del Creador. Reza por tus hermanos y hermanas en la fe, y reza por aquellos que se han desviado para que busquen la conversi\u00f3n. &nbsp; Ense\u00f1anzas &#8230;<\/p>\n","protected":false},"author":3,"featured_media":0,"comment_status":"closed","ping_status":"closed","sticky":false,"template":"","format":"standard","meta":{"footnotes":""},"categories":[9],"tags":[11,29,22,13,14,15,16,17,19,18,21,12,24,23,10,30,27,28,20,31,26,25],"class_list":{"0":"post-872","1":"post","2":"type-post","3":"status-publish","4":"format-standard","6":"category-lecturas-del-leccionario","7":"tag-biblia-de-oahspe","8":"tag-calendario","9":"tag-eloi","10":"tag-era-kosmon","11":"tag-fideismo","12":"tag-fideistas","13":"tag-fielismo","14":"tag-fielistas","15":"tag-iglesia-fideista","16":"tag-iglesia-fielista","17":"tag-jehovi","18":"tag-la-biblia-oahspe","19":"tag-lecturas-del-leccionario","20":"tag-lecturas-diarias","21":"tag-oahspe","22":"tag-observancias","23":"tag-pacto-unido","24":"tag-pacto-unido-de-la-luz","25":"tag-religion-de-la-luz","26":"tag-shabbat","27":"tag-yeshua","28":"tag-yoshu","29":"anons"},"_links":{"self":[{"href":"https:\/\/covenantarian.org\/u\/wp-json\/wp\/v2\/posts\/872","targetHints":{"allow":["GET"]}}],"collection":[{"href":"https:\/\/covenantarian.org\/u\/wp-json\/wp\/v2\/posts"}],"about":[{"href":"https:\/\/covenantarian.org\/u\/wp-json\/wp\/v2\/types\/post"}],"author":[{"embeddable":true,"href":"https:\/\/covenantarian.org\/u\/wp-json\/wp\/v2\/users\/3"}],"replies":[{"embeddable":true,"href":"https:\/\/covenantarian.org\/u\/wp-json\/wp\/v2\/comments?post=872"}],"version-history":[{"count":2,"href":"https:\/\/covenantarian.org\/u\/wp-json\/wp\/v2\/posts\/872\/revisions"}],"predecessor-version":[{"id":874,"href":"https:\/\/covenantarian.org\/u\/wp-json\/wp\/v2\/posts\/872\/revisions\/874"}],"wp:attachment":[{"href":"https:\/\/covenantarian.org\/u\/wp-json\/wp\/v2\/media?parent=872"}],"wp:term":[{"taxonomy":"category","embeddable":true,"href":"https:\/\/covenantarian.org\/u\/wp-json\/wp\/v2\/categories?post=872"},{"taxonomy":"post_tag","embeddable":true,"href":"https:\/\/covenantarian.org\/u\/wp-json\/wp\/v2\/tags?post=872"}],"curies":[{"name":"wp","href":"https:\/\/api.w.org\/{rel}","templated":true}]}}