{"id":977,"date":"2025-03-17T00:33:04","date_gmt":"2025-03-17T00:33:04","guid":{"rendered":"https:\/\/covenantarian.org\/u\/?p=977"},"modified":"2025-03-17T00:33:37","modified_gmt":"2025-03-17T00:33:37","slug":"lecturas-del-convenio-unido-para-el-lunes-17-de-marzo-2025","status":"publish","type":"post","link":"https:\/\/covenantarian.org\/u\/lecturas-del-leccionario\/lecturas-del-convenio-unido-para-el-lunes-17-de-marzo-2025\/","title":{"rendered":"Lecturas del Convenio Unido para el Lunes, 17 de Marzo, 2025"},"content":{"rendered":"<div class=\"entry\">\n<p><span style=\"font-size: 21px; font-family: georgia, palatino; color: #000000;\"><strong>Giliana Kudsha<\/strong><\/span><\/p>\n<p><span style=\"font-family: georgia, palatino; font-size: 21px; color: #000000;\"><b>Aferraos a lo que es Santo<\/b><\/span><\/p>\n<p align=\"LEFT\"><span style=\"font-family: georgia, palatino; font-size: 21px; color: #000000;\">No puedo aprobar los actos injustos hechos en nombre de varias religiones y filosof\u00edas, ya sea el Hinduismo, el Juda\u00edsmo, el Budismo, el Cristianismo, el Islam o cualquier grupo pol\u00edtico. Si una religi\u00f3n trae verdadera paz, iluminaci\u00f3n y benevolencia a la humanidad, entonces dentro de ella hay algo de verdad.<\/span><\/p>\n<p align=\"LEFT\"><span style=\"font-family: georgia, palatino; font-size: 21px; color: #000000;\">Hay violencia en todas las religiones creadas por la humanidad. Yo no os digo que desech\u00e9is vuestra religi\u00f3n a menos que sea una religi\u00f3n que no sea de Dios. No os he dicho que no se os permite leer los textos sagrados de vuestra religi\u00f3n a menos que esos textos no sean verdaderos. Hay verdades en los libros de casi todas las religiones del mundo, pero tambi\u00e9n hay escritos que pueden confundir a los simples. Hay una gran diferencia entre la luz y la oscuridad. Hay textos sagrados que se originaron con Dios y Sus Mensajeros y Profetas, y hay textos que se originaron con la malvada y sus siervos. Tomad lo que es sagrado y alimentaos de sus palabras. Aferraos firmemente a lo que es sagrado. Eliminad de vosotros mismos lo que es malvado.<\/span><\/p>\n<p align=\"LEFT\"><span style=\"font-family: georgia, palatino; font-size: 21px; color: #000000;\">Buscad a Dios y a Su luz; sed caritativos con todos y sed una luz para todos con los que os encontr\u00e9is; al hacerlo as\u00ed ser\u00e9is guiados por la propia mano de Dios. \u00a1Dios es Rey!<\/span><\/p>\n<p>&nbsp;<\/p>\n<p lang=\"es-ES\" align=\"LEFT\"><span style=\"font-family: Georgia, serif;\"><span style=\"font-size: 21px;\"><b>Ense\u00f1anzas de la Luz Cap\u00edtulo 44:<\/b><\/span><\/span><\/p>\n<p lang=\"es-ES\" align=\"LEFT\"><span style=\"font-family: Georgia, serif;\"><span style=\"font-size: 21px;\"><i>La Madre de la Vida<\/i><\/span><\/span><\/p>\n<p lang=\"es-ES\" align=\"LEFT\"><span style=\"font-family: Georgia, serif;\"><span style=\"font-size: 21px;\"><sup>1<\/sup> La Fuente de toda bendici\u00f3n y de todas las oraciones es la Madre de la Vida.<\/span><\/span><\/p>\n<p lang=\"es-ES\" align=\"LEFT\"><span style=\"font-family: Georgia, serif;\"><span style=\"font-size: 21px;\"><sup>2<\/sup> La Madre de la Vida se apresura a proteger a los que est\u00e1n cerca del Padre de la Grandeza.<\/span><\/span><\/p>\n<p lang=\"es-ES\" align=\"LEFT\"><span style=\"font-family: Georgia, serif;\"><span style=\"font-size: 21px;\"><sup>3<\/sup> La humanidad, que camina en el mundo de la oscuridad, est\u00e1 privada de la presencia de la Madre de la Vida porque no busca hacer la Voluntad del Gran Padre y debe buscar el perd\u00f3n a trav\u00e9s del arrepentimiento verdadero y a trav\u00e9s de la intercesi\u00f3n por los Elegidos Intercesores.<\/span><\/span><\/p>\n<p lang=\"es-ES\" align=\"LEFT\">\n<p lang=\"es-ES\" align=\"LEFT\"><span style=\"font-family: Georgia, serif;\"><span style=\"font-size: 21px;\"><strong>El Evangelio del Profeta Mani Cap\u00edtulo 1:<\/strong><\/span><\/span><\/p>\n<p lang=\"es-ES\" align=\"LEFT\"><span style=\"font-family: Georgia, serif;\"><span style=\"font-size: 21px;\"><sup>1<\/sup> Hay dos Fuentes \u2013 Dios y la Materia, la Luz y la oscuridad, el Bien y el mal \u2013 en todos los sentidos totalmente opuestas, porque no comparten nada entre s\u00ed, Dios siendo bueno y no teniendo nada en com\u00fan con el mal. <\/span><\/span><\/p>\n<p lang=\"es-ES\"><span style=\"font-family: Georgia, serif;\"><span style=\"font-size: 21px;\"><sup>2<\/sup> En la antig\u00fcedad no hab\u00eda ni cielos ni tierras \u2013 solo exist\u00edan la Luz y la oscuridad, una separada de la otra.<\/span><\/span><\/p>\n<p lang=\"es-ES\"><span style=\"font-family: Georgia, serif;\"><span style=\"font-size: 21px;\"><sup>3<\/sup> La naturaleza de la Luz es la Sabidur\u00eda, la naturaleza de la oscuridad es la ignorancia; en todos sus movimientos y en todos sus descansos no hay ning\u00fan caso en el que estos dos Principios no est\u00e9n opuestos.<\/span><\/span><\/p>\n<p lang=\"es-ES\"><span style=\"font-family: Georgia, serif;\"><span style=\"font-size: 21px;\"><sup>4<\/sup> Dios sobresale m\u00e1s en el Bien que la Materia en el mal.<\/span><\/span><\/p>\n<p><span style=\"font-family: Georgia, serif;\"><span style=\"font-size: 21px;\"><sup>5<\/sup> Porque aunque la Luz es un \u00c1rbol bueno lleno de buenos frutos, la materia es un \u00e1rbol malvado que da frutos de acuerdo con su ra\u00edz. <\/span><\/span><\/p>\n<p><span style=\"font-family: Georgia, serif;\"><span style=\"font-size: 21px;\"><sup>6<\/sup> Ahora, los frutos de esa ra\u00edz malvada son fornicaciones, adulterios, homicidios, avaricia y todas las acciones malvadas que Dios no ha planeado. <\/span><\/span><\/p>\n<p><span style=\"font-family: Georgia, serif;\"><span style=\"font-size: 21px;\"><sup>7<\/sup> Es como cuando dos reyes est\u00e1n luchando uno contra otro, siendo enemigos desde el principio, y teniendo cada uno su propia propiedad.<\/span><\/span><\/p>\n<p><span style=\"font-family: Georgia, serif;\"><span style=\"font-size: 21px;\"><sup>8<\/sup> Ahora, la Buena Fuente habita en la Regi\u00f3n de la Luz, y Su nombre es el \u201cPadre de la Grandeza\u201d, y Sus Cinco Tabern\u00e1culos habitan con \u00c9l: la Raz\u00f3n, la Mente, la Inteligencia, el Pensamiento, y la Comprensi\u00f3n; y no hay l\u00edmite a la Luz de arriba, ni a la derecha ni a la izquierda.<\/span><\/span><\/p>\n<p><span style=\"font-family: Georgia, serif;\"><span style=\"font-size: 21px;\"><sup>9<\/sup> Y alineados con Dios hay otras Potencias, como siervas, todas buenas: la Brillante y la Luz y la de Arriba \u2013 todas estas est\u00e1n con Dios.<\/span><\/span><\/p>\n<p><span style=\"font-family: Georgia, serif;\"><span style=\"font-size: 21px;\"><sup>10<\/sup> Pero la fuente del mal, llamado el \u201cRey de la Oscuridad\u201d, habita en su tierra oscura, en sus cinco mundos: el Humo y el Fuego y el Viento Caliente y el Agua Peligrosa y la Penumbra; ni tampoco hay l\u00edmite a la oscuridad de abajo, tanto a la derecha como a la izquierda. Y con la Materia est\u00e1n lo Sombr\u00edo y lo Oscuro, y lo de Abajo y otros como ellos, todos malvados.<\/span><\/span><\/p>\n<p>&nbsp;<\/p>\n<p><span style=\"font-family: Georgia, serif;\"><span style=\"font-size: 21px;\"><strong>El Libro de la Verdad, El Interludio en Jerusal\u00e9n, 147:0.1-2:<\/strong><\/span><\/span><\/p>\n<p><span style=\"font-family: Georgia, serif;\"><span style=\"font-size: 21px;\">147:0.1<br \/>\n<span style=\"font-family: Georgia, serif;\"><span style=\"font-size: 21px;\">JES\u00daS y los ap\u00f3stoles llegaron a Capernaum el mi\u00e9rcoles 17 de marzo y pasaron dos semanas en su cuartel general en Betsaida antes de partir para Jerusal\u00e9n. Durante estas dos semanas, los ap\u00f3stoles ense\u00f1aron a la gente en la playa, mientras que Jes\u00fas pas\u00f3 mucho tiempo a solas en las colinas, ocupado en los asuntos de su Padre. En este per\u00edodo Jes\u00fas, acompa\u00f1ado por Santiago y Juan Zebedeo, hizo dos viajes en secreto a Tiberias, para encontrarse con los creyentes e instruirlos en el evangelio del reino.<\/span><\/span><\/span><\/span><\/p>\n<p><span style=\"font-family: Georgia, serif;\"><span style=\"font-size: 21px;\">147:0.2<br \/>\n<span style=\"font-family: Georgia, serif;\"><span style=\"font-size: 21px;\">Muchos de los integrantes de la casa de Herodes cre\u00edan en Jes\u00fas y asist\u00edan a estas reuniones. Fue la influencia de estos creyentes dentro de la familia oficial de Herodes la que contribuy\u00f3 a que la enemistad del gobernador contra Jes\u00fas amainara un tanto. Los creyentes de Tiberias hab\u00edan explicado plenamente a Herodes que el \u00abreino\u00bb proclamado por Jes\u00fas era de naturaleza espiritual y no una aventura pol\u00edtica. Herodes confiaba, hasta cierto punto, en estos miembros de su familia, por esto la diseminaci\u00f3n de los informes sobre las ense\u00f1anzas y curaciones de Jes\u00fas no lo alarm\u00f3 excesivamente. No ten\u00eda objeciones al trabajo de Jes\u00fas como curador o maestro religioso. A pesar de la actitud favorable de muchos de los consejeros de Herodes, y aun de Herodes mismo, hab\u00eda entre sus subordinados un grupo que, estaba tan influenciado por los l\u00edderes religiosos de Jerusal\u00e9n, que alimentaba contra Jes\u00fas y sus ap\u00f3stoles sentimientos amargos y amenazadores, los que m\u00e1s tarde mucho dificultaron sus actividades p\u00fablicas. Los l\u00edderes religiosos de Jerusal\u00e9n representaban para Jes\u00fas un peligro mucho mayor que Herodes. Por esta misma raz\u00f3n, Jes\u00fas y los ap\u00f3stoles pasaron tanto tiempo e hicieron la mayor parte de su predicaci\u00f3n p\u00fablica en Galilea m\u00e1s bien que en Jerusal\u00e9n y en Judea.<\/span><\/span><\/span><\/span><\/p>\n<\/div>\n","protected":false},"excerpt":{"rendered":"<p>Giliana Kudsha Aferraos a lo que es Santo No puedo aprobar los actos injustos hechos en nombre de varias religiones y filosof\u00edas, ya sea el Hinduismo, el Juda\u00edsmo, el Budismo, el Cristianismo, el Islam o cualquier grupo pol\u00edtico. Si una religi\u00f3n trae verdadera paz, iluminaci\u00f3n y benevolencia a la humanidad, entonces dentro de ella hay &#8230;<\/p>\n","protected":false},"author":3,"featured_media":0,"comment_status":"closed","ping_status":"closed","sticky":false,"template":"","format":"standard","meta":{"footnotes":""},"categories":[9],"tags":[11,29,22,13,14,15,16,17,19,18,21,12,24,23,10,30,27,28,20,31,26,25],"class_list":{"0":"post-977","1":"post","2":"type-post","3":"status-publish","4":"format-standard","6":"category-lecturas-del-leccionario","7":"tag-biblia-de-oahspe","8":"tag-calendario","9":"tag-eloi","10":"tag-era-kosmon","11":"tag-fideismo","12":"tag-fideistas","13":"tag-fielismo","14":"tag-fielistas","15":"tag-iglesia-fideista","16":"tag-iglesia-fielista","17":"tag-jehovi","18":"tag-la-biblia-oahspe","19":"tag-lecturas-del-leccionario","20":"tag-lecturas-diarias","21":"tag-oahspe","22":"tag-observancias","23":"tag-pacto-unido","24":"tag-pacto-unido-de-la-luz","25":"tag-religion-de-la-luz","26":"tag-shabbat","27":"tag-yeshua","28":"tag-yoshu","29":"anons"},"_links":{"self":[{"href":"https:\/\/covenantarian.org\/u\/wp-json\/wp\/v2\/posts\/977","targetHints":{"allow":["GET"]}}],"collection":[{"href":"https:\/\/covenantarian.org\/u\/wp-json\/wp\/v2\/posts"}],"about":[{"href":"https:\/\/covenantarian.org\/u\/wp-json\/wp\/v2\/types\/post"}],"author":[{"embeddable":true,"href":"https:\/\/covenantarian.org\/u\/wp-json\/wp\/v2\/users\/3"}],"replies":[{"embeddable":true,"href":"https:\/\/covenantarian.org\/u\/wp-json\/wp\/v2\/comments?post=977"}],"version-history":[{"count":3,"href":"https:\/\/covenantarian.org\/u\/wp-json\/wp\/v2\/posts\/977\/revisions"}],"predecessor-version":[{"id":980,"href":"https:\/\/covenantarian.org\/u\/wp-json\/wp\/v2\/posts\/977\/revisions\/980"}],"wp:attachment":[{"href":"https:\/\/covenantarian.org\/u\/wp-json\/wp\/v2\/media?parent=977"}],"wp:term":[{"taxonomy":"category","embeddable":true,"href":"https:\/\/covenantarian.org\/u\/wp-json\/wp\/v2\/categories?post=977"},{"taxonomy":"post_tag","embeddable":true,"href":"https:\/\/covenantarian.org\/u\/wp-json\/wp\/v2\/tags?post=977"}],"curies":[{"name":"wp","href":"https:\/\/api.w.org\/{rel}","templated":true}]}}