{"id":987,"date":"2025-03-19T21:36:02","date_gmt":"2025-03-19T21:36:02","guid":{"rendered":"https:\/\/covenantarian.org\/u\/?p=987"},"modified":"2025-03-19T21:36:02","modified_gmt":"2025-03-19T21:36:02","slug":"lecturas-del-convenio-unido-para-el-jueves-20-de-marzo-2025","status":"publish","type":"post","link":"https:\/\/covenantarian.org\/u\/lecturas-del-leccionario\/lecturas-del-convenio-unido-para-el-jueves-20-de-marzo-2025\/","title":{"rendered":"Lecturas del Convenio Unido para el Jueves, 20 de Marzo, 2025"},"content":{"rendered":"<div class=\"entry\">\n<p><span style=\"font-size: 21px; font-family: georgia, palatino; color: #000000;\"><strong>Giliana Kudsha <\/strong><\/span><\/p>\n<p><span style=\"font-family: georgia, palatino; font-size: 21px; color: #000000;\"><b>Las Palabras que Hablo<\/b><\/span><\/p>\n<p><span style=\"font-family: georgia, palatino; font-size: 21px; color: #000000;\">Si le\u00e9is, estudi\u00e1is, contempl\u00e1is o escuch\u00e1is Mis palabras con devoci\u00f3n y a diario, vuestros pecados ser\u00e1n eliminados. Las palabras que hablo son del Padre que me las da a M\u00ed para beneficio de Su Remanente.<\/span><\/p>\n<p align=\"JUSTIFY\"><span style=\"font-family: georgia, palatino; font-size: 21px; color: #000000;\">Cuando le\u00e1is o escuch\u00e9is Mis palabras junto con las experiencias de devotos con una actitud seria, Yo estar\u00e9 con vosotros.<\/span><\/p>\n<p align=\"JUSTIFY\">\n<p lang=\"es-ES\" align=\"LEFT\"><span style=\"font-family: Georgia, serif;\"><span style=\"font-size: 21px;\"><b>Ense\u00f1anzas de la Luz Cap\u00edtulo 47:<\/b><\/span><\/span><\/p>\n<p lang=\"es-ES\" align=\"LEFT\"><span style=\"font-family: Georgia, serif;\"><span style=\"font-size: 21px;\"><i>El Juicio y Juzgar a los Dem\u00e1s<\/i><\/span><\/span><\/p>\n<p lang=\"es-ES\" align=\"LEFT\"><span style=\"font-family: Georgia, serif;\"><span style=\"font-size: 21px;\"><sup>1<\/sup> Preparaos para el Juicio. Orad para ser liberados.<\/span><\/span><\/p>\n<p lang=\"es-ES\" align=\"LEFT\"><span style=\"font-family: Georgia, serif;\"><span style=\"font-size: 21px;\"><sup>2<\/sup> Buscad direcci\u00f3n de aquellos que aman la Luz y no la oscuridad.<\/span><\/span><\/p>\n<p lang=\"es-ES\" align=\"LEFT\"><span style=\"font-family: Georgia, serif;\"><span style=\"font-size: 21px;\"><sup>3<\/sup> No os sirv\u00e1is a vosotros mismos; transmitid siempre el amor de Dios a los dem\u00e1s.<\/span><\/span><\/p>\n<p lang=\"es-ES\" align=\"LEFT\"><span style=\"font-family: Georgia, serif;\"><span style=\"font-size: 21px;\"><sup>4<\/sup> \u00bfOs ha nombrado el Padre de la Grandeza como jueces de vuestros hermanos o del mundo? No, en absoluto.<\/span><\/span><\/p>\n<p lang=\"es-ES\" align=\"LEFT\"><span style=\"font-family: Georgia, serif;\"><span style=\"font-size: 21px;\"><sup>5<\/sup> No juzgu\u00e9is no sea que el Esp\u00edritu Viviente os encuentre culpables de haber cometido un gran pecado.<\/span><\/span><\/p>\n<p lang=\"es-ES\" align=\"LEFT\">\n<p lang=\"es-ES\" align=\"LEFT\"><span style=\"font-family: Georgia, serif;\"><span style=\"font-size: 21px;\"><strong>El Libro de la Verdad, El A\u00f1o Treceavo (A\u00f1o 7 d. de J.C.), 124:5.4-6:<\/strong><\/span><\/span><\/p>\n<p lang=\"es-ES\" align=\"LEFT\"><span style=\"font-family: Georgia, serif;\"><span style=\"font-size: 21px;\">124:5.4<\/span><\/span><\/p>\n<p lang=\"es-ES\" align=\"LEFT\"><span style=\"font-family: Georgia, serif;\"><span style=\"font-size: 21px;\">El primer d\u00eda de la semana, el 20 de marzo del a\u00f1o 7 d. de J.C., Jes\u00fas se gradu\u00f3 en la escuela local de la sinagoga de Nazaret. Era un d\u00eda muy importante en la vida de toda familia jud\u00eda ambiciosa, el d\u00eda en que el hijo primog\u00e9nito era nombrado \u00abhijo de los mandamientos\u00bb y el primog\u00e9nito rescatado del Se\u00f1or Dios de Israel un \u00abhijo del Alt\u00edsimo\u00bb y siervo del Se\u00f1or para toda la tierra.<\/span><\/span><\/p>\n<p lang=\"es-ES\" align=\"LEFT\"><span style=\"font-family: Georgia, serif;\"><span style=\"font-size: 21px;\">124:5.5<\/span><\/span><\/p>\n<p lang=\"es-ES\" align=\"LEFT\"><span style=\"font-family: Georgia, serif;\"><span style=\"font-size: 21px;\">El viernes de la semana anterior, Jos\u00e9 hab\u00eda regresado de S\u00e9foris donde estaba trabajando en una nueva obra p\u00fablica, para presenciar esta ocasi\u00f3n feliz. El maestro de Jes\u00fas cre\u00eda firmemente que este alumno alerta y diligente estaba destinado a una carrera distinguida, a una misi\u00f3n importante. Los ancianos, a pesar de los problemas con las tendencias no conformistas de Jes\u00fas, estaban muy orgullosos del muchacho y ya hac\u00edan planes para que pudiera ir a Jerusal\u00e9n y continuar su educaci\u00f3n en las renombradas academias hebreas.<\/span><\/span><\/p>\n<p lang=\"es-ES\" align=\"LEFT\"><span style=\"font-family: Georgia, serif;\"><span style=\"font-size: 21px;\">124:5.6<\/span><\/span><\/p>\n<p lang=\"es-ES\" align=\"LEFT\"><span style=\"font-family: Georgia, serif;\"><span style=\"font-size: 21px;\">Jes\u00fas o\u00eda de vez en cuando las discusiones relativas a estos planes, y se convenc\u00eda cada vez m\u00e1s de que nunca ir\u00eda a Jerusal\u00e9n para estudiar con los rabinos. Pero no pod\u00eda imaginarse la inminente tragedia que le har\u00eda abandonar todos esos planes, pues tendr\u00eda que asumir la responsabilidad de mantener y guiar a su numerosa familia, que en ese momento consist\u00eda en cinco hermanos y tres hermanas adem\u00e1s de \u00e9l y su madre. Jes\u00fas tuvo una experiencia m\u00e1s amplia y prolongada en la crianza de su familia que la que tuvo Jos\u00e9, su padre; y vivi\u00f3 de acuerdo con los principios que subsiguientemente estableciera para s\u00ed mismo: ser un maestro y hermano mayor sabio, paciente, comprensivo y eficaz dentro de esta familia\u2014su familia\u2013 tan repentinamente afligida por el dolor y tan inesperadamente acongojada.<\/span><\/span><\/p>\n<\/div>\n","protected":false},"excerpt":{"rendered":"<p>Giliana Kudsha Las Palabras que Hablo Si le\u00e9is, estudi\u00e1is, contempl\u00e1is o escuch\u00e1is Mis palabras con devoci\u00f3n y a diario, vuestros pecados ser\u00e1n eliminados. Las palabras que hablo son del Padre que me las da a M\u00ed para beneficio de Su Remanente. Cuando le\u00e1is o escuch\u00e9is Mis palabras junto con las experiencias de devotos con una &#8230;<\/p>\n","protected":false},"author":3,"featured_media":0,"comment_status":"closed","ping_status":"closed","sticky":false,"template":"","format":"standard","meta":{"footnotes":""},"categories":[9],"tags":[11,29,22,13,14,15,16,17,19,18,21,12,24,23,10,30,27,28,20,31,26,25],"class_list":{"0":"post-987","1":"post","2":"type-post","3":"status-publish","4":"format-standard","6":"category-lecturas-del-leccionario","7":"tag-biblia-de-oahspe","8":"tag-calendario","9":"tag-eloi","10":"tag-era-kosmon","11":"tag-fideismo","12":"tag-fideistas","13":"tag-fielismo","14":"tag-fielistas","15":"tag-iglesia-fideista","16":"tag-iglesia-fielista","17":"tag-jehovi","18":"tag-la-biblia-oahspe","19":"tag-lecturas-del-leccionario","20":"tag-lecturas-diarias","21":"tag-oahspe","22":"tag-observancias","23":"tag-pacto-unido","24":"tag-pacto-unido-de-la-luz","25":"tag-religion-de-la-luz","26":"tag-shabbat","27":"tag-yeshua","28":"tag-yoshu","29":"anons"},"_links":{"self":[{"href":"https:\/\/covenantarian.org\/u\/wp-json\/wp\/v2\/posts\/987","targetHints":{"allow":["GET"]}}],"collection":[{"href":"https:\/\/covenantarian.org\/u\/wp-json\/wp\/v2\/posts"}],"about":[{"href":"https:\/\/covenantarian.org\/u\/wp-json\/wp\/v2\/types\/post"}],"author":[{"embeddable":true,"href":"https:\/\/covenantarian.org\/u\/wp-json\/wp\/v2\/users\/3"}],"replies":[{"embeddable":true,"href":"https:\/\/covenantarian.org\/u\/wp-json\/wp\/v2\/comments?post=987"}],"version-history":[{"count":1,"href":"https:\/\/covenantarian.org\/u\/wp-json\/wp\/v2\/posts\/987\/revisions"}],"predecessor-version":[{"id":988,"href":"https:\/\/covenantarian.org\/u\/wp-json\/wp\/v2\/posts\/987\/revisions\/988"}],"wp:attachment":[{"href":"https:\/\/covenantarian.org\/u\/wp-json\/wp\/v2\/media?parent=987"}],"wp:term":[{"taxonomy":"category","embeddable":true,"href":"https:\/\/covenantarian.org\/u\/wp-json\/wp\/v2\/categories?post=987"},{"taxonomy":"post_tag","embeddable":true,"href":"https:\/\/covenantarian.org\/u\/wp-json\/wp\/v2\/tags?post=987"}],"curies":[{"name":"wp","href":"https:\/\/api.w.org\/{rel}","templated":true}]}}